{"id":9804,"date":"2019-06-26T00:01:11","date_gmt":"2019-06-26T00:01:11","guid":{"rendered":"https:\/\/www.risk21.com\/ca\/?p=9804"},"modified":"2019-06-25T05:10:51","modified_gmt":"2019-06-25T05:10:51","slug":"vendimia-los-vinedos-la-selva-mar-josep-moscardo","status":"publish","type":"post","link":"https:\/\/www.risk21.com\/ca\/vendimia-los-vinedos-la-selva-mar-josep-moscardo\/","title":{"rendered":"Art&#038;Prevention #7: &#8220;Carretera de la Selva de Mar al Port de la Selva&#8221;"},"content":{"rendered":"<p><strong>ART I RISCOS LABORALS (Divertimento by <a href=\"https:\/\/es.linkedin.com\/in\/oriolbraconsclapes\" target=\"_blank\" rel=\"noopener noreferrer\">Oriol Bracons<\/a>)<\/strong><\/p>\n<p><strong>\u201cCarretera del <a href=\"https:\/\/www.elportdelaselva.cat\/ca\/\" target=\"_blank\" rel=\"noopener noreferrer\">Port de la Selva<\/a> a <a href=\"http:\/\/www.selvamar.cat\/\" target=\"_blank\" rel=\"noopener noreferrer\">La Selva de Mar<\/a>\u201d de <a href=\"http:\/\/www.batlleargimon.com\/cat\/artistes\/index_artistes_2.asp?idi=c&amp;autor=590\" target=\"_blank\" rel=\"noopener noreferrer\">Josep Moscard\u00f3<\/a><\/strong><\/p>\n<p><strong>A\u00f1o: 2.015<\/strong><\/p>\n<p><strong>T\u00e8cnica: Oli sobre tela<\/strong><\/p>\n<p><strong>Estil: Post impressionisme realista.<\/strong><\/p>\n<p><strong>Mesures: 65 x 54 cmts.<\/strong><\/p>\n<p><strong>Es conserva en: Col\u00b7lecci\u00f3 particular &#8211; Barcelona.<\/strong><\/p>\n<p><a href=\"http:\/\/www.batlleargimon.com\/cat\/artistes\/index_artistes_2.asp?idi=c&amp;autor=590\" target=\"_blank\" rel=\"noopener noreferrer\"><strong>Josep Moscard\u00f3.<\/strong><\/a>(Barcelona, 1.953) Pintor, escultor i dibuixant d&#8217;arrelada tradici\u00f3 postimpressionista dins dels m\u00e0xims exponents coloristes del moment: Mir, Amat, Sanvisens&#8230;, que a partir d&#8217;una pinzellada f\u00e0cil, espont\u00e0nia i refinada, retrata sovint marines o paisatges de Catalunya, Balears, Par\u00eds i diversos pa\u00efsos d&#8217;Europa i els EUA. Al costat d&#8217;aquestes escenografies i panor\u00e0miques de considerable magnitud, conre\u00f3 temes d&#8217;interior, escenes de caf\u00e8 i estudis de figura, tem\u00e0tiques en les quals exercitava les seves facultats cal\u00b7ligr\u00e0fiques i una destresa enginyosa pel dibuix. Des de l&#8217;any 1982, comen\u00e7a a experimentar el volum del ferro, aconseguint resultats vitals i originals que vaticinen un acostament potencial cap a aquesta disciplina tridimensional.<\/p>\n<p><a href=\"https:\/\/www.risk21.com\/wp-content\/uploads\/2019\/06\/Quadre-sencer.jpg\"><img loading=\"lazy\" decoding=\"async\" class=\"size-medium wp-image-9783 alignleft\" src=\"https:\/\/www.risk21.com\/wp-content\/uploads\/2019\/06\/Quadre-sencer-300x244.jpg\" alt=\"\" width=\"300\" height=\"244\" srcset=\"https:\/\/www.risk21.com\/wp-content\/uploads\/2019\/06\/Quadre-sencer-300x244.jpg 300w, https:\/\/www.risk21.com\/wp-content\/uploads\/2019\/06\/Quadre-sencer-768x623.jpg 768w, https:\/\/www.risk21.com\/wp-content\/uploads\/2019\/06\/Quadre-sencer-1024x831.jpg 1024w, https:\/\/www.risk21.com\/wp-content\/uploads\/2019\/06\/Quadre-sencer-24x19.jpg 24w, https:\/\/www.risk21.com\/wp-content\/uploads\/2019\/06\/Quadre-sencer-36x29.jpg 36w, https:\/\/www.risk21.com\/wp-content\/uploads\/2019\/06\/Quadre-sencer-48x39.jpg 48w, https:\/\/www.risk21.com\/wp-content\/uploads\/2019\/06\/Quadre-sencer-600x490.jpg 600w, https:\/\/www.risk21.com\/wp-content\/uploads\/2019\/06\/Quadre-sencer.jpg 1041w\" sizes=\"auto, (max-width: 300px) 100vw, 300px\" \/><\/a>El quadre <strong>\u201cCarretera del <a href=\"https:\/\/www.elportdelaselva.cat\/ca\/\" target=\"_blank\" rel=\"noopener noreferrer\">Port de la Selva <\/a>a <a href=\"http:\/\/www.selvamar.cat\/\" target=\"_blank\" rel=\"noopener noreferrer\">La Selva de Mar<\/a>\u201d<\/strong>, representa una paisatge i una escena habitual de la verema en una zona de la Costa Brava tradicionalment molt productora de vi com \u00e9s l&#8217;Alt Empord\u00e0.<\/p>\n<p>En aquest sentit \u00e9s interessant recordar que actualment els vins de la <strong><a href=\"https:\/\/www.doemporda.cat\/es\/inicio.html\" target=\"_blank\" rel=\"noopener noreferrer\">&#8220;D.O. Empord\u00e0&#8221;<\/a><\/strong> estan vivint un ressorgir en qualitat i distribuci\u00f3.<\/p>\n<p>Aquesta obra t\u00e9 una doble pres\u00e8ncia. Representa un bell paisatge de la zona, i a m\u00e9s ens descriu de manera agradable una costumista escena de verema. Com si l&#8217;autor ens volgu\u00e9s recordar que malgrat la pressi\u00f3 tur\u00edstica que solen patir aquest tipus de poblacions, hi ha tradici\u00f3 i activitats molt vinculades a la terra que perviuen i es continuen donant any rere any, immutables a l&#8217;entorn, refor\u00e7ant la personalitat pr\u00f2pia d&#8217;aquest paisatge.<\/p>\n<p>S&#8217;observa al fons una visi\u00f3 general de la poblaci\u00f3 del Port de la Selva (Alt Empord\u00e0) que sorgeix d&#8217;un preci\u00f3s mar de color blau intens, amb la seva caracter\u00edstica silueta blanca perfilada sobre el fons muntanyenc. En primer pla es recrea una buc\u00f2lica escena de verema, que \u00e9s la que ens interessa en aquest <a href=\"https:\/\/www.risk21.com\/ca\/category\/artprevention-ca\/\" target=\"_blank\" rel=\"noopener noreferrer\"><strong>&#8220;Art&amp;Prevention&#8221;<\/strong><\/a>.<\/p>\n<p>Aquesta escena ens mostra a un grup de persones treballant. Algunes d&#8217;elles en posici\u00f3 ajupida recollint ra\u00efm, una altra apilant els ra\u00efms ja tallats i l&#8217;\u00faltima d&#8217;elles, en primer pla, conduint un tractor agr\u00edcola per a transportar la collita veremada o b\u00e9 per a despla\u00e7ar material i eines. Els treballs es desenvolupen en un ambient de certa relaxaci\u00f3 que es reflecteix perfectament en el quadre, a l&#8217;aire lliure sota un sol radiant, i en paral\u00b7lel a la vida que passa per la carretera situada just al costat de la vinya i amb l&#8217;evident pres\u00e8ncia d&#8217;una destinaci\u00f3 tur\u00edstica al fons en el qual, es pot suposar, passa la vida de turista.<\/p>\n<p><a href=\"https:\/\/www.risk21.com\/wp-content\/uploads\/2019\/06\/20190511_074538.jpg\"><img loading=\"lazy\" decoding=\"async\" class=\"wp-image-9797 aligncenter\" src=\"https:\/\/www.risk21.com\/wp-content\/uploads\/2019\/06\/20190511_074538-300x169.jpg\" alt=\"\" width=\"417\" height=\"235\" srcset=\"https:\/\/www.risk21.com\/wp-content\/uploads\/2019\/06\/20190511_074538-300x169.jpg 300w, https:\/\/www.risk21.com\/wp-content\/uploads\/2019\/06\/20190511_074538-768x432.jpg 768w, https:\/\/www.risk21.com\/wp-content\/uploads\/2019\/06\/20190511_074538-1024x576.jpg 1024w, https:\/\/www.risk21.com\/wp-content\/uploads\/2019\/06\/20190511_074538-24x14.jpg 24w, https:\/\/www.risk21.com\/wp-content\/uploads\/2019\/06\/20190511_074538-36x20.jpg 36w, https:\/\/www.risk21.com\/wp-content\/uploads\/2019\/06\/20190511_074538-48x27.jpg 48w\" sizes=\"auto, (max-width: 417px) 100vw, 417px\" \/><\/a><\/p>\n<p><a href=\"https:\/\/www.risk21.com\/wp-content\/uploads\/2019\/06\/20190511_074532-1.jpg\"><img loading=\"lazy\" decoding=\"async\" class=\" wp-image-9793 aligncenter\" src=\"https:\/\/www.risk21.com\/wp-content\/uploads\/2019\/06\/20190511_074532-1-300x169.jpg\" alt=\"\" width=\"415\" height=\"234\" srcset=\"https:\/\/www.risk21.com\/wp-content\/uploads\/2019\/06\/20190511_074532-1-300x169.jpg 300w, https:\/\/www.risk21.com\/wp-content\/uploads\/2019\/06\/20190511_074532-1-768x432.jpg 768w, https:\/\/www.risk21.com\/wp-content\/uploads\/2019\/06\/20190511_074532-1-1024x576.jpg 1024w, https:\/\/www.risk21.com\/wp-content\/uploads\/2019\/06\/20190511_074532-1-24x14.jpg 24w, https:\/\/www.risk21.com\/wp-content\/uploads\/2019\/06\/20190511_074532-1-36x20.jpg 36w, https:\/\/www.risk21.com\/wp-content\/uploads\/2019\/06\/20190511_074532-1-48x27.jpg 48w\" sizes=\"auto, (max-width: 415px) 100vw, 415px\" \/><\/a><\/p>\n<p><a href=\"https:\/\/www.risk21.com\/wp-content\/uploads\/2019\/06\/20190511_074525.jpg\"><img loading=\"lazy\" decoding=\"async\" class=\"wp-image-9795 aligncenter\" src=\"https:\/\/www.risk21.com\/wp-content\/uploads\/2019\/06\/20190511_074525-300x169.jpg\" alt=\"\" width=\"424\" height=\"239\" srcset=\"https:\/\/www.risk21.com\/wp-content\/uploads\/2019\/06\/20190511_074525-300x169.jpg 300w, https:\/\/www.risk21.com\/wp-content\/uploads\/2019\/06\/20190511_074525-768x432.jpg 768w, https:\/\/www.risk21.com\/wp-content\/uploads\/2019\/06\/20190511_074525-1024x576.jpg 1024w, https:\/\/www.risk21.com\/wp-content\/uploads\/2019\/06\/20190511_074525-24x14.jpg 24w, https:\/\/www.risk21.com\/wp-content\/uploads\/2019\/06\/20190511_074525-36x20.jpg 36w, https:\/\/www.risk21.com\/wp-content\/uploads\/2019\/06\/20190511_074525-48x27.jpg 48w\" sizes=\"auto, (max-width: 424px) 100vw, 424px\" \/><\/a><\/p>\n<p>&nbsp;<\/p>\n<p><strong>M\u00e9s informaci\u00f3 i fonts en:<\/strong><\/p>\n<p><strong><a href=\"http:\/\/www.batlleargimon.com\/cat\/artistes\/index_artistes_2.asp?idi=c&amp;autor=590\" target=\"_blank\" rel=\"noopener noreferrer\">&#8220;La Galeria.&#8221; Sant Cugat.<\/a><\/strong><\/p>\n<p><a href=\"https:\/\/www.fundaciovilacasas.com\/es\/obras\/josep-moscardo\" target=\"_blank\" rel=\"noopener noreferrer\"><strong>Fundaci\u00f3 Vila Casas.<\/strong><\/a><\/p>\n<p><a href=\"https:\/\/salapares.com\/ca\/artista\/josep-moscardo\/\" target=\"_blank\" rel=\"noopener noreferrer\"><strong>&#8220;Sala Par\u00e9s&#8221;<\/strong><\/a><\/p>\n<p>&nbsp;<\/p>\n<p><strong>AN\u00c0LISI DE L&#8217;OBRA I ELS SEUS \u201cRISCOS LABORALS\u201d (criteris actuals):<\/strong><\/p>\n<p>Moviments repetitius.<\/p>\n<p>Postures for\u00e7ades.<\/p>\n<p>Manipulaci\u00f3 manual de c\u00e0rregues.<\/p>\n<p>Talls i cops amb eines manuals.<\/p>\n<p>Exposici\u00f3 a radiaci\u00f3 solar excessiva. Cop de calor.<\/p>\n<p>Risc per picades o mossegades d&#8217;animals.<\/p>\n<p>Bolcat de tractor.<\/p>\n<p>Inhalaci\u00f3 de fums procedents del tractor (per al tractorista)<\/p>\n<p>Roba de treball no adeq\u00fcada. Manca d&#8217;Equips de Protecci\u00f3 Individual \u2013 EPI (Guants, gorra o barret, ulleres, cal\u00e7at).<\/p>\n<p>Altres riscos no evidents per\u00f2 previsibles: Horaris de treball, Disconfort t\u00e8rmic, Falta d&#8217;espais per a descans i hidrataci\u00f3, etc&#8230;.<\/p>\n<p>&nbsp;<\/p>\n<h2><a href=\"https:\/\/www.risk21.com\/ca\/category\/artprevention-ca\/\" target=\"_blank\" rel=\"noopener noreferrer\"><strong>Veure tot Art&amp;Prevention<\/strong><\/a><\/h2>\n<p>#Art&amp;Prevention #PRL #riskxxi #arteyprevencion #prevencionable #oriolbraconsclapes #metodoRHS #SmartSafety @riskxxi<\/p>\n<p>&nbsp;<\/p>\n","protected":false},"excerpt":{"rendered":"<p>ART I RISCOS LABORALS (Divertimento by Oriol Bracons) \u201cCarretera del Port de la Selva a La Selva de Mar\u201d de Josep Moscard\u00f3 A\u00f1o: 2.015 T\u00e8cnica: Oli sobre tela Estil: Post impressionisme realista. Mesures: 65 x 54 cmts. Es conserva en: Col\u00b7lecci\u00f3 particular &#8211; Barcelona. Josep Moscard\u00f3.(Barcelona, 1.953) Pintor, escultor i dibuixant d&#8217;arrelada tradici\u00f3 postimpressionista dins<br \/><a href=\"https:\/\/www.risk21.com\/ca\/vendimia-los-vinedos-la-selva-mar-josep-moscardo\/\" class=\"more\">Llegir m\u00e9s<\/a><\/p>\n","protected":false},"author":3,"featured_media":9783,"comment_status":"closed","ping_status":"closed","sticky":false,"template":"","format":"standard","meta":{"footnotes":""},"categories":[278,91],"tags":[344],"class_list":["post-9804","post","type-post","status-publish","format-standard","has-post-thumbnail","hentry","category-artprevention-ca","category-noticies-ca","tag-artprevention-ca"],"yoast_head":"<!-- This site is optimized with the Yoast SEO plugin v25.3.1 - https:\/\/yoast.com\/wordpress\/plugins\/seo\/ -->\n<title>Art&amp;Prevention #7: &quot;Carretera de la Selva de Mar al Port de la Selva&quot; - Risk XXI<\/title>\n<meta name=\"robots\" content=\"index, follow, max-snippet:-1, max-image-preview:large, max-video-preview:-1\" \/>\n<link rel=\"canonical\" href=\"https:\/\/www.risk21.com\/ca\/vendimia-los-vinedos-la-selva-mar-josep-moscardo\/\" \/>\n<meta property=\"og:locale\" content=\"ca_ES\" \/>\n<meta property=\"og:type\" content=\"article\" \/>\n<meta property=\"og:title\" content=\"Art&amp;Prevention #7: &quot;Carretera de la Selva de Mar al Port de la Selva&quot; - Risk XXI\" \/>\n<meta property=\"og:description\" content=\"ART I RISCOS LABORALS (Divertimento by Oriol Bracons) \u201cCarretera del Port de la Selva a La Selva de Mar\u201d de Josep Moscard\u00f3 A\u00f1o: 2.015 T\u00e8cnica: Oli sobre tela Estil: Post impressionisme realista. Mesures: 65 x 54 cmts. Es conserva en: Col\u00b7lecci\u00f3 particular &#8211; Barcelona. Josep Moscard\u00f3.(Barcelona, 1.953) Pintor, escultor i dibuixant d&#8217;arrelada tradici\u00f3 postimpressionista dinsLlegir m\u00e9s\" \/>\n<meta property=\"og:url\" content=\"https:\/\/www.risk21.com\/ca\/vendimia-los-vinedos-la-selva-mar-josep-moscardo\/\" \/>\n<meta property=\"og:site_name\" content=\"Risk XXI\" \/>\n<meta property=\"article:published_time\" content=\"2019-06-26T00:01:11+00:00\" \/>\n<meta property=\"og:image\" content=\"https:\/\/www.risk21.com\/wp-content\/uploads\/2019\/06\/Quadre-sencer.jpg\" \/>\n\t<meta property=\"og:image:width\" content=\"1041\" \/>\n\t<meta property=\"og:image:height\" content=\"845\" \/>\n\t<meta property=\"og:image:type\" content=\"image\/jpeg\" \/>\n<meta name=\"author\" content=\"Risk XXI - Comunicacion\" \/>\n<meta name=\"twitter:card\" content=\"summary_large_image\" \/>\n<meta name=\"twitter:label1\" content=\"Escrit per\" \/>\n\t<meta name=\"twitter:data1\" content=\"Risk XXI - Comunicacion\" \/>\n\t<meta name=\"twitter:label2\" content=\"Temps estimat de lectura\" \/>\n\t<meta name=\"twitter:data2\" content=\"3 minuts\" \/>\n<script type=\"application\/ld+json\" class=\"yoast-schema-graph\">{\"@context\":\"https:\/\/schema.org\",\"@graph\":[{\"@type\":\"WebPage\",\"@id\":\"https:\/\/www.risk21.com\/ca\/vendimia-los-vinedos-la-selva-mar-josep-moscardo\/\",\"url\":\"https:\/\/www.risk21.com\/ca\/vendimia-los-vinedos-la-selva-mar-josep-moscardo\/\",\"name\":\"Art&Prevention #7: \\\"Carretera de la Selva de Mar al Port de la Selva\\\" - Risk XXI\",\"isPartOf\":{\"@id\":\"https:\/\/www.risk21.com\/#website\"},\"primaryImageOfPage\":{\"@id\":\"https:\/\/www.risk21.com\/ca\/vendimia-los-vinedos-la-selva-mar-josep-moscardo\/#primaryimage\"},\"image\":{\"@id\":\"https:\/\/www.risk21.com\/ca\/vendimia-los-vinedos-la-selva-mar-josep-moscardo\/#primaryimage\"},\"thumbnailUrl\":\"https:\/\/www.risk21.com\/wp-content\/uploads\/2019\/06\/Quadre-sencer.jpg\",\"datePublished\":\"2019-06-26T00:01:11+00:00\",\"author\":{\"@id\":\"https:\/\/www.risk21.com\/#\/schema\/person\/541ded27b075c85a124af6989fc72b1d\"},\"breadcrumb\":{\"@id\":\"https:\/\/www.risk21.com\/ca\/vendimia-los-vinedos-la-selva-mar-josep-moscardo\/#breadcrumb\"},\"inLanguage\":\"ca\",\"potentialAction\":[{\"@type\":\"ReadAction\",\"target\":[\"https:\/\/www.risk21.com\/ca\/vendimia-los-vinedos-la-selva-mar-josep-moscardo\/\"]}]},{\"@type\":\"ImageObject\",\"inLanguage\":\"ca\",\"@id\":\"https:\/\/www.risk21.com\/ca\/vendimia-los-vinedos-la-selva-mar-josep-moscardo\/#primaryimage\",\"url\":\"https:\/\/www.risk21.com\/wp-content\/uploads\/2019\/06\/Quadre-sencer.jpg\",\"contentUrl\":\"https:\/\/www.risk21.com\/wp-content\/uploads\/2019\/06\/Quadre-sencer.jpg\",\"width\":1041,\"height\":845},{\"@type\":\"BreadcrumbList\",\"@id\":\"https:\/\/www.risk21.com\/ca\/vendimia-los-vinedos-la-selva-mar-josep-moscardo\/#breadcrumb\",\"itemListElement\":[{\"@type\":\"ListItem\",\"position\":1,\"name\":\"Portada\",\"item\":\"https:\/\/www.risk21.com\/ca\/\"},{\"@type\":\"ListItem\",\"position\":2,\"name\":\"Art&#038;Prevention #7: &#8220;Carretera de la Selva de Mar al Port de la Selva&#8221;\"}]},{\"@type\":\"WebSite\",\"@id\":\"https:\/\/www.risk21.com\/#website\",\"url\":\"https:\/\/www.risk21.com\/\",\"name\":\"Risk XXI\",\"description\":\"Prl &amp; Services\",\"potentialAction\":[{\"@type\":\"SearchAction\",\"target\":{\"@type\":\"EntryPoint\",\"urlTemplate\":\"https:\/\/www.risk21.com\/?s={search_term_string}\"},\"query-input\":{\"@type\":\"PropertyValueSpecification\",\"valueRequired\":true,\"valueName\":\"search_term_string\"}}],\"inLanguage\":\"ca\"},{\"@type\":\"Person\",\"@id\":\"https:\/\/www.risk21.com\/#\/schema\/person\/541ded27b075c85a124af6989fc72b1d\",\"name\":\"Risk XXI - Comunicacion\",\"url\":\"https:\/\/www.risk21.com\/ca\/author\/comunicacion\/\"}]}<\/script>\n<!-- \/ Yoast SEO plugin. -->","yoast_head_json":{"title":"Art&Prevention #7: \"Carretera de la Selva de Mar al Port de la Selva\" - Risk XXI","robots":{"index":"index","follow":"follow","max-snippet":"max-snippet:-1","max-image-preview":"max-image-preview:large","max-video-preview":"max-video-preview:-1"},"canonical":"https:\/\/www.risk21.com\/ca\/vendimia-los-vinedos-la-selva-mar-josep-moscardo\/","og_locale":"ca_ES","og_type":"article","og_title":"Art&Prevention #7: \"Carretera de la Selva de Mar al Port de la Selva\" - Risk XXI","og_description":"ART I RISCOS LABORALS (Divertimento by Oriol Bracons) \u201cCarretera del Port de la Selva a La Selva de Mar\u201d de Josep Moscard\u00f3 A\u00f1o: 2.015 T\u00e8cnica: Oli sobre tela Estil: Post impressionisme realista. Mesures: 65 x 54 cmts. Es conserva en: Col\u00b7lecci\u00f3 particular &#8211; Barcelona. Josep Moscard\u00f3.(Barcelona, 1.953) Pintor, escultor i dibuixant d&#8217;arrelada tradici\u00f3 postimpressionista dinsLlegir m\u00e9s","og_url":"https:\/\/www.risk21.com\/ca\/vendimia-los-vinedos-la-selva-mar-josep-moscardo\/","og_site_name":"Risk XXI","article_published_time":"2019-06-26T00:01:11+00:00","og_image":[{"width":1041,"height":845,"url":"https:\/\/www.risk21.com\/wp-content\/uploads\/2019\/06\/Quadre-sencer.jpg","type":"image\/jpeg"}],"author":"Risk XXI - Comunicacion","twitter_card":"summary_large_image","twitter_misc":{"Escrit per":"Risk XXI - Comunicacion","Temps estimat de lectura":"3 minuts"},"schema":{"@context":"https:\/\/schema.org","@graph":[{"@type":"WebPage","@id":"https:\/\/www.risk21.com\/ca\/vendimia-los-vinedos-la-selva-mar-josep-moscardo\/","url":"https:\/\/www.risk21.com\/ca\/vendimia-los-vinedos-la-selva-mar-josep-moscardo\/","name":"Art&Prevention #7: \"Carretera de la Selva de Mar al Port de la Selva\" - Risk XXI","isPartOf":{"@id":"https:\/\/www.risk21.com\/#website"},"primaryImageOfPage":{"@id":"https:\/\/www.risk21.com\/ca\/vendimia-los-vinedos-la-selva-mar-josep-moscardo\/#primaryimage"},"image":{"@id":"https:\/\/www.risk21.com\/ca\/vendimia-los-vinedos-la-selva-mar-josep-moscardo\/#primaryimage"},"thumbnailUrl":"https:\/\/www.risk21.com\/wp-content\/uploads\/2019\/06\/Quadre-sencer.jpg","datePublished":"2019-06-26T00:01:11+00:00","author":{"@id":"https:\/\/www.risk21.com\/#\/schema\/person\/541ded27b075c85a124af6989fc72b1d"},"breadcrumb":{"@id":"https:\/\/www.risk21.com\/ca\/vendimia-los-vinedos-la-selva-mar-josep-moscardo\/#breadcrumb"},"inLanguage":"ca","potentialAction":[{"@type":"ReadAction","target":["https:\/\/www.risk21.com\/ca\/vendimia-los-vinedos-la-selva-mar-josep-moscardo\/"]}]},{"@type":"ImageObject","inLanguage":"ca","@id":"https:\/\/www.risk21.com\/ca\/vendimia-los-vinedos-la-selva-mar-josep-moscardo\/#primaryimage","url":"https:\/\/www.risk21.com\/wp-content\/uploads\/2019\/06\/Quadre-sencer.jpg","contentUrl":"https:\/\/www.risk21.com\/wp-content\/uploads\/2019\/06\/Quadre-sencer.jpg","width":1041,"height":845},{"@type":"BreadcrumbList","@id":"https:\/\/www.risk21.com\/ca\/vendimia-los-vinedos-la-selva-mar-josep-moscardo\/#breadcrumb","itemListElement":[{"@type":"ListItem","position":1,"name":"Portada","item":"https:\/\/www.risk21.com\/ca\/"},{"@type":"ListItem","position":2,"name":"Art&#038;Prevention #7: &#8220;Carretera de la Selva de Mar al Port de la Selva&#8221;"}]},{"@type":"WebSite","@id":"https:\/\/www.risk21.com\/#website","url":"https:\/\/www.risk21.com\/","name":"Risk XXI","description":"Prl &amp; Services","potentialAction":[{"@type":"SearchAction","target":{"@type":"EntryPoint","urlTemplate":"https:\/\/www.risk21.com\/?s={search_term_string}"},"query-input":{"@type":"PropertyValueSpecification","valueRequired":true,"valueName":"search_term_string"}}],"inLanguage":"ca"},{"@type":"Person","@id":"https:\/\/www.risk21.com\/#\/schema\/person\/541ded27b075c85a124af6989fc72b1d","name":"Risk XXI - Comunicacion","url":"https:\/\/www.risk21.com\/ca\/author\/comunicacion\/"}]}},"_links":{"self":[{"href":"https:\/\/www.risk21.com\/ca\/wp-json\/wp\/v2\/posts\/9804","targetHints":{"allow":["GET"]}}],"collection":[{"href":"https:\/\/www.risk21.com\/ca\/wp-json\/wp\/v2\/posts"}],"about":[{"href":"https:\/\/www.risk21.com\/ca\/wp-json\/wp\/v2\/types\/post"}],"author":[{"embeddable":true,"href":"https:\/\/www.risk21.com\/ca\/wp-json\/wp\/v2\/users\/3"}],"replies":[{"embeddable":true,"href":"https:\/\/www.risk21.com\/ca\/wp-json\/wp\/v2\/comments?post=9804"}],"version-history":[{"count":6,"href":"https:\/\/www.risk21.com\/ca\/wp-json\/wp\/v2\/posts\/9804\/revisions"}],"predecessor-version":[{"id":9815,"href":"https:\/\/www.risk21.com\/ca\/wp-json\/wp\/v2\/posts\/9804\/revisions\/9815"}],"wp:featuredmedia":[{"embeddable":true,"href":"https:\/\/www.risk21.com\/ca\/wp-json\/wp\/v2\/media\/9783"}],"wp:attachment":[{"href":"https:\/\/www.risk21.com\/ca\/wp-json\/wp\/v2\/media?parent=9804"}],"wp:term":[{"taxonomy":"category","embeddable":true,"href":"https:\/\/www.risk21.com\/ca\/wp-json\/wp\/v2\/categories?post=9804"},{"taxonomy":"post_tag","embeddable":true,"href":"https:\/\/www.risk21.com\/ca\/wp-json\/wp\/v2\/tags?post=9804"}],"curies":[{"name":"wp","href":"https:\/\/api.w.org\/{rel}","templated":true}]}}