{"id":9058,"date":"2019-02-20T20:00:30","date_gmt":"2019-02-20T20:00:30","guid":{"rendered":"https:\/\/www.risk21.com\/ca\/?p=9058"},"modified":"2019-02-22T13:55:39","modified_gmt":"2019-02-22T13:55:39","slug":"risk-xxi-prl-services-se-incorpora-mieses-global","status":"publish","type":"post","link":"https:\/\/www.risk21.com\/ca\/risk-xxi-prl-services-se-incorpora-mieses-global\/","title":{"rendered":"RISK XXI\u2013Prl &#038; Services s&#8217;incorpora a &#8220;MIESES GLOBAL&#8221;"},"content":{"rendered":"<p><strong>RISK XXI \u2013 Prl &amp; Services s&#8217;incorpora a MIESES GLOBAL<\/strong><\/p>\n<p><strong><a href=\"http:\/\/www.miesesglobal.org\/\" target=\"_blank\" rel=\"noopener noreferrer\">MIESES GLOBAL<\/a><\/strong> \u00e9s un moviment associatiu privat, sense \u00e0nim de lucre, format per persones i organitzacions compromeses a desenvolupar compet\u00e8ncies per a ajudar a construir <strong><u>empreses saludables, socialment responsables i sostenibles, on les persones siguin el motor del canvi.<\/u><\/strong><\/p>\n<p><a href=\"https:\/\/www.risk21.com\/wp-content\/uploads\/2019\/02\/Mieses-Global_logo.png\"><img loading=\"lazy\" decoding=\"async\" class=\"alignnone wp-image-9047 aligncenter\" src=\"https:\/\/www.risk21.com\/wp-content\/uploads\/2019\/02\/Mieses-Global_logo.png\" alt=\"\" width=\"383\" height=\"117\" srcset=\"https:\/\/www.risk21.com\/wp-content\/uploads\/2019\/02\/Mieses-Global_logo.png 242w, https:\/\/www.risk21.com\/wp-content\/uploads\/2019\/02\/Mieses-Global_logo-24x7.png 24w, https:\/\/www.risk21.com\/wp-content\/uploads\/2019\/02\/Mieses-Global_logo-36x11.png 36w, https:\/\/www.risk21.com\/wp-content\/uploads\/2019\/02\/Mieses-Global_logo-48x15.png 48w\" sizes=\"auto, (max-width: 383px) 100vw, 383px\" \/><\/a><\/p>\n<p>&nbsp;<\/p>\n<p>El Moviment \u201cMieses\u201d sorgeix a iniciativa de persones de diferents \u00e0mbits professionals, unides per valors compartits i amistat, compromeses a treballar conjuntament de manera volunt\u00e0ria i sense afany de lucre, per a ajudar a dignificar el treball i construir organitzacions saludables, sostenibles i competitives, especialment pimes i empreses d&#8217;economia social. Guiats pels\u00a0<a href=\"https:\/\/www.un.org\/sustainabledevelopment\/es\/objetivos-de-desarrollo-sostenible\/\" target=\"_blank\" rel=\"noopener noreferrer\"><strong>ODS\u00a0Objectius de Desenvolupament Sostenible per al 2030<\/strong><\/a>.<\/p>\n<p>Inspirada en els valors<\/p>\n<ul>\n<li>Honestedat i transpar\u00e8ncia, respectant els codis \u00e8tics i principis d&#8217;UN (United Nations).<\/li>\n<li>Ajuda m\u00fatua i generositat, enriquint-nos professionalment i ajudant sense inter\u00e8s lucratiu.<\/li>\n<li>Cooperaci\u00f3 i treball en equip, generant aliances per a aconseguir els nostres objectius i aix\u00ed arribar m\u00e9s lluny. El treball en equip \u00e9s la nostra manera de treballar; junts hem de poder construir un futur millor.<\/li>\n<li>Innovaci\u00f3 i creativitat, desenvolupant el talent perqu\u00e8 les persones i organitzacions aportin el millor de si mateixes, en un proc\u00e9s d&#8217;aprenentatge permanent.<\/li>\n<\/ul>\n<p>L&#8217;associaci\u00f3 est\u00e0 formada per socis, implicats en el seu desenvolupament, els qui d&#8217;acord als seus Estatuts trien la corresponent Junta Rectora. Al seu torn, l&#8217;associaci\u00f3 est\u00e0 composta per membres adherits, que en principi sense compromisos amb aquesta, participen sobre la base de les seves inquietuds i possibilitats. Tant els socis com els membres adherits poden ser persones f\u00edsiques i persones jur\u00eddiques (empreses o altres organitzacions). RISK XXI \u2013 Prl &amp; Services s&#8217;integra com a soci.<\/p>\n<p>Mitjan\u00e7ant aliances s&#8217;estableixen vies de cooperaci\u00f3 i suport mutu amb institucions i entitats de prestigi per a optimitzar esfor\u00e7os i arribar millor als seus destinataris.<\/p>\n<p>Actualment el seu president \u00e9s una persona tant rellevant en el M\u00f3n de la Prevenci\u00f3 de Riscos Laborals com \u00e9s <a href=\"https:\/\/es.linkedin.com\/in\/bestraten-manuel-7a8525b5\" target=\"_blank\" rel=\"noopener noreferrer\"><strong>Manuel Bestrat\u00e9n.<\/strong><\/a><\/p>\n<p>&nbsp;<\/p>\n<p style=\"text-align: left;\"><a href=\"https:\/\/www.risk21.com\/wp-content\/uploads\/2019\/02\/Mieses_esquema.png\"><img loading=\"lazy\" decoding=\"async\" class=\" wp-image-9054 alignright\" src=\"https:\/\/www.risk21.com\/wp-content\/uploads\/2019\/02\/Mieses_esquema-300x239.png\" alt=\"\" width=\"392\" height=\"312\" srcset=\"https:\/\/www.risk21.com\/wp-content\/uploads\/2019\/02\/Mieses_esquema-300x239.png 300w, https:\/\/www.risk21.com\/wp-content\/uploads\/2019\/02\/Mieses_esquema-24x19.png 24w, https:\/\/www.risk21.com\/wp-content\/uploads\/2019\/02\/Mieses_esquema-36x29.png 36w, https:\/\/www.risk21.com\/wp-content\/uploads\/2019\/02\/Mieses_esquema-48x38.png 48w, https:\/\/www.risk21.com\/wp-content\/uploads\/2019\/02\/Mieses_esquema.png 622w\" sizes=\"auto, (max-width: 392px) 100vw, 392px\" \/><\/a><strong>EL MODEL MIESES.<\/strong><\/p>\n<p>L&#8217;Equip Messes promou i desenvolupa un model d&#8217;acci\u00f3 estructurat en 4 P\u2019s, i mitjan\u00e7ant grups de treball desenvolupa les mat\u00e8ries d&#8217;especial inter\u00e8s de cadascuna d&#8217;elles:<\/p>\n<p><strong>LES PERSONES (Persons)<\/strong>, en el cor dels sistemes, dins d&#8217;una Nova Cultura Empresarial fonamentada en valors i actuant sota principis d&#8217;Excel\u00b7l\u00e8ncia.<\/p>\n<p><strong>LA SALUT LABORAL I LES CONDICIONS DE TREBALL (Psychosocial, ergonomic, hygiene and safety conditions)<\/strong>, perqu\u00e8 l&#8217;atenci\u00f3 a les persones i a les seves condicions de treball siguin determinants de la Productivitat, la Qualitat i la Innovaci\u00f3 amb les quals construir Excel\u00b7l\u00e8ncia i Sostenibilitat empresarial.<\/p>\n<p><strong>LA SALUT AMBIENTAL I LA SOSTENIBILITAT (Planet)<\/strong>, per a controlar degudament els factors ambientals de risc que afecten tant persones com al medi ambient, amb especial atenci\u00f3 als agents qu\u00edmics, el canvi clim\u00e0tic i la mobilitat.<\/p>\n<p><strong>LA RENDIBILITAT SOCIOECON\u00d2MICA DE LES ACCIONS (Profit)<\/strong>, per a ser capaces, amb nous models d&#8217;avaluaci\u00f3 del cost-benefici tant dels actius tangibles com els intangibles, de mesurar el valor generat per les accions empreses. Amb aix\u00f2, haur\u00e0 de poder-se demostrar en tot moment el benefici generat per a continuar estimulant els processos de canvi.<\/p>\n<p>M\u00c9S INFORMACI\u00d3: <strong><a href=\"http:\/\/www.miesesglobal.org\/\" target=\"_blank\" rel=\"noopener noreferrer\">www.miesesglobal.org\u00a0<\/a>\u00a0<\/strong><\/p>\n<p>&nbsp;<\/p>\n","protected":false},"excerpt":{"rendered":"<p>RISK XXI \u2013 Prl &amp; Services s&#8217;incorpora a MIESES GLOBAL MIESES GLOBAL \u00e9s un moviment associatiu privat, sense \u00e0nim de lucre, format per persones i organitzacions compromeses a desenvolupar compet\u00e8ncies per a ajudar a construir empreses saludables, socialment responsables i sostenibles, on les persones siguin el motor del canvi. &nbsp; El Moviment \u201cMieses\u201d sorgeix a<br \/><a href=\"https:\/\/www.risk21.com\/ca\/risk-xxi-prl-services-se-incorpora-mieses-global\/\" class=\"more\">Llegir m\u00e9s<\/a><\/p>\n","protected":false},"author":3,"featured_media":9186,"comment_status":"closed","ping_status":"closed","sticky":false,"template":"","format":"standard","meta":{"footnotes":""},"categories":[91],"tags":[327],"class_list":["post-9058","post","type-post","status-publish","format-standard","has-post-thumbnail","hentry","category-noticies-ca","tag-risk-xxi-prlservices-ca"],"yoast_head":"<!-- This site is optimized with the Yoast SEO plugin v25.3.1 - https:\/\/yoast.com\/wordpress\/plugins\/seo\/ -->\n<title>RISK XXI\u2013Prl &amp; Services s&#039;incorpora a &quot;MIESES GLOBAL&quot; - Risk XXI<\/title>\n<meta name=\"robots\" content=\"index, follow, max-snippet:-1, max-image-preview:large, max-video-preview:-1\" \/>\n<link rel=\"canonical\" href=\"https:\/\/www.risk21.com\/ca\/risk-xxi-prl-services-se-incorpora-mieses-global\/\" \/>\n<meta property=\"og:locale\" content=\"ca_ES\" \/>\n<meta property=\"og:type\" content=\"article\" \/>\n<meta property=\"og:title\" content=\"RISK XXI\u2013Prl &amp; Services s&#039;incorpora a &quot;MIESES GLOBAL&quot; - Risk XXI\" \/>\n<meta property=\"og:description\" content=\"RISK XXI \u2013 Prl &amp; Services s&#8217;incorpora a MIESES GLOBAL MIESES GLOBAL \u00e9s un moviment associatiu privat, sense \u00e0nim de lucre, format per persones i organitzacions compromeses a desenvolupar compet\u00e8ncies per a ajudar a construir empreses saludables, socialment responsables i sostenibles, on les persones siguin el motor del canvi. &nbsp; El Moviment \u201cMieses\u201d sorgeix aLlegir m\u00e9s\" \/>\n<meta property=\"og:url\" content=\"https:\/\/www.risk21.com\/ca\/risk-xxi-prl-services-se-incorpora-mieses-global\/\" \/>\n<meta property=\"og:site_name\" content=\"Risk XXI\" \/>\n<meta property=\"article:published_time\" content=\"2019-02-20T20:00:30+00:00\" \/>\n<meta property=\"article:modified_time\" content=\"2019-02-22T13:55:39+00:00\" \/>\n<meta property=\"og:image\" content=\"https:\/\/www.risk21.com\/wp-content\/uploads\/2019\/02\/Mieses-Global-logo-recortado.jpg\" \/>\n\t<meta property=\"og:image:width\" content=\"386\" \/>\n\t<meta property=\"og:image:height\" content=\"208\" \/>\n\t<meta property=\"og:image:type\" content=\"image\/jpeg\" \/>\n<meta name=\"author\" content=\"Risk XXI - Comunicacion\" \/>\n<meta name=\"twitter:card\" content=\"summary_large_image\" \/>\n<meta name=\"twitter:label1\" content=\"Escrit per\" \/>\n\t<meta name=\"twitter:data1\" content=\"Risk XXI - Comunicacion\" \/>\n\t<meta name=\"twitter:label2\" content=\"Temps estimat de lectura\" \/>\n\t<meta name=\"twitter:data2\" content=\"3 minuts\" \/>\n<script type=\"application\/ld+json\" class=\"yoast-schema-graph\">{\"@context\":\"https:\/\/schema.org\",\"@graph\":[{\"@type\":\"WebPage\",\"@id\":\"https:\/\/www.risk21.com\/ca\/risk-xxi-prl-services-se-incorpora-mieses-global\/\",\"url\":\"https:\/\/www.risk21.com\/ca\/risk-xxi-prl-services-se-incorpora-mieses-global\/\",\"name\":\"RISK XXI\u2013Prl & Services s'incorpora a \\\"MIESES GLOBAL\\\" - Risk XXI\",\"isPartOf\":{\"@id\":\"https:\/\/www.risk21.com\/#website\"},\"primaryImageOfPage\":{\"@id\":\"https:\/\/www.risk21.com\/ca\/risk-xxi-prl-services-se-incorpora-mieses-global\/#primaryimage\"},\"image\":{\"@id\":\"https:\/\/www.risk21.com\/ca\/risk-xxi-prl-services-se-incorpora-mieses-global\/#primaryimage\"},\"thumbnailUrl\":\"https:\/\/www.risk21.com\/wp-content\/uploads\/2019\/02\/Mieses-Global-logo-recortado.jpg\",\"datePublished\":\"2019-02-20T20:00:30+00:00\",\"dateModified\":\"2019-02-22T13:55:39+00:00\",\"author\":{\"@id\":\"https:\/\/www.risk21.com\/#\/schema\/person\/541ded27b075c85a124af6989fc72b1d\"},\"breadcrumb\":{\"@id\":\"https:\/\/www.risk21.com\/ca\/risk-xxi-prl-services-se-incorpora-mieses-global\/#breadcrumb\"},\"inLanguage\":\"ca\",\"potentialAction\":[{\"@type\":\"ReadAction\",\"target\":[\"https:\/\/www.risk21.com\/ca\/risk-xxi-prl-services-se-incorpora-mieses-global\/\"]}]},{\"@type\":\"ImageObject\",\"inLanguage\":\"ca\",\"@id\":\"https:\/\/www.risk21.com\/ca\/risk-xxi-prl-services-se-incorpora-mieses-global\/#primaryimage\",\"url\":\"https:\/\/www.risk21.com\/wp-content\/uploads\/2019\/02\/Mieses-Global-logo-recortado.jpg\",\"contentUrl\":\"https:\/\/www.risk21.com\/wp-content\/uploads\/2019\/02\/Mieses-Global-logo-recortado.jpg\",\"width\":386,\"height\":208},{\"@type\":\"BreadcrumbList\",\"@id\":\"https:\/\/www.risk21.com\/ca\/risk-xxi-prl-services-se-incorpora-mieses-global\/#breadcrumb\",\"itemListElement\":[{\"@type\":\"ListItem\",\"position\":1,\"name\":\"Portada\",\"item\":\"https:\/\/www.risk21.com\/ca\/\"},{\"@type\":\"ListItem\",\"position\":2,\"name\":\"RISK XXI\u2013Prl &#038; Services s&#8217;incorpora a &#8220;MIESES GLOBAL&#8221;\"}]},{\"@type\":\"WebSite\",\"@id\":\"https:\/\/www.risk21.com\/#website\",\"url\":\"https:\/\/www.risk21.com\/\",\"name\":\"Risk XXI\",\"description\":\"Prl &amp; Services\",\"potentialAction\":[{\"@type\":\"SearchAction\",\"target\":{\"@type\":\"EntryPoint\",\"urlTemplate\":\"https:\/\/www.risk21.com\/?s={search_term_string}\"},\"query-input\":{\"@type\":\"PropertyValueSpecification\",\"valueRequired\":true,\"valueName\":\"search_term_string\"}}],\"inLanguage\":\"ca\"},{\"@type\":\"Person\",\"@id\":\"https:\/\/www.risk21.com\/#\/schema\/person\/541ded27b075c85a124af6989fc72b1d\",\"name\":\"Risk XXI - Comunicacion\",\"url\":\"https:\/\/www.risk21.com\/ca\/author\/comunicacion\/\"}]}<\/script>\n<!-- \/ Yoast SEO plugin. -->","yoast_head_json":{"title":"RISK XXI\u2013Prl & Services s'incorpora a \"MIESES GLOBAL\" - Risk XXI","robots":{"index":"index","follow":"follow","max-snippet":"max-snippet:-1","max-image-preview":"max-image-preview:large","max-video-preview":"max-video-preview:-1"},"canonical":"https:\/\/www.risk21.com\/ca\/risk-xxi-prl-services-se-incorpora-mieses-global\/","og_locale":"ca_ES","og_type":"article","og_title":"RISK XXI\u2013Prl & Services s'incorpora a \"MIESES GLOBAL\" - Risk XXI","og_description":"RISK XXI \u2013 Prl &amp; Services s&#8217;incorpora a MIESES GLOBAL MIESES GLOBAL \u00e9s un moviment associatiu privat, sense \u00e0nim de lucre, format per persones i organitzacions compromeses a desenvolupar compet\u00e8ncies per a ajudar a construir empreses saludables, socialment responsables i sostenibles, on les persones siguin el motor del canvi. &nbsp; El Moviment \u201cMieses\u201d sorgeix aLlegir m\u00e9s","og_url":"https:\/\/www.risk21.com\/ca\/risk-xxi-prl-services-se-incorpora-mieses-global\/","og_site_name":"Risk XXI","article_published_time":"2019-02-20T20:00:30+00:00","article_modified_time":"2019-02-22T13:55:39+00:00","og_image":[{"width":386,"height":208,"url":"https:\/\/www.risk21.com\/wp-content\/uploads\/2019\/02\/Mieses-Global-logo-recortado.jpg","type":"image\/jpeg"}],"author":"Risk XXI - Comunicacion","twitter_card":"summary_large_image","twitter_misc":{"Escrit per":"Risk XXI - Comunicacion","Temps estimat de lectura":"3 minuts"},"schema":{"@context":"https:\/\/schema.org","@graph":[{"@type":"WebPage","@id":"https:\/\/www.risk21.com\/ca\/risk-xxi-prl-services-se-incorpora-mieses-global\/","url":"https:\/\/www.risk21.com\/ca\/risk-xxi-prl-services-se-incorpora-mieses-global\/","name":"RISK XXI\u2013Prl & Services s'incorpora a \"MIESES GLOBAL\" - Risk XXI","isPartOf":{"@id":"https:\/\/www.risk21.com\/#website"},"primaryImageOfPage":{"@id":"https:\/\/www.risk21.com\/ca\/risk-xxi-prl-services-se-incorpora-mieses-global\/#primaryimage"},"image":{"@id":"https:\/\/www.risk21.com\/ca\/risk-xxi-prl-services-se-incorpora-mieses-global\/#primaryimage"},"thumbnailUrl":"https:\/\/www.risk21.com\/wp-content\/uploads\/2019\/02\/Mieses-Global-logo-recortado.jpg","datePublished":"2019-02-20T20:00:30+00:00","dateModified":"2019-02-22T13:55:39+00:00","author":{"@id":"https:\/\/www.risk21.com\/#\/schema\/person\/541ded27b075c85a124af6989fc72b1d"},"breadcrumb":{"@id":"https:\/\/www.risk21.com\/ca\/risk-xxi-prl-services-se-incorpora-mieses-global\/#breadcrumb"},"inLanguage":"ca","potentialAction":[{"@type":"ReadAction","target":["https:\/\/www.risk21.com\/ca\/risk-xxi-prl-services-se-incorpora-mieses-global\/"]}]},{"@type":"ImageObject","inLanguage":"ca","@id":"https:\/\/www.risk21.com\/ca\/risk-xxi-prl-services-se-incorpora-mieses-global\/#primaryimage","url":"https:\/\/www.risk21.com\/wp-content\/uploads\/2019\/02\/Mieses-Global-logo-recortado.jpg","contentUrl":"https:\/\/www.risk21.com\/wp-content\/uploads\/2019\/02\/Mieses-Global-logo-recortado.jpg","width":386,"height":208},{"@type":"BreadcrumbList","@id":"https:\/\/www.risk21.com\/ca\/risk-xxi-prl-services-se-incorpora-mieses-global\/#breadcrumb","itemListElement":[{"@type":"ListItem","position":1,"name":"Portada","item":"https:\/\/www.risk21.com\/ca\/"},{"@type":"ListItem","position":2,"name":"RISK XXI\u2013Prl &#038; Services s&#8217;incorpora a &#8220;MIESES GLOBAL&#8221;"}]},{"@type":"WebSite","@id":"https:\/\/www.risk21.com\/#website","url":"https:\/\/www.risk21.com\/","name":"Risk XXI","description":"Prl &amp; Services","potentialAction":[{"@type":"SearchAction","target":{"@type":"EntryPoint","urlTemplate":"https:\/\/www.risk21.com\/?s={search_term_string}"},"query-input":{"@type":"PropertyValueSpecification","valueRequired":true,"valueName":"search_term_string"}}],"inLanguage":"ca"},{"@type":"Person","@id":"https:\/\/www.risk21.com\/#\/schema\/person\/541ded27b075c85a124af6989fc72b1d","name":"Risk XXI - Comunicacion","url":"https:\/\/www.risk21.com\/ca\/author\/comunicacion\/"}]}},"_links":{"self":[{"href":"https:\/\/www.risk21.com\/ca\/wp-json\/wp\/v2\/posts\/9058","targetHints":{"allow":["GET"]}}],"collection":[{"href":"https:\/\/www.risk21.com\/ca\/wp-json\/wp\/v2\/posts"}],"about":[{"href":"https:\/\/www.risk21.com\/ca\/wp-json\/wp\/v2\/types\/post"}],"author":[{"embeddable":true,"href":"https:\/\/www.risk21.com\/ca\/wp-json\/wp\/v2\/users\/3"}],"replies":[{"embeddable":true,"href":"https:\/\/www.risk21.com\/ca\/wp-json\/wp\/v2\/comments?post=9058"}],"version-history":[{"count":6,"href":"https:\/\/www.risk21.com\/ca\/wp-json\/wp\/v2\/posts\/9058\/revisions"}],"predecessor-version":[{"id":9121,"href":"https:\/\/www.risk21.com\/ca\/wp-json\/wp\/v2\/posts\/9058\/revisions\/9121"}],"wp:featuredmedia":[{"embeddable":true,"href":"https:\/\/www.risk21.com\/ca\/wp-json\/wp\/v2\/media\/9186"}],"wp:attachment":[{"href":"https:\/\/www.risk21.com\/ca\/wp-json\/wp\/v2\/media?parent=9058"}],"wp:term":[{"taxonomy":"category","embeddable":true,"href":"https:\/\/www.risk21.com\/ca\/wp-json\/wp\/v2\/categories?post=9058"},{"taxonomy":"post_tag","embeddable":true,"href":"https:\/\/www.risk21.com\/ca\/wp-json\/wp\/v2\/tags?post=9058"}],"curies":[{"name":"wp","href":"https:\/\/api.w.org\/{rel}","templated":true}]}}