{"id":8832,"date":"2019-02-08T00:01:02","date_gmt":"2019-02-08T00:01:02","guid":{"rendered":"https:\/\/www.risk21.com\/ca\/?p=8832"},"modified":"2019-02-06T10:24:13","modified_gmt":"2019-02-06T10:24:13","slug":"la-curva-del-olvido-formacion-prl-reduccion-siniestralidad","status":"publish","type":"post","link":"https:\/\/www.risk21.com\/ca\/la-curva-del-olvido-formacion-prl-reduccion-siniestralidad\/","title":{"rendered":"La corba de l&#8217;oblit\u2026. formaci\u00f3 en PRL i reducci\u00f3 de sinistralitat."},"content":{"rendered":"<h3>La corba de l&#8217;oblit\u2026. formaci\u00f3 en\u00a0PRL\u00a0i reducci\u00f3 de sinistralitat.<\/h3>\n<p>Quan parlem de formaci\u00f3 en Prevenci\u00f3 de Riscos laborals ens trobem davant la necessitat que aquesta formaci\u00f3 sigui efectiva, que permeti modificar comportaments i aconsegueixi transmetre les bones pr\u00e0ctiques que han de fer un treball m\u00e9s segur i confortable.<\/p>\n<p>Els que treballem en formaci\u00f3 de riscos laborals tenim sovint dubtes sobre que aix\u00f2 sigui aix\u00ed.<\/p>\n<blockquote><p><em>Per a aconseguir una formaci\u00f3 eficient, s&#8217;ha d&#8217;impartir de manera impactant, amena, adaptatda a la realitat i s&#8217;ha d&#8217;anar repetint amb certa freq\u00fc\u00e8ncia.<\/em><\/p><\/blockquote>\n<p>I precisament d&#8217;aix\u00f2 volem parlar en aquest article, de la import\u00e0ncia de la reiteraci\u00f3 dels missatges que volem transmetre perqu\u00e8 aquests siguin assimilats pels seus destinataris. De la freq\u00fc\u00e8ncia amb la qual hem de reiterar un missatge si desitgem aconseguir que arribi al seu destinatari i que sigui assumit per ell.<\/p>\n<p>En relaci\u00f3 a aix\u00f2 ve a col\u00b7laci\u00f3 la teoria de la <a href=\"https:\/\/es.wikipedia.org\/wiki\/Curva_del_olvido\" target=\"_blank\" rel=\"noopener noreferrer\"><strong>\u201cCORBA DE L&#8217;OBLIT\u201d<\/strong><\/a>, formulada a mitjan S XIX per <strong><a href=\"https:\/\/ca.wikipedia.org\/wiki\/Hermann_Ebbinghaus\" target=\"_blank\" rel=\"noopener noreferrer\">Hermann\u00a0Ebbinghaus<\/a>.<\/strong><\/p>\n<h3><strong>\u00a0 \u00a0 \u00a0<\/strong><strong>\u00a0<a href=\"https:\/\/www.risk21.com\/wp-content\/uploads\/2019\/02\/curva-de-olvido-erman-ebinghauss-texto.png\"><img loading=\"lazy\" decoding=\"async\" class=\"wp-image-8812 aligncenter\" src=\"https:\/\/www.risk21.com\/wp-content\/uploads\/2019\/02\/curva-de-olvido-erman-ebinghauss-texto-300x130.png\" alt=\"\" width=\"563\" height=\"244\" srcset=\"https:\/\/www.risk21.com\/wp-content\/uploads\/2019\/02\/curva-de-olvido-erman-ebinghauss-texto-300x130.png 300w, https:\/\/www.risk21.com\/wp-content\/uploads\/2019\/02\/curva-de-olvido-erman-ebinghauss-texto-768x332.png 768w, https:\/\/www.risk21.com\/wp-content\/uploads\/2019\/02\/curva-de-olvido-erman-ebinghauss-texto-24x10.png 24w, https:\/\/www.risk21.com\/wp-content\/uploads\/2019\/02\/curva-de-olvido-erman-ebinghauss-texto-36x16.png 36w, https:\/\/www.risk21.com\/wp-content\/uploads\/2019\/02\/curva-de-olvido-erman-ebinghauss-texto-48x21.png 48w, https:\/\/www.risk21.com\/wp-content\/uploads\/2019\/02\/curva-de-olvido-erman-ebinghauss-texto.png 1009w\" sizes=\"auto, (max-width: 563px) 100vw, 563px\" \/><\/a><\/strong><\/h3>\n<p><strong>Les causes m\u00e9s freq\u00fcents d&#8217;accidents en el treball 2018<\/strong><\/p>\n<p>Segons l&#8217;avan\u00e7 del Ministeri del Treball, Migracions i Seguretat Social, en 2018, la causa m\u00e9s freq\u00fcent d&#8217;accidents en el treball a Espanya ha estat el sobreesfor\u00e7 f\u00edsic sobre el sistema\u00a0musculo\u00a0esquel\u00e8tic. Un de cada tres accidents laborals amb baixa s\u00f3n deguts a aquests sobreesfor\u00e7os.<\/p>\n<p>Repetir el mateix moviment una vegada i una altra de forma inadequada o carregar pesos en una mala postura s\u00f3n algunes causes de lesions musculars que provoquen baixes que, generalment, s\u00f3n de llarga durada.<\/p>\n<blockquote><p><em><strong>Com reduir la incid\u00e8ncia d&#8217;aquestes lesions?\u00a0<\/strong><\/em><em>La forma m\u00e9s efica\u00e7 de reduir aquestes incid\u00e8ncies \u00e9s l&#8217;adequada formaci\u00f3 dels treballadors, una formaci\u00f3 que realment doni resposta a les caracter\u00edstiques particulars del lloc i la seva interacci\u00f3 amb la resta del centre de treball.<\/em><\/p><\/blockquote>\n<p><strong>La formaci\u00f3 un aspecte cr\u00edtic per a disminuir la sinistralitat<\/strong><\/p>\n<p>La formaci\u00f3 \u00e9s fonamental dins de la planificaci\u00f3 de la Prevenci\u00f3. Per aquesta ra\u00f3, la Llei de Prevenci\u00f3 de Riscos Laborals li dedica per complet el seu article 19, en el primer par\u00e0graf del qual estableix que l&#8217;empresari haur\u00e0 de garantir que cada treballador rebi una formaci\u00f3 te\u00f2rica i pr\u00e0ctica, suficient i adequada, en mat\u00e8ria preventiva, tant en el moment de la seva contractaci\u00f3, qualsevol que sigui la modalitat o durada d&#8217;aquesta, com quan es produeixin canvis en les funcions que exerceixi o s&#8217;introdueixin noves tecnologies o canvis en els equips de treball.<\/p>\n<p>D&#8217;altra banda, la Llei d&#8217;Infraccions i Sancions de l&#8217;Ordre Social configura com a falta greu (article 12.8) per incompliment de les obligacions en mat\u00e8ria de formaci\u00f3 i informaci\u00f3 suficient i adequada als treballadors sobre els riscos del lloc de treball susceptibles de provocar danys per a la seguretat i salut i sobre les mesures preventives aplicables.<\/p>\n<p><strong>\u00a0<\/strong><strong>La formaci\u00f3 m\u00e9s enll\u00e0 de la legalitat<\/strong><\/p>\n<p>La formaci\u00f3 perqu\u00e8 sigui efica\u00e7 ha d&#8217;entendre&#8217;s com un aprenentatge basat en els valors de seguretat i que es vinculin a la salut. La cultura de la prevenci\u00f3 de riscos es fonamenta en el comprom\u00eds i la participaci\u00f3; pot resultar estrany parlar de cultura de la prevenci\u00f3 com una novetat. Fa ja m\u00e9s de 10 anys que existeix al nostre pa\u00eds un marc legal que presenta la cultura de la prevenci\u00f3, com un eix, l&#8217;objectiu i el mitj\u00e0 fonamental per a aconseguir una millora efectiva de les condicions de treball. Existeixen diferents enfocaments per a abordar la prevenci\u00f3 i cadascun d&#8217;ells pot resultar \u00fatil d&#8217;alguna manera.<\/p>\n<p>Nosaltres volem posar l&#8217;accent en un aspecte que, fins ara, no se li ha donat molta import\u00e0ncia. La formaci\u00f3 adequada tant al lloc de treball com a la vida laboral del treballador.<\/p>\n<blockquote><p><em>A la majoria d&#8217;empreses la formaci\u00f3 es fa de forma puntual i nom\u00e9s es torna a realitzar en cas que el treballador canvi\u00ef de lloc de treball i s&#8217;hagin canviat les caracter\u00edstiques d&#8217;aquest.<\/em><\/p><\/blockquote>\n<p>L&#8217;empresari est\u00e0 conven\u00e7ut que les seves obligacions ja estan cobertes i que el seu treballador desenvolupar\u00e0 les seves tasques de forma segura, seguint les pautes explicades en la seva formaci\u00f3.<\/p>\n<p>No obstant aix\u00f2, tal com hem vist, la sinistralitat no disminueix, incrementant-se els accidents amb una forta depend\u00e8ncia de l&#8217;actuaci\u00f3 del treballador.<\/p>\n<p><strong>Per qu\u00e8 un treballador actua de forma insegura?<\/strong><\/p>\n<p>Encara que la formaci\u00f3 hagi estat en el seu moment efectiva, adaptada al lloc de treball i realitzada amb els mitjans adequats, els coneixements es van diluint en el temps, els mals h\u00e0bits apareixen de nou i la probabilitat d&#8217;accident augmenta.<\/p>\n<p><strong>La corba de l&#8217;oblit en la formaci\u00f3 o com el coneixement es dilueix en el temps<\/strong><\/p>\n<p>Volem parlar d&#8217;un concepte que influeix de forma decisiva en l&#8217;efic\u00e0cia de la formaci\u00f3 i, per tant, t\u00e9 un impacte directe en la millora de les condicions de treball i la reducci\u00f3 de la sinistralitat de forma sostenible.<\/p>\n<p>L&#8217;aprenentatge i la memoritzaci\u00f3 d&#8217;una nova informaci\u00f3 s\u00f3n processos que poden ser avorrits. Quan finalment memoritzem la informaci\u00f3 no significa que ja ho memoritzem per a tota la vida, sin\u00f3 que el cervell t\u00e9 la tend\u00e8ncia a esborrar de forma efica\u00e7 el que aprenem. Aqu\u00ed entra la import\u00e0ncia de la corba de l&#8217;oblit.<\/p>\n<p><strong>Com funciona la nostra mem\u00f2ria?<\/strong><\/p>\n<p>El que aprenem es desapr\u00e8n r\u00e0pidament. De fet, comen\u00e7a a desintegrar-se a les poques hores, com es pot observar en el gr\u00e0fic.<\/p>\n<p style=\"text-align: center;\"><u>Corba de l&#8217;oblit d&#8217;<\/u><u>Ebbinghaus<\/u><\/p>\n<p><img loading=\"lazy\" decoding=\"async\" class=\"wp-image-8746 aligncenter\" src=\"https:\/\/www.risk21.com\/wp-content\/uploads\/2019\/02\/ebbinghaus-forgetting-curve-300x169.jpg\" alt=\"\" width=\"577\" height=\"325\" srcset=\"https:\/\/www.risk21.com\/wp-content\/uploads\/2019\/02\/ebbinghaus-forgetting-curve-300x169.jpg 300w, https:\/\/www.risk21.com\/wp-content\/uploads\/2019\/02\/ebbinghaus-forgetting-curve-24x14.jpg 24w, https:\/\/www.risk21.com\/wp-content\/uploads\/2019\/02\/ebbinghaus-forgetting-curve-36x20.jpg 36w, https:\/\/www.risk21.com\/wp-content\/uploads\/2019\/02\/ebbinghaus-forgetting-curve-48x27.jpg 48w, https:\/\/www.risk21.com\/wp-content\/uploads\/2019\/02\/ebbinghaus-forgetting-curve.jpg 496w\" sizes=\"auto, (max-width: 577px) 100vw, 577px\" \/><\/p>\n<p>Poques hores despr\u00e9s d&#8217;haver assistit a un curs ja solament recordem un 50% del seu contingut. L&#8217;endem\u00e0 passat no recordem pr\u00e0cticament res\u2026 Aquest fenomen es denomina corba de l&#8217;oblit.<\/p>\n<p>La corba de l&#8217;oblit es pot aproximar a una funci\u00f3<\/p>\n<p><em><a href=\"https:\/\/www.risk21.com\/wp-content\/uploads\/2019\/02\/curva-de-olvido-f\u00f3rmula.png\"><img loading=\"lazy\" decoding=\"async\" class=\"alignnone size-full wp-image-8807\" src=\"https:\/\/www.risk21.com\/wp-content\/uploads\/2019\/02\/curva-de-olvido-f\u00f3rmula.png\" alt=\"\" width=\"159\" height=\"51\" srcset=\"https:\/\/www.risk21.com\/wp-content\/uploads\/2019\/02\/curva-de-olvido-f\u00f3rmula.png 159w, https:\/\/www.risk21.com\/wp-content\/uploads\/2019\/02\/curva-de-olvido-f\u00f3rmula-24x8.png 24w, https:\/\/www.risk21.com\/wp-content\/uploads\/2019\/02\/curva-de-olvido-f\u00f3rmula-36x12.png 36w, https:\/\/www.risk21.com\/wp-content\/uploads\/2019\/02\/curva-de-olvido-f\u00f3rmula-48x15.png 48w\" sizes=\"auto, (max-width: 159px) 100vw, 159px\" \/><\/a><\/em><\/p>\n<p>t Pas del temps<\/p>\n<p>s Intensitat del record<\/p>\n<p>Per tant, quan m\u00e9s gran \u00e9s la intensitat del record, millor \u00e9s la retenci\u00f3 d&#8217;aquest, mentre que el pas de temps incrementa l&#8217;oblit.<\/p>\n<p>Veiem tamb\u00e9, que la corba de l&#8217;oblit \u00e9s pr\u00e0cticament la mateixa per a totes les persones, ja que la retenci\u00f3 dep\u00e8n de 2 variables ex\u00f2genes a la persona t i s.<\/p>\n<p><strong>\u00a0<a href=\"https:\/\/www.risk21.com\/wp-content\/uploads\/2019\/02\/curva-de-olvido-cerebro-y-goma.png\"><img loading=\"lazy\" decoding=\"async\" class=\"wp-image-8805 aligncenter\" src=\"https:\/\/www.risk21.com\/wp-content\/uploads\/2019\/02\/curva-de-olvido-cerebro-y-goma-300x167.png\" alt=\"\" width=\"490\" height=\"273\" srcset=\"https:\/\/www.risk21.com\/wp-content\/uploads\/2019\/02\/curva-de-olvido-cerebro-y-goma-300x167.png 300w, https:\/\/www.risk21.com\/wp-content\/uploads\/2019\/02\/curva-de-olvido-cerebro-y-goma-24x13.png 24w, https:\/\/www.risk21.com\/wp-content\/uploads\/2019\/02\/curva-de-olvido-cerebro-y-goma-36x20.png 36w, https:\/\/www.risk21.com\/wp-content\/uploads\/2019\/02\/curva-de-olvido-cerebro-y-goma-48x27.png 48w, https:\/\/www.risk21.com\/wp-content\/uploads\/2019\/02\/curva-de-olvido-cerebro-y-goma.png 758w\" sizes=\"auto, (max-width: 490px) 100vw, 490px\" \/><\/a><\/strong><\/p>\n<p>&nbsp;<\/p>\n<p><strong>Qu\u00e8 \u00e9s l&#8217;oblit?<\/strong><\/p>\n<p>El concepte de l&#8217;oblit fa refer\u00e8ncia a la p\u00e8rdua d&#8217;informaci\u00f3 emmagatzemada en el nostre cervell despr\u00e9s de passat un cert temps. Pot estar provocada per diversos motius, falta d&#8217;atenci\u00f3, import\u00e0ncia de la informaci\u00f3 rebuda o simplement al pas del temps. En algunes ocasions, pot fins i tot deure&#8217;s a una reacci\u00f3 de protecci\u00f3 davant una situaci\u00f3 que ens provoqui estr\u00e8s o algun trastorn.<\/p>\n<p>La capacitat d&#8217;oblidar compleix amb una funci\u00f3 adaptativa, ja que el cervell elimina molta informaci\u00f3 que creu que no necessitarem. Quan recordem un moment concret en les nostres vides no solem recordar detalladament (excepte en casos molt excepcionals amb mem\u00f2ria fotogr\u00e0fica i\/o situacions de gran emotivitat) tots els est\u00edmuls que estaven presents en aquesta situaci\u00f3, sin\u00f3 la idea principal, pel fet que hem perm\u00e8s l&#8217;oblit dels elements m\u00e9s contextuals.<\/p>\n<blockquote><p><em>Un dels primers estudis que es van dur a terme respecte a aquest fenomen va ser el que va conduir a l&#8217;elaboraci\u00f3 de la corba de l&#8217;oblit, que posteriorment ha estat explicada a trav\u00e9s de diverses teories.<\/em><\/p><\/blockquote>\n<p><strong>Hermann\u00a0Ebbinghaus\u00a0i la corba de l&#8217;oblit<\/strong><\/p>\n<p>Hermann\u00a0Ebbinghaus\u00a0\u00e9s molt conegut en el m\u00f3n de la psicologia, a causa dels estudis que va realitzar sobre la mem\u00f2ria. Aquest fam\u00f3s psic\u00f2leg alemany va contribuir en gran manera a esclarir els diferents processos implicats en la retenci\u00f3 de la informaci\u00f3, aix\u00ed com en la p\u00e8rdua o oblit d&#8217;aquesta.<\/p>\n<p>Hermann\u00a0Ebbinghaus\u00a0va realitzar diversos estudis basats en experiments que va realitzar sobre s\u00ed mateix com a subjecte experimental. Memoritzava s\u00e8ries de s\u00edl\u00b7labes aleat\u00f2ries, repetint-les una vegada i una altra fins que li quedaven perfectament fixades. Posteriorment valorava quin tant per cent recordava en funci\u00f3 del pas del temps i sense realitzar cap rep\u00e0s.<\/p>\n<p>A trav\u00e9s dels resultats va desenvolupar la coneguda corba de l&#8217;oblit, un gr\u00e0fic que indica com davant la memoritzaci\u00f3 d&#8217;un determinat material el nivell de retenci\u00f3 de la informaci\u00f3 apresa disminueix de manera logar\u00edtmica amb el pas del temps.<\/p>\n<p>Aquesta corba de l&#8217;oblit va ser realitzada a trav\u00e9s del m\u00e8tode de l&#8217;estalvi a trav\u00e9s del qual es resta el temps necessari per a\u00a0reaprender\u00a0la llista al temps necessari per a aprendre-la per primera vegada.<\/p>\n<p><strong>\u00a0<a href=\"https:\/\/www.risk21.com\/wp-content\/uploads\/2019\/02\/Erman-Ebingauss.jpg\"><img loading=\"lazy\" decoding=\"async\" class=\"wp-image-8742 aligncenter\" src=\"https:\/\/www.risk21.com\/wp-content\/uploads\/2019\/02\/Erman-Ebingauss-300x158.jpg\" alt=\"\" width=\"480\" height=\"253\" srcset=\"https:\/\/www.risk21.com\/wp-content\/uploads\/2019\/02\/Erman-Ebingauss-300x158.jpg 300w, https:\/\/www.risk21.com\/wp-content\/uploads\/2019\/02\/Erman-Ebingauss-768x403.jpg 768w, https:\/\/www.risk21.com\/wp-content\/uploads\/2019\/02\/Erman-Ebingauss-1024x538.jpg 1024w, https:\/\/www.risk21.com\/wp-content\/uploads\/2019\/02\/Erman-Ebingauss-24x13.jpg 24w, https:\/\/www.risk21.com\/wp-content\/uploads\/2019\/02\/Erman-Ebingauss-36x19.jpg 36w, https:\/\/www.risk21.com\/wp-content\/uploads\/2019\/02\/Erman-Ebingauss-48x25.jpg 48w, https:\/\/www.risk21.com\/wp-content\/uploads\/2019\/02\/Erman-Ebingauss.jpg 1200w\" sizes=\"auto, (max-width: 480px) 100vw, 480px\" \/><\/a><\/strong><\/p>\n<p><strong>El m\u00e8tode d&#8217;estalvis de\u00a0Ebbinghaus<\/strong><\/p>\n<p>Materials: S\u00edl\u00b7labes sense sentit, consistents en una s\u00e8rie de 3 lletres amb l&#8217;estructura de consonant, vocal, consonant: CVC<\/p>\n<p>El m\u00e8tode consistia a repetir un nombre determinat de vegades seri\u00efs de s\u00edl\u00b7labes sense sentit i tractar de recordar-les en el mateix ordre despr\u00e9s de 20\u00a0min, 1 h, 8 h, 1 dia, 2 dies, 5 dies, i 31 dies<\/p>\n<p>Es mesurava el temps invertit a realitzar el primer aprenentatge<\/p>\n<p>Es mesurava la durada del\u00a0reaprendizaje\u00a0de la mateixa llista en el mateix ordre de presentaci\u00f3 al cap de diferents retards (20\u00a0min, 1 h, 8 h, 1 dia, 2 dies, 5 dies, i 31 dies)<\/p>\n<p>Es calculava la difer\u00e8ncia entre el pas 1 i 2.<\/p>\n<p>A trav\u00e9s d&#8217;aquesta corba es pot realitzar una comparaci\u00f3 entre la informaci\u00f3 processada i la que es mant\u00e9 en la mem\u00f2ria. Des de la perspectiva de\u00a0Ebbinghaus, aquesta p\u00e8rdua \u00e9s deguda al pas del temps i a la no utilitzaci\u00f3 de la informaci\u00f3.<\/p>\n<p>Els resultats dels experiments i la seva an\u00e0lisi en la corba de l&#8217;oblit indiquen que, despr\u00e9s del moment de la memoritzaci\u00f3 de la informaci\u00f3, la retenci\u00f3 disminueix inicialment de forma molt marcada. Despr\u00e9s d&#8217;un dia, la retenci\u00f3 pot situar-se en nom\u00e9s un 33%. A partir d&#8217;aquest moment, els records s&#8217;esvaeixen m\u00e9s lentament, ja que si veiem la gr\u00e0fica al cap d&#8217;un mes la retenci\u00f3 ha descendit fins a aconseguir un 21%. No obstant aix\u00f2, el material que es ret\u00e9 despr\u00e9s d&#8217;aquest temps \u00e9s pr\u00e0cticament nul, amb el que el temps emprat per a\u00a0reaprenderlo\u00a0pot ser molt similar a la inicial.<\/p>\n<p>Alguns aspectes destacables que es dedueixen de la corba de l&#8217;oblit \u00e9s que \u00e9s necessari menys temps per a\u00a0reaprender\u00a0un material que per a aprendre&#8217;l des de zero, fins i tot el que s&#8217;ha esva\u00eft completament de la mem\u00f2ria. D&#8217;aquesta manera, aquest al costat d&#8217;altres recerques de diversos autors ajuden a fer veure que en el proc\u00e9s d&#8217;oblit la informaci\u00f3 no s&#8217;esvaeix de la ment, sin\u00f3 que passa a un nivell inconscient que permet la seva recuperaci\u00f3 mitjan\u00e7ant l&#8217;esfor\u00e7 i el rep\u00e0s.<\/p>\n<p><strong>Explicacions derivades de la teoria de\u00a0Ebbinghaus<\/strong><\/p>\n<p>La corba de l&#8217;oblit \u00e9s una gr\u00e0fica que permet tenir en compte la progressiva p\u00e8rdua del material memoritzat, sempre que no es practiqui el rep\u00e0s d&#8217;aquest material.<\/p>\n<p>A partir de la corba de l&#8217;oblit han sorgit diferents teories que intenten explicar aquesta p\u00e8rdua, sent dues d&#8217;elles les seg\u00fcents.<\/p>\n<p><strong>Teoria del deca\u00efment de petjada<\/strong><\/p>\n<p>La teoria del deca\u00efment de la petjada \u00e9s una teoria elaborada pel propi\u00a0Ebbinghaus\u00a0que pret\u00e9n explicar la corba de l&#8217;oblit. Per a l&#8217;autor, la p\u00e8rdua d&#8217;informaci\u00f3 \u00e9s deguda principalment al poc \u00fas donat a aquesta informaci\u00f3, amb el que la petjada de mem\u00f2ria deixada en el nostre organisme s&#8217;afebleix i esvaeix amb el pas del temps. A nivell biol\u00f2gic es considera que les estructures neuronals acaben per perdre les modificacions que l&#8217;aprenentatge produeix en elles, amb el que es tornaria a un estat similar al previ a l&#8217;aprenentatge.<\/p>\n<p>Les recerques reflecteixen que el deca\u00efment de la mem\u00f2ria es d\u00f3na especialment en la mem\u00f2ria a curt termini, per\u00f2 si la informaci\u00f3 aconsegueix passar a la mem\u00f2ria a llarg termini passa a ser permanent. En el cas que una cosa emmagatzemada en la mem\u00f2ria a llarg termini no resulti accessible, el problema es d\u00f3na principalment a nivell de recuperaci\u00f3 de la informaci\u00f3.<\/p>\n<p>Aquesta teoria \u00e9s criticada perqu\u00e8 no t\u00e9 en compte diversos factors, com el fet que es memoritzi nova informaci\u00f3 que compliqui les estructures neuronals i que, per tant, faci m\u00e9s complex l&#8217;acc\u00e9s a la informaci\u00f3. A m\u00e9s, existeixen m\u00e9s variables que influeixen en la capacitat de record, com la pr\u00f2pia quantitat de material a recordar o l&#8217;empremta emocional de la informaci\u00f3. Aix\u00ed, a major quantitat de material major la dificultat de mantenir-ho en el temps i en el cas que el coneixement desperti sensacions i emocions fortes en l&#8217;aprenent resulta m\u00e9s senzill que el record romangui.<\/p>\n<p><strong>Teories de la interfer\u00e8ncia<\/strong><\/p>\n<p>Diversos autors van considerar que la teoria de la decad\u00e8ncia de la petjada no era suficient per a explicar el proc\u00e9s de l&#8217;oblit, ja que el que simplificava en exc\u00e9s. Tenint en compte que sempre estem aprenent conceptes nous i que el que intentem memoritzar \u00e9s molt complex per la seva varietat i import\u00e0ncia per a nosaltres. Es va considerar que no s&#8217;havia tingut en compte la creixent complexitat produ\u00efda per l&#8217;agregaci\u00f3 de nova informaci\u00f3 d&#8217;informaci\u00f3, que se solapa amb l&#8217;anteriorment memoritzada. D&#8217;aqu\u00ed, sorgeixen les teories de la interfer\u00e8ncia, que plantegen que la informaci\u00f3 a aprendre no es recorda perqu\u00e8 s&#8217;afegeix m\u00e9s informaci\u00f3 al nostre cervell que complica l&#8217;acc\u00e9s.<\/p>\n<p>Aquesta interfer\u00e8ncia pot donar-se de manera retroactiva o proactiva. En el cas de la interfer\u00e8ncia proactiva un aprenentatge previ dificulta l&#8217;adquisici\u00f3 d&#8217;un nou. Si b\u00e9 no explica pr\u00f2piament l&#8217;oblit, s\u00ed que posa en relleu un problema a codificar la nova informaci\u00f3. La interfer\u00e8ncia retroactiva \u00e9s la que produeix la pres\u00e8ncia d&#8217;un nou coneixement que solapa el material a recordar. Aix\u00ed, aprendre una cosa nova fa que ens sigui dif\u00edcil recordar l&#8217;anterior. Aquest fenomen explicaria en gran manera la p\u00e8rdua d&#8217;informaci\u00f3 que es d\u00f3na en la corba de l&#8217;oblit.<\/p>\n<p><strong>Com evitar l&#8217;oblit<\/strong><\/p>\n<p>L&#8217;estudi de la mem\u00f2ria i l&#8217;oblit ha perm\u00e8s la creaci\u00f3 de diferents estrat\u00e8gies i t\u00e8cniques amb la finalitat que els aprenentatges es mantinguin en la mem\u00f2ria. Per a evitar els efectes observats en la corba de l&#8217;oblit resulta fonamental el rep\u00e0s del material apr\u00e8s.<\/p>\n<blockquote><p><em>Com ja van demostrar els experiments duts a terme, el rep\u00e0s repetit de la informaci\u00f3 fa que l&#8217;aprenentatge es consolidi cada vegada m\u00e9s, baixant progressivament el nivell de p\u00e8rdua d&#8217;informaci\u00f3 amb el temps.<\/em><\/p><\/blockquote>\n<p>Per aquesta ra\u00f3, si a la corba de l&#8217;oblit se li afegeix la variable rep\u00e0s s&#8217;obt\u00e9 una nova gr\u00e0fica totalment diferent. Aix\u00ed, segons aquesta nova gr\u00e0fica si l&#8217;endem\u00e0 d&#8217;estudiat un material es fa un rep\u00e0s es torna a recordar un 100% i, la qual cosa \u00e9s m\u00e9s important, la corba de l&#8217;oblit es modifica.<\/p>\n<p><a href=\"https:\/\/www.risk21.com\/wp-content\/uploads\/2019\/02\/curva-de-olvido-grafica3.png\"><img loading=\"lazy\" decoding=\"async\" class=\"wp-image-8819 aligncenter\" src=\"https:\/\/www.risk21.com\/wp-content\/uploads\/2019\/02\/curva-de-olvido-grafica3-300x194.png\" alt=\"\" width=\"427\" height=\"276\" srcset=\"https:\/\/www.risk21.com\/wp-content\/uploads\/2019\/02\/curva-de-olvido-grafica3-300x194.png 300w, https:\/\/www.risk21.com\/wp-content\/uploads\/2019\/02\/curva-de-olvido-grafica3-24x16.png 24w, https:\/\/www.risk21.com\/wp-content\/uploads\/2019\/02\/curva-de-olvido-grafica3-36x23.png 36w, https:\/\/www.risk21.com\/wp-content\/uploads\/2019\/02\/curva-de-olvido-grafica3-48x31.png 48w, https:\/\/www.risk21.com\/wp-content\/uploads\/2019\/02\/curva-de-olvido-grafica3.png 407w\" sizes=\"auto, (max-width: 427px) 100vw, 427px\" \/><\/a><\/p>\n<p>L&#8217;\u00fas d&#8217;estrat\u00e8gies mnemot\u00e8cniques tamb\u00e9 resulta de gran utilitat, en millorar la capacitat de representaci\u00f3 mental. Del que es tracta \u00e9s d&#8217;utilitzar d&#8217;una manera m\u00e9s eficient els recursos dels quals disposa el propi sistema nervi\u00f3s per a agrupar d&#8217;una manera m\u00e9s eficient les unitats d&#8217;informaci\u00f3. Aix\u00ed, fins i tot si el cervell perd neurones i altres c\u00e8l\u00b7lules importants pel pas del temps, les que queden poden comunicar-se d&#8217;una manera m\u00e9s eficient, retenint la informaci\u00f3 important.<\/p>\n<p>Per\u00f2 fins i tot en els casos en els quals no hi ha un dany cerebral significatiu, les t\u00e8cniques mnemot\u00e8cniques ens ajuden a mitigar els efectes de la corba de l&#8217;oblit. El motiu \u00e9s que ens ajuden a crear unitats de significat m\u00e9s s\u00f2lides, a les quals podem arribar rememorant una varietat m\u00e9s variada d&#8217;experi\u00e8ncies. Per exemple, si associem una paraula a un personatge de dibuixos animats que t\u00e9 un nom semblant, la cadena de fonemes que forma aquest nom propi ens servir\u00e0 de suport perqu\u00e8 ens vingui a la ment el que volem recordar.<\/p>\n<blockquote><p><em>En definitiva, la corba de l&#8217;oblit \u00e9s un fenomen universal, per\u00f2 tenim un cert marge de maniobra a l&#8217;hora d&#8217;establir qu\u00e8 ens pot fer oblidar i qu\u00e8 no.<\/em><\/p><\/blockquote>\n<p><strong>La corba de l&#8217;oblit en la planificaci\u00f3 de la formaci\u00f3 en prevenci\u00f3<\/strong><\/p>\n<p>Perqu\u00e8 la formaci\u00f3 tingui un impacte a llarg termini en els treballadors i disminueixin les males pr\u00e0ctiques, podem posar en pr\u00e0ctica diferents t\u00e8cniques:<\/p>\n<p><strong>L&#8217;efecte de mem\u00f2ria espaiada<\/strong><\/p>\n<p>L&#8217;efecte de mem\u00f2ria espaiada \u00e9s el que explica que quan la formaci\u00f3 es distribueix als deixo anar del temps, en lloc d&#8217;una sola sessi\u00f3, l&#8217;aprenentatge guanya en efici\u00e8ncia.<\/p>\n<p>L&#8217;efecte de la mem\u00f2ria espaiada t\u00e9 diverses teories que la sustenten. La m\u00e9s acceptada pels experts defensa que la memoritzaci\u00f3 de gran quantitat d&#8217;informaci\u00f3 produeix un proc\u00e9s cognitiu deficient. El cervell se satura amb la gran quantitat d&#8217;informaci\u00f3 a la qual est\u00e0 exposat i no pot continuar processant la informaci\u00f3 que li fem arribar.<\/p>\n<p><strong>Posar a prova la mem\u00f2ria<\/strong><\/p>\n<p>Si en un proc\u00e9s de formaci\u00f3 introdu\u00efm l&#8217;acte de posar a prova la mem\u00f2ria, encara que sigui unes poques vegades, aconseguirem millorar la retenci\u00f3 de la informaci\u00f3.<\/p>\n<p>Per a millorar la retenci\u00f3, hem de fer cr\u00e9ixer progressivament els intervals de temps entre cada posada a prova de la mem\u00f2ria, d&#8217;aquesta forma desafiem al cervell a recordar. El refor\u00e7 aqu\u00ed \u00e9s fonamental.<\/p>\n<p><a href=\"https:\/\/www.risk21.com\/wp-content\/uploads\/2019\/02\/curva-de-olvido-grafica4.png\"><br \/>\n<img loading=\"lazy\" decoding=\"async\" class=\"wp-image-8821 aligncenter\" src=\"https:\/\/www.risk21.com\/wp-content\/uploads\/2019\/02\/curva-de-olvido-grafica4-300x193.png\" alt=\"\" width=\"373\" height=\"240\" srcset=\"https:\/\/www.risk21.com\/wp-content\/uploads\/2019\/02\/curva-de-olvido-grafica4-300x193.png 300w, https:\/\/www.risk21.com\/wp-content\/uploads\/2019\/02\/curva-de-olvido-grafica4-24x15.png 24w, https:\/\/www.risk21.com\/wp-content\/uploads\/2019\/02\/curva-de-olvido-grafica4-36x23.png 36w, https:\/\/www.risk21.com\/wp-content\/uploads\/2019\/02\/curva-de-olvido-grafica4-48x31.png 48w, https:\/\/www.risk21.com\/wp-content\/uploads\/2019\/02\/curva-de-olvido-grafica4.png 346w\" sizes=\"auto, (max-width: 373px) 100vw, 373px\" \/><\/a><\/p>\n<p><a href=\"https:\/\/www.risk21.com\/wp-content\/uploads\/2019\/02\/curva-de-olvido-grafica5.png\"><img loading=\"lazy\" decoding=\"async\" class=\"wp-image-8823 aligncenter\" src=\"https:\/\/www.risk21.com\/wp-content\/uploads\/2019\/02\/curva-de-olvido-grafica5-300x201.png\" alt=\"\" width=\"380\" height=\"254\" srcset=\"https:\/\/www.risk21.com\/wp-content\/uploads\/2019\/02\/curva-de-olvido-grafica5-300x201.png 300w, https:\/\/www.risk21.com\/wp-content\/uploads\/2019\/02\/curva-de-olvido-grafica5-24x16.png 24w, https:\/\/www.risk21.com\/wp-content\/uploads\/2019\/02\/curva-de-olvido-grafica5-36x24.png 36w, https:\/\/www.risk21.com\/wp-content\/uploads\/2019\/02\/curva-de-olvido-grafica5-48x32.png 48w, https:\/\/www.risk21.com\/wp-content\/uploads\/2019\/02\/curva-de-olvido-grafica5.png 344w\" sizes=\"auto, (max-width: 380px) 100vw, 380px\" \/><\/a><\/p>\n<p>&nbsp;<\/p>\n<p><strong>L&#8217;efecte de la posici\u00f3 en s\u00e8rie<\/strong><\/p>\n<p>L&#8217;efecte de la posici\u00f3 en s\u00e8rie explica la tend\u00e8ncia que tenim els \u00e9ssers humans a recordar millor els primers i els \u00faltims elements d&#8217;una s\u00e8rie i recordar pitjor els intermedis.\u00a0Ebbinghaus\u00a0va encunyar aquest terme quan va descobrir que els records varien com una funci\u00f3 de la posici\u00f3 d&#8217;un element dins d&#8217;una llista.<\/p>\n<p>Quan a una persona se li demana que recordi els elements d&#8217;una llista en qualsevol ordre, tendeix a recordar primer els elements finals. Aix\u00ed mateix, els primers elements es recorden amb major freq\u00fc\u00e8ncia que els intermedis.<br \/>\n<img loading=\"lazy\" decoding=\"async\" class=\"wp-image-8825 aligncenter\" src=\"https:\/\/www.risk21.com\/wp-content\/uploads\/2019\/02\/curva-de-olvido-grafica6-300x223.png\" alt=\"\" width=\"408\" height=\"303\" srcset=\"https:\/\/www.risk21.com\/wp-content\/uploads\/2019\/02\/curva-de-olvido-grafica6-300x223.png 300w, https:\/\/www.risk21.com\/wp-content\/uploads\/2019\/02\/curva-de-olvido-grafica6-24x18.png 24w, https:\/\/www.risk21.com\/wp-content\/uploads\/2019\/02\/curva-de-olvido-grafica6-36x27.png 36w, https:\/\/www.risk21.com\/wp-content\/uploads\/2019\/02\/curva-de-olvido-grafica6-48x36.png 48w, https:\/\/www.risk21.com\/wp-content\/uploads\/2019\/02\/curva-de-olvido-grafica6.png 419w\" sizes=\"auto, (max-width: 408px) 100vw, 408px\" \/><\/p>\n<p>\u00c9s necessari donar \u00e8mfasi a l&#8217;inici i al final del contingut d&#8217;una capacitaci\u00f3.<\/p>\n<p>El\u00a0microaprenentatge, que imparteix el coneixement en petits fragments actius en lloc d&#8217;extensos mon\u00f2legs, cobra m\u00e9s sentit sota aquesta teoria.<\/p>\n<p>Doncs aix\u00f2\u2026. que no se us oblidi.<\/p>\n<p><strong>RISK\u00a0XXI \u2013\u00a0Prl\u00a0&amp;\u00a0Services<\/strong><\/p>\n<p>&nbsp;<\/p>\n","protected":false},"excerpt":{"rendered":"<p>La corba de l&#8217;oblit\u2026. formaci\u00f3 en\u00a0PRL\u00a0i reducci\u00f3 de sinistralitat. Quan parlem de formaci\u00f3 en Prevenci\u00f3 de Riscos laborals ens trobem davant la necessitat que aquesta formaci\u00f3 sigui efectiva, que permeti modificar comportaments i aconsegueixi transmetre les bones pr\u00e0ctiques que han de fer un treball m\u00e9s segur i confortable. Els que treballem en formaci\u00f3 de riscos<br \/><a href=\"https:\/\/www.risk21.com\/ca\/la-curva-del-olvido-formacion-prl-reduccion-siniestralidad\/\" class=\"more\">Llegir m\u00e9s<\/a><\/p>\n","protected":false},"author":3,"featured_media":8816,"comment_status":"closed","ping_status":"closed","sticky":false,"template":"","format":"standard","meta":{"footnotes":""},"categories":[91],"tags":[92,95,94],"class_list":["post-8832","post","type-post","status-publish","format-standard","has-post-thumbnail","hentry","category-noticies-ca","tag-formacio-ca","tag-informacio-ca","tag-prevencio-ca"],"yoast_head":"<!-- This site is optimized with the Yoast SEO plugin v25.3.1 - https:\/\/yoast.com\/wordpress\/plugins\/seo\/ -->\n<title>La corba de l&#039;oblit\u2026. formaci\u00f3 en PRL i reducci\u00f3 de sinistralitat. - Risk XXI<\/title>\n<meta name=\"robots\" content=\"index, follow, max-snippet:-1, max-image-preview:large, max-video-preview:-1\" \/>\n<link rel=\"canonical\" href=\"https:\/\/www.risk21.com\/ca\/la-curva-del-olvido-formacion-prl-reduccion-siniestralidad\/\" \/>\n<meta property=\"og:locale\" content=\"ca_ES\" \/>\n<meta property=\"og:type\" content=\"article\" \/>\n<meta property=\"og:title\" content=\"La corba de l&#039;oblit\u2026. formaci\u00f3 en PRL i reducci\u00f3 de sinistralitat. - Risk XXI\" \/>\n<meta property=\"og:description\" content=\"La corba de l&#8217;oblit\u2026. formaci\u00f3 en\u00a0PRL\u00a0i reducci\u00f3 de sinistralitat. Quan parlem de formaci\u00f3 en Prevenci\u00f3 de Riscos laborals ens trobem davant la necessitat que aquesta formaci\u00f3 sigui efectiva, que permeti modificar comportaments i aconsegueixi transmetre les bones pr\u00e0ctiques que han de fer un treball m\u00e9s segur i confortable. Els que treballem en formaci\u00f3 de riscosLlegir m\u00e9s\" \/>\n<meta property=\"og:url\" content=\"https:\/\/www.risk21.com\/ca\/la-curva-del-olvido-formacion-prl-reduccion-siniestralidad\/\" \/>\n<meta property=\"og:site_name\" content=\"Risk XXI\" \/>\n<meta property=\"article:published_time\" content=\"2019-02-08T00:01:02+00:00\" \/>\n<meta property=\"og:image\" content=\"https:\/\/www.risk21.com\/wp-content\/uploads\/2019\/02\/curva-de-olvido-cerebro-texto.png\" \/>\n\t<meta property=\"og:image:width\" content=\"1014\" \/>\n\t<meta property=\"og:image:height\" content=\"449\" \/>\n\t<meta property=\"og:image:type\" content=\"image\/png\" \/>\n<meta name=\"author\" content=\"Risk XXI - Comunicacion\" \/>\n<meta name=\"twitter:card\" content=\"summary_large_image\" \/>\n<meta name=\"twitter:label1\" content=\"Escrit per\" \/>\n\t<meta name=\"twitter:data1\" content=\"Risk XXI - Comunicacion\" \/>\n\t<meta name=\"twitter:label2\" content=\"Temps estimat de lectura\" \/>\n\t<meta name=\"twitter:data2\" content=\"15 minuts\" \/>\n<script type=\"application\/ld+json\" class=\"yoast-schema-graph\">{\"@context\":\"https:\/\/schema.org\",\"@graph\":[{\"@type\":\"WebPage\",\"@id\":\"https:\/\/www.risk21.com\/ca\/la-curva-del-olvido-formacion-prl-reduccion-siniestralidad\/\",\"url\":\"https:\/\/www.risk21.com\/ca\/la-curva-del-olvido-formacion-prl-reduccion-siniestralidad\/\",\"name\":\"La corba de l'oblit\u2026. formaci\u00f3 en PRL i reducci\u00f3 de sinistralitat. - Risk XXI\",\"isPartOf\":{\"@id\":\"https:\/\/www.risk21.com\/#website\"},\"primaryImageOfPage\":{\"@id\":\"https:\/\/www.risk21.com\/ca\/la-curva-del-olvido-formacion-prl-reduccion-siniestralidad\/#primaryimage\"},\"image\":{\"@id\":\"https:\/\/www.risk21.com\/ca\/la-curva-del-olvido-formacion-prl-reduccion-siniestralidad\/#primaryimage\"},\"thumbnailUrl\":\"https:\/\/www.risk21.com\/wp-content\/uploads\/2019\/02\/curva-de-olvido-cerebro-texto.png\",\"datePublished\":\"2019-02-08T00:01:02+00:00\",\"author\":{\"@id\":\"https:\/\/www.risk21.com\/#\/schema\/person\/541ded27b075c85a124af6989fc72b1d\"},\"breadcrumb\":{\"@id\":\"https:\/\/www.risk21.com\/ca\/la-curva-del-olvido-formacion-prl-reduccion-siniestralidad\/#breadcrumb\"},\"inLanguage\":\"ca\",\"potentialAction\":[{\"@type\":\"ReadAction\",\"target\":[\"https:\/\/www.risk21.com\/ca\/la-curva-del-olvido-formacion-prl-reduccion-siniestralidad\/\"]}]},{\"@type\":\"ImageObject\",\"inLanguage\":\"ca\",\"@id\":\"https:\/\/www.risk21.com\/ca\/la-curva-del-olvido-formacion-prl-reduccion-siniestralidad\/#primaryimage\",\"url\":\"https:\/\/www.risk21.com\/wp-content\/uploads\/2019\/02\/curva-de-olvido-cerebro-texto.png\",\"contentUrl\":\"https:\/\/www.risk21.com\/wp-content\/uploads\/2019\/02\/curva-de-olvido-cerebro-texto.png\",\"width\":1014,\"height\":449},{\"@type\":\"BreadcrumbList\",\"@id\":\"https:\/\/www.risk21.com\/ca\/la-curva-del-olvido-formacion-prl-reduccion-siniestralidad\/#breadcrumb\",\"itemListElement\":[{\"@type\":\"ListItem\",\"position\":1,\"name\":\"Portada\",\"item\":\"https:\/\/www.risk21.com\/ca\/\"},{\"@type\":\"ListItem\",\"position\":2,\"name\":\"La corba de l&#8217;oblit\u2026. formaci\u00f3 en PRL i reducci\u00f3 de sinistralitat.\"}]},{\"@type\":\"WebSite\",\"@id\":\"https:\/\/www.risk21.com\/#website\",\"url\":\"https:\/\/www.risk21.com\/\",\"name\":\"Risk XXI\",\"description\":\"Prl &amp; Services\",\"potentialAction\":[{\"@type\":\"SearchAction\",\"target\":{\"@type\":\"EntryPoint\",\"urlTemplate\":\"https:\/\/www.risk21.com\/?s={search_term_string}\"},\"query-input\":{\"@type\":\"PropertyValueSpecification\",\"valueRequired\":true,\"valueName\":\"search_term_string\"}}],\"inLanguage\":\"ca\"},{\"@type\":\"Person\",\"@id\":\"https:\/\/www.risk21.com\/#\/schema\/person\/541ded27b075c85a124af6989fc72b1d\",\"name\":\"Risk XXI - Comunicacion\",\"url\":\"https:\/\/www.risk21.com\/ca\/author\/comunicacion\/\"}]}<\/script>\n<!-- \/ Yoast SEO plugin. -->","yoast_head_json":{"title":"La corba de l'oblit\u2026. formaci\u00f3 en PRL i reducci\u00f3 de sinistralitat. - Risk XXI","robots":{"index":"index","follow":"follow","max-snippet":"max-snippet:-1","max-image-preview":"max-image-preview:large","max-video-preview":"max-video-preview:-1"},"canonical":"https:\/\/www.risk21.com\/ca\/la-curva-del-olvido-formacion-prl-reduccion-siniestralidad\/","og_locale":"ca_ES","og_type":"article","og_title":"La corba de l'oblit\u2026. formaci\u00f3 en PRL i reducci\u00f3 de sinistralitat. - Risk XXI","og_description":"La corba de l&#8217;oblit\u2026. formaci\u00f3 en\u00a0PRL\u00a0i reducci\u00f3 de sinistralitat. Quan parlem de formaci\u00f3 en Prevenci\u00f3 de Riscos laborals ens trobem davant la necessitat que aquesta formaci\u00f3 sigui efectiva, que permeti modificar comportaments i aconsegueixi transmetre les bones pr\u00e0ctiques que han de fer un treball m\u00e9s segur i confortable. Els que treballem en formaci\u00f3 de riscosLlegir m\u00e9s","og_url":"https:\/\/www.risk21.com\/ca\/la-curva-del-olvido-formacion-prl-reduccion-siniestralidad\/","og_site_name":"Risk XXI","article_published_time":"2019-02-08T00:01:02+00:00","og_image":[{"width":1014,"height":449,"url":"https:\/\/www.risk21.com\/wp-content\/uploads\/2019\/02\/curva-de-olvido-cerebro-texto.png","type":"image\/png"}],"author":"Risk XXI - Comunicacion","twitter_card":"summary_large_image","twitter_misc":{"Escrit per":"Risk XXI - Comunicacion","Temps estimat de lectura":"15 minuts"},"schema":{"@context":"https:\/\/schema.org","@graph":[{"@type":"WebPage","@id":"https:\/\/www.risk21.com\/ca\/la-curva-del-olvido-formacion-prl-reduccion-siniestralidad\/","url":"https:\/\/www.risk21.com\/ca\/la-curva-del-olvido-formacion-prl-reduccion-siniestralidad\/","name":"La corba de l'oblit\u2026. formaci\u00f3 en PRL i reducci\u00f3 de sinistralitat. - Risk XXI","isPartOf":{"@id":"https:\/\/www.risk21.com\/#website"},"primaryImageOfPage":{"@id":"https:\/\/www.risk21.com\/ca\/la-curva-del-olvido-formacion-prl-reduccion-siniestralidad\/#primaryimage"},"image":{"@id":"https:\/\/www.risk21.com\/ca\/la-curva-del-olvido-formacion-prl-reduccion-siniestralidad\/#primaryimage"},"thumbnailUrl":"https:\/\/www.risk21.com\/wp-content\/uploads\/2019\/02\/curva-de-olvido-cerebro-texto.png","datePublished":"2019-02-08T00:01:02+00:00","author":{"@id":"https:\/\/www.risk21.com\/#\/schema\/person\/541ded27b075c85a124af6989fc72b1d"},"breadcrumb":{"@id":"https:\/\/www.risk21.com\/ca\/la-curva-del-olvido-formacion-prl-reduccion-siniestralidad\/#breadcrumb"},"inLanguage":"ca","potentialAction":[{"@type":"ReadAction","target":["https:\/\/www.risk21.com\/ca\/la-curva-del-olvido-formacion-prl-reduccion-siniestralidad\/"]}]},{"@type":"ImageObject","inLanguage":"ca","@id":"https:\/\/www.risk21.com\/ca\/la-curva-del-olvido-formacion-prl-reduccion-siniestralidad\/#primaryimage","url":"https:\/\/www.risk21.com\/wp-content\/uploads\/2019\/02\/curva-de-olvido-cerebro-texto.png","contentUrl":"https:\/\/www.risk21.com\/wp-content\/uploads\/2019\/02\/curva-de-olvido-cerebro-texto.png","width":1014,"height":449},{"@type":"BreadcrumbList","@id":"https:\/\/www.risk21.com\/ca\/la-curva-del-olvido-formacion-prl-reduccion-siniestralidad\/#breadcrumb","itemListElement":[{"@type":"ListItem","position":1,"name":"Portada","item":"https:\/\/www.risk21.com\/ca\/"},{"@type":"ListItem","position":2,"name":"La corba de l&#8217;oblit\u2026. formaci\u00f3 en PRL i reducci\u00f3 de sinistralitat."}]},{"@type":"WebSite","@id":"https:\/\/www.risk21.com\/#website","url":"https:\/\/www.risk21.com\/","name":"Risk XXI","description":"Prl &amp; Services","potentialAction":[{"@type":"SearchAction","target":{"@type":"EntryPoint","urlTemplate":"https:\/\/www.risk21.com\/?s={search_term_string}"},"query-input":{"@type":"PropertyValueSpecification","valueRequired":true,"valueName":"search_term_string"}}],"inLanguage":"ca"},{"@type":"Person","@id":"https:\/\/www.risk21.com\/#\/schema\/person\/541ded27b075c85a124af6989fc72b1d","name":"Risk XXI - Comunicacion","url":"https:\/\/www.risk21.com\/ca\/author\/comunicacion\/"}]}},"_links":{"self":[{"href":"https:\/\/www.risk21.com\/ca\/wp-json\/wp\/v2\/posts\/8832","targetHints":{"allow":["GET"]}}],"collection":[{"href":"https:\/\/www.risk21.com\/ca\/wp-json\/wp\/v2\/posts"}],"about":[{"href":"https:\/\/www.risk21.com\/ca\/wp-json\/wp\/v2\/types\/post"}],"author":[{"embeddable":true,"href":"https:\/\/www.risk21.com\/ca\/wp-json\/wp\/v2\/users\/3"}],"replies":[{"embeddable":true,"href":"https:\/\/www.risk21.com\/ca\/wp-json\/wp\/v2\/comments?post=8832"}],"version-history":[{"count":13,"href":"https:\/\/www.risk21.com\/ca\/wp-json\/wp\/v2\/posts\/8832\/revisions"}],"predecessor-version":[{"id":8851,"href":"https:\/\/www.risk21.com\/ca\/wp-json\/wp\/v2\/posts\/8832\/revisions\/8851"}],"wp:featuredmedia":[{"embeddable":true,"href":"https:\/\/www.risk21.com\/ca\/wp-json\/wp\/v2\/media\/8816"}],"wp:attachment":[{"href":"https:\/\/www.risk21.com\/ca\/wp-json\/wp\/v2\/media?parent=8832"}],"wp:term":[{"taxonomy":"category","embeddable":true,"href":"https:\/\/www.risk21.com\/ca\/wp-json\/wp\/v2\/categories?post=8832"},{"taxonomy":"post_tag","embeddable":true,"href":"https:\/\/www.risk21.com\/ca\/wp-json\/wp\/v2\/tags?post=8832"}],"curies":[{"name":"wp","href":"https:\/\/api.w.org\/{rel}","templated":true}]}}