{"id":8734,"date":"2019-02-15T00:01:26","date_gmt":"2019-02-15T00:01:26","guid":{"rendered":"https:\/\/www.risk21.com\/ca\/?p=8734"},"modified":"2019-02-12T15:12:57","modified_gmt":"2019-02-12T15:12:57","slug":"daniel-redon-ceo-saveknow-save-know-i-prl","status":"publish","type":"post","link":"https:\/\/www.risk21.com\/ca\/daniel-redon-ceo-saveknow-save-know-i-prl\/","title":{"rendered":"Daniel Red\u00f3n (CEO de SaveKnow): Corba de l&#8217;oblit, SaveKnow i Prl."},"content":{"rendered":"<p><strong>SAVEKNOW I PREVENCI\u00d3 DE RISCOS LABORALS<\/strong><\/p>\n<p><strong>Qui \u00e9s<a href=\"https:\/\/www.linkedin.com\/in\/danielredon\/\" target=\"_blank\" rel=\"noopener noreferrer\"> Daniel Red\u00f3n<\/a>?<\/strong><\/p>\n<p>Diplomat i M\u00e0ster en Direcci\u00f3 de M\u00e0rqueting per ESADE. Certificat IC-A en Bon Govern Corporatiu per l&#8217;Institut de Consellers-Administradors. Postgrau en Direcci\u00f3 Comercial i Postgrau en Gesti\u00f3 de Centres de Salut, tots dos per la Universitat de Barcelona. Professor convidat de la Universitat Aut\u00f2noma de Madrid. Ponent en confer\u00e8ncies i congressos.<\/p>\n<p>Amb m\u00e9s de 27 anys d&#8217;experi\u00e8ncia, he participat en la creaci\u00f3 de 7 empreses, dirigit 6 startups i ocupat la direcci\u00f3 general durant 7 anys en empreses tecnol\u00f2giques en el sector biotech. El meu bagatge es complementa amb 20 anys en l&#8217;\u00e0rea comercial i m\u00e0rqueting, 10 d&#8217;ells dirigint departaments i equips.<\/p>\n<p>Actualment soc fundador, CEO i President del Consell d&#8217;Administraci\u00f3 de l&#8217;empresa desenvolupadora de <a href=\"http:\/\/saveknow.com\/ca\/\" target=\"_blank\" rel=\"noopener noreferrer\">SaveKnow.<\/a><\/p>\n<p style=\"text-align: center;\"><strong><a href=\"https:\/\/www.youtube.com\/watch?v=7hjTot5Szsg\" target=\"_blank\" rel=\"noopener noreferrer\">V\u00eddeo explicatiu<\/a><\/strong><strong><a href=\"https:\/\/www.youtube.com\/watch?v=7hjTot5Szsg\" target=\"_blank\" rel=\"noopener noreferrer\"><img loading=\"lazy\" decoding=\"async\" class=\" wp-image-8793 aligncenter\" src=\"https:\/\/www.risk21.com\/wp-content\/uploads\/2019\/02\/saveknow-video-300x169.png\" alt=\"\" width=\"431\" height=\"243\" srcset=\"https:\/\/www.risk21.com\/wp-content\/uploads\/2019\/02\/saveknow-video-300x169.png 300w, https:\/\/www.risk21.com\/wp-content\/uploads\/2019\/02\/saveknow-video-768x432.png 768w, https:\/\/www.risk21.com\/wp-content\/uploads\/2019\/02\/saveknow-video-24x13.png 24w, https:\/\/www.risk21.com\/wp-content\/uploads\/2019\/02\/saveknow-video-36x20.png 36w, https:\/\/www.risk21.com\/wp-content\/uploads\/2019\/02\/saveknow-video-48x27.png 48w, https:\/\/www.risk21.com\/wp-content\/uploads\/2019\/02\/saveknow-video.png 820w\" sizes=\"auto, (max-width: 431px) 100vw, 431px\" \/><\/a><\/strong><\/p>\n<p>&nbsp;<\/p>\n<p><strong>I, Qu\u00e8 \u00e9s SaveKnow? <\/strong><\/p>\n<p>SaveKnow \u00e9s una app (iOS\/Android) i plataforma web <a href=\"http:\/\/saveknow.com\/ca\/\">(https:\/\/app.saveknow.com)<\/a> amb la qual els assistents a una formaci\u00f3, congr\u00e9s o confer\u00e8ncia, poden salvar en el seu compte d&#8217;usuari en el Cloud, tot el coneixement generat en l&#8217;esdeveniment, perqu\u00e8 puguin portar-lo en el seu m\u00f2bil all\u00e0 on vagin i consultar-lo des de qualsevol dispositiu (tel\u00e8fon intel\u00b7ligent, tablet, PC\/Mac, Smart TV o pissarra electr\u00f2nica) sempre que vulguin. Amb SaveKnow, a m\u00e9s, els ponents protegeixen millor la seva propietat intel\u00b7lectual i els sponsors generen impactes publicitaris molt m\u00e9s all\u00e0 de les dates de l&#8217;esdeveniment.<\/p>\n<blockquote><p><em>els assistents a una formaci\u00f3, congr\u00e9s o confer\u00e8ncia, poden salvar en el seu compte d&#8217;usuari en el Cloud, tot el coneixement generat en l&#8217;esdeveniment, perqu\u00e8 puguin portar-lo en el seu m\u00f2bil all\u00e0 on vagin i consultar-lo des de qualsevol dispositiu (tel\u00e8fon intel\u00b7ligent, tablet, PC\/Mac, Smart TV o pissarra electr\u00f2nica) sempre que vulguin.<\/em><\/p><\/blockquote>\n<p>&nbsp;<\/p>\n<p><strong>Com se li va plantejar la idea i necessitat d&#8217;una aplicaci\u00f3 com aquesta? <\/strong><\/p>\n<p>Durant els 14 anys que vaig estar en el sector biotecnol\u00f2gic, una de les meves funcions va ser la coordinaci\u00f3 d&#8217;esdeveniments per a l&#8217;equip, clients i prove\u00efdors, en els quals fonamenti es transmetia coneixement als assistents. En aquests esdeveniments i formacions vaig desenvolupar diferents rols. En uns vaig participar com a promotor de l&#8217;esdeveniment i en uns altres com a organitzador o ponent. En molts altres va ser assistent i com no, tamb\u00e9 vaig gestionar en alguns la participaci\u00f3 de l&#8217;empresa com sponsor.<\/p>\n<p>En el desenvolupament d&#8217;aquests rols vaig identificar necessitats no satisfetes en cadascun d&#8217;ells. El principal problema era el coneixement ef\u00edmer en formacions i esdeveniments professionals. Aconseguir que els assistents poguessin retenir m\u00e9s i millor el coneixement generat i transm\u00e8s en l&#8217;esdeveniment era el meu objectiu, perqu\u00e8 poguessin desenvolupar millors pr\u00e0ctiques professionals que revertissin en major seguretat, efic\u00e0cia i efici\u00e8ncia en el treball.<\/p>\n<p>Per a aix\u00f2, desenvolupar un sistema que permet\u00e9s conservar aquest coneixement per a facilitar la seva revisi\u00f3 i consulta posterior era clau. Vaig buscar una empresa, producte o servei que pogu\u00e9s satisfer aquestes necessitats, per\u00f2 no vaig tenir \u00e8xit en la cerca.<\/p>\n<p>Dues experi\u00e8ncies de car\u00e0cter personal van ser les que finalment em van motivar a desenvolupar la idea de negoci a una realitat de mercat. D&#8217;una banda, l&#8217;avan\u00e7 de la malaltia degenerativa del meu germ\u00e0 petit, gran aficionat a participar en debats i confer\u00e8ncies, ho va deixar en llit l&#8217;\u00faltima etapa de la seva vida, esbiaixant la seva participaci\u00f3 en aquests esdeveniments. D&#8217;altra banda, vaig participar en una formaci\u00f3 en una escola de negoci de la qual s\u00f3c alumni i vaig identificar el mateix problema: salvar el coneixement.<\/p>\n<p>Totes dues circumst\u00e0ncies em van animar a escriure un breafing amb el qual vaig anar a la cerca d&#8217;una empresa que pogu\u00e9s programar la meva idea de negoci en una app i plataforma web.<\/p>\n<p><strong>\u00a0<\/strong><\/p>\n<p><strong><a href=\"https:\/\/www.risk21.com\/wp-content\/uploads\/2019\/02\/SaveKnow.jpg\"><img loading=\"lazy\" decoding=\"async\" class=\" wp-image-8730 alignright\" src=\"https:\/\/www.risk21.com\/wp-content\/uploads\/2019\/02\/SaveKnow-300x200.jpg\" alt=\"\" width=\"383\" height=\"255\" srcset=\"https:\/\/www.risk21.com\/wp-content\/uploads\/2019\/02\/SaveKnow-300x200.jpg 300w, https:\/\/www.risk21.com\/wp-content\/uploads\/2019\/02\/SaveKnow-768x513.jpg 768w, https:\/\/www.risk21.com\/wp-content\/uploads\/2019\/02\/SaveKnow-1024x683.jpg 1024w, https:\/\/www.risk21.com\/wp-content\/uploads\/2019\/02\/SaveKnow-24x16.jpg 24w, https:\/\/www.risk21.com\/wp-content\/uploads\/2019\/02\/SaveKnow-36x24.jpg 36w, https:\/\/www.risk21.com\/wp-content\/uploads\/2019\/02\/SaveKnow-48x32.jpg 48w\" sizes=\"auto, (max-width: 383px) 100vw, 383px\" \/><\/a>Pot relatar-nos alguna experi\u00e8ncia reeixida d&#8217;aplicaci\u00f3 de SaveKnow?<\/strong><\/p>\n<p>Una experi\u00e8ncia que m&#8217;ha aportat una especial satisfacci\u00f3 ha estat cobrir les confer\u00e8ncies de l&#8217;esdeveniment \u201cLinkem Neurorrehabilitaci\u00f3n. IV Trobada de professionals sociosanitaris d&#8217;entitats membres d&#8217;EMA\u201d. Es tracta de l&#8217;esdeveniment de refer\u00e8ncia de la Fundaci\u00f3 Esclerosi M\u00faltiple Espanya.<\/p>\n<p>Amb SaveKnow es va aconseguir fer accessibles les confer\u00e8ncies en temps real als sanitaris i cuidadors que no van poder despla\u00e7ar-se a la trobada i per a tots, assistents i no assistents, posar a disposici\u00f3 les confer\u00e8ncies per a la seva consulta posterior a l&#8217;esdeveniment.<\/p>\n<p>&nbsp;<\/p>\n<p><strong>Daniel. M\u00e9s enll\u00e0 dels esdeveniments, confer\u00e8ncies, seminaris i\/o congressos Quina utilitat pr\u00e0ctica li veu a SaveKnow en l&#8217;\u00e0rea de Prevenci\u00f3 i RH?<\/strong><\/p>\n<p>En PRL la utilitat m\u00e9s destacada i que ja ha estat identificada per algun dels nostres clients de l&#8217;\u00e0rea de la mobilitat urbana, \u00e9s que la formaci\u00f3 vinculada a la prevenci\u00f3 de riscos en el lloc de treball estigui disponible i accessible des de qualsevol dispositiu, en qualsevol lloc i condici\u00f3. D&#8217;aquesta forma, si un empleat t\u00e9 algun dubte de com afrontar sense risc una determinada operaci\u00f3, manipulaci\u00f3 de peces, components, c\u00e0rrega, etc. en el seu treball, pot accedir des de qualsevol dispositiu al seu compte d&#8217;usuari en el Cloud i consultar r\u00e0pidament la informaci\u00f3 per a exercir la seva labor sense riscos, incloent les seves pr\u00f2pies anotacions anotades durant la formaci\u00f3 o despr\u00e9s d&#8217;ella.<\/p>\n<p>Aquesta utilitat aporta des del punt de vista de l&#8217;empresa, la garantia d&#8217;haver facilitat als seus empleats tots els recursos disponibles, necessaris per a fer un treball sense risc per a la salut.<\/p>\n<p>A m\u00e9s de formaci\u00f3 en PRL, des del departament de RH es realitzen nombroses formacions als empleats, ja siguin de capacitaci\u00f3 en nous processos, productes, serveis, materials o de millora de les pr\u00e0ctiques professionals. L&#8217;objectiu de l&#8217;empresa \u00e9s millorar les aptituds i capacitats dels seus empleats, facilitant la seva revisi\u00f3 i consulta posterior a la formaci\u00f3.<\/p>\n<p>SaveKnow permet identificar aquells empleats que, a m\u00e9s d&#8217;haver participat en la formaci\u00f3, han revisat posteriorment els v\u00eddeos de les formacions en les quals han participat i quantificar les seves revisions perqu\u00e8 l&#8217;empresa pugui premiar-los equitativament, si tenen una part de la seva prima vinculada a la formaci\u00f3.<\/p>\n<p>Aquesta \u00e9s una pr\u00e0ctica que realitzen alguns dels nostres clients, dividint l&#8217;import de la prima assignada a la formaci\u00f3 en quatre parts i distribuint-les entre l&#8217;assist\u00e8ncia a la formaci\u00f3 i un m\u00ednim de tres revisions, aplicant a cadascuna de les 4 etapes un 25%.<\/p>\n<blockquote><p><em>Aquesta utilitat aporta des del punt de vista de l&#8217;empresa, la garantia d&#8217;haver facilitat als seus empleats tots els recursos disponibles, necessaris per a fer un treball sense risc per a la salut.<\/em><\/p><\/blockquote>\n<p>&nbsp;<\/p>\n<p><strong>Una de les bases sobre les quals es fonamenta l&#8217;aplicaci\u00f3 SaveKnow \u00e9s la trucada \u201ccorba de l&#8217;Oblit\u201d De qu\u00e8 es tracta?<\/strong><\/p>\n<p>La \u201ccorba de l&#8217;oblit\u201d \u00e9s un concepte desenvolupat a la fi del S. XIX per Hermann Ebbinghaus, psiquiatre i fil\u00f2sof alemany, que \u00e9s bastant conegut en l&#8217;entorn educatiu i que explica la necessitat de fer el coneixement accessible per a la seva revisi\u00f3 i consulta, especialment en l&#8217;entorn professional.<\/p>\n<p><a href=\"https:\/\/www.risk21.com\/wp-content\/uploads\/2019\/02\/Erman-Ebingauss.jpg\"><img loading=\"lazy\" decoding=\"async\" class=\"alignnone wp-image-8741 aligncenter\" src=\"https:\/\/www.risk21.com\/wp-content\/uploads\/2019\/02\/Erman-Ebingauss-300x158.jpg\" alt=\"\" width=\"490\" height=\"258\" srcset=\"https:\/\/www.risk21.com\/wp-content\/uploads\/2019\/02\/Erman-Ebingauss-300x158.jpg 300w, https:\/\/www.risk21.com\/wp-content\/uploads\/2019\/02\/Erman-Ebingauss-768x403.jpg 768w, https:\/\/www.risk21.com\/wp-content\/uploads\/2019\/02\/Erman-Ebingauss-1024x538.jpg 1024w, https:\/\/www.risk21.com\/wp-content\/uploads\/2019\/02\/Erman-Ebingauss-24x13.jpg 24w, https:\/\/www.risk21.com\/wp-content\/uploads\/2019\/02\/Erman-Ebingauss-36x19.jpg 36w, https:\/\/www.risk21.com\/wp-content\/uploads\/2019\/02\/Erman-Ebingauss-48x25.jpg 48w, https:\/\/www.risk21.com\/wp-content\/uploads\/2019\/02\/Erman-Ebingauss.jpg 1200w\" sizes=\"auto, (max-width: 490px) 100vw, 490px\" \/><\/a><\/p>\n<p style=\"text-align: center;\"><strong>Hermann Ebbinghaus (1850 &#8211; 1909)<\/strong><\/p>\n<p>La &#8220;corba de l&#8217;oblit&#8221; quantifica el temps que som capa\u00e7os de recordar un nou coneixement si no el repassem i \u00e9s un concepte plenament vigent en els nostres dies. Ebbinghaus va quantificar que, l&#8217;endem\u00e0 de rebre un nou coneixement, si no el revisem nom\u00e9s recordem la meitat i en q\u00fcesti\u00f3 d&#8217;una setmana, podem perdre m\u00e9s del 95%. La contrapartida, de la &#8220;corba de l&#8217;oblit&#8221; \u00e9s que revisar aquest nou coneixement almenys tres vegades, que tant pot ser l&#8217;endem\u00e0 de rebre-ho, al segon dia i al tercer o en altres moments, fa que puguem recordar-lo per sobre del 90%.<\/p>\n<blockquote><p><em>La &#8220;corba de l&#8217;oblit&#8221; (de\u00a0Hermann Ebbinghaus) quantifica el temps que som capa\u00e7os de recordar un nou coneixement si no el repassem i \u00e9s un concepte plenament vigent en els nostres dies.<\/em><\/p><\/blockquote>\n<p>Quan estem en la nostra etapa acad\u00e8mica, en el col\u00b7legi, institut, universitat o quan cursem un m\u00e0ster o postgrau, som permanentment avaluats per a verificar que consolidem aquests nous coneixements. Els ex\u00e0mens i avaluacions fan que, per a aprovar-los, h\u00e0gim de revisar la informaci\u00f3, consolidant aix\u00ed el nou coneixement adquirit.<\/p>\n<p>Aquest descobriment \u00e9s especialment rellevant i explica per qu\u00e8 no fixem amb la mateixa efici\u00e8ncia els coneixements adquirits en la nostra etapa professional. Quan participem en formacions d&#8217;empresa, pon\u00e8ncies de congressos o confer\u00e8ncies, no som avaluats, per la qual cosa no sentim la necessitat de revisar la informaci\u00f3 i com a conseq\u00fc\u00e8ncia, no la fixem en la ment. Per\u00f2 una cosa igualment greu a no recordar el coneixement transm\u00e8s \u00e9s no disposar d&#8217;aquesta informaci\u00f3 accessible per a poder-la consultar quan ho necessitem.<\/p>\n<p><a href=\"https:\/\/www.risk21.com\/wp-content\/uploads\/2019\/02\/ebbinghaus-forgetting-curve.jpg\"><img loading=\"lazy\" decoding=\"async\" class=\"wp-image-8746 aligncenter\" src=\"https:\/\/www.risk21.com\/wp-content\/uploads\/2019\/02\/ebbinghaus-forgetting-curve-300x169.jpg\" alt=\"\" width=\"474\" height=\"267\" srcset=\"https:\/\/www.risk21.com\/wp-content\/uploads\/2019\/02\/ebbinghaus-forgetting-curve-300x169.jpg 300w, https:\/\/www.risk21.com\/wp-content\/uploads\/2019\/02\/ebbinghaus-forgetting-curve-24x14.jpg 24w, https:\/\/www.risk21.com\/wp-content\/uploads\/2019\/02\/ebbinghaus-forgetting-curve-36x20.jpg 36w, https:\/\/www.risk21.com\/wp-content\/uploads\/2019\/02\/ebbinghaus-forgetting-curve-48x27.jpg 48w, https:\/\/www.risk21.com\/wp-content\/uploads\/2019\/02\/ebbinghaus-forgetting-curve.jpg 496w\" sizes=\"auto, (max-width: 474px) 100vw, 474px\" \/><\/a><\/p>\n<p>En una enquesta que realitzem a assistents a formacions, congressos i confer\u00e8ncies professionals, les conclusions van ser:<\/p>\n<p>&#8211;\u00a0\u00a0\u00a0\u00a0\u00a0\u00a0\u00a0\u00a0\u00a0\u00a0 La majoria destina esfor\u00e7os per a salvar el coneixement rebut en aquests esdeveniments professionals. D&#8217;ells, el 79% ho fa prenent anotacions, el 12% fotografiant diapositives i el 9% enregistrant les pon\u00e8ncies en el m\u00f2bil<\/p>\n<p>&#8211;\u00a0\u00a0\u00a0\u00a0\u00a0\u00a0\u00a0\u00a0\u00a0\u00a0 L&#8217;11% confessa que despr\u00e9s de la formaci\u00f3 no revisen aquest coneixement mai m\u00e9s i el 55% que nom\u00e9s ho fa de forma puntual quan ha de consultar alguna cosa. El 28% revisa la informaci\u00f3 de la formaci\u00f3 entre 1 i 3 vegades i solo el 6% la revisa 3 o m\u00e9s vegades.<\/p>\n<p>&#8211;\u00a0\u00a0\u00a0\u00a0\u00a0\u00a0\u00a0\u00a0\u00a0\u00a0 El 6% confessa no saber on t\u00e9 les anotacions de l&#8217;\u00faltima formaci\u00f3 a la qual va acudir i el 44% encara que no ho recorda, creu que si la cerca, la troba. El 50% restant conserva les seves anotacions sempre en aquest, limitant les opcions per a la seva consulta si no es troba en aquest lloc quan el necessita.<\/p>\n<p>Si a tot aix\u00f2 sumem que la &#8220;corba de l&#8217;oblit&#8221; \u00e9s un concepte basal, aix\u00f2 \u00e9s que independentment de la nostra capacitat intel\u00b7lectual aplica en similar proporci\u00f3 a tothom, fa que sigui urgent aportar una soluci\u00f3 adaptada a les necessitats de l&#8217;empresa.<\/p>\n<p>Per tot l&#8217;exposat, el coneixement transm\u00e8s en un esdeveniment professional ja sigui formaci\u00f3, PRL, congr\u00e9s o confer\u00e8ncia, fins al dia d&#8217;avui ha estat tan ef\u00edmer com el propi esdeveniment. Aix\u00f2 va en contra directament dels objectius pel qual es va crear.<\/p>\n<p>SaveKnow \u00e9s una proposta amb la qual es generen arxius similars a &#8220;tutorials de YouTube&#8221;, de forma efica\u00e7 i eficient, que queden conservats de forma ordenada i segura al compte d&#8217;usuari corporativa de l&#8217;empleat en el Cloud i que poden ser consultats en qualsevol moment i condici\u00f3.<\/p>\n<p>Per tot l&#8217;explicat, podr\u00edem concloure que, entre els enquestats, si nom\u00e9s tenim un 6% que es revisen la informaci\u00f3 3 o m\u00e9s vegades despr\u00e9s de l&#8217;esdeveniment, el pressupost destinat a transmetre el coneixement en l&#8217;esdeveniment i per extensi\u00f3, el cost de l&#8217;assist\u00e8ncia a formacions, congressos o confer\u00e8ncies del 94% restant dels assistents, \u00e9s com si ho llanc\u00e9ssim a les escombraries.<\/p>\n<blockquote><p><em>Per tot l&#8217;exposat, el coneixement transm\u00e8s en un esdeveniment professional ja sigui formaci\u00f3, PRL, congr\u00e9s o confer\u00e8ncia, fins al dia d&#8217;avui ha estat tan ef\u00edmer com el propi esdeveniment. Aix\u00f2 va en contra directament dels objectius pel qual es va crear.<\/em><\/p><\/blockquote>\n<p style=\"text-align: center;\"><strong>\u00a0<a href=\"https:\/\/www.risk21.com\/ca\/la-curva-del-olvido-formacion-prl-reduccion-siniestralidad\/\" target=\"_blank\" rel=\"noopener noreferrer\">M\u00e9s info sobre la &#8220;Corba de l&#8217;oblit&#8221;<\/a><\/strong><\/p>\n<p>&nbsp;<\/p>\n<p><strong>Creu que SaveKnow pot ser una eina d&#8217;ajuda en la implantaci\u00f3 de canvis culturals (tan necessaris en Prevenci\u00f3 de Riscos Laborals) en empreses i\/o col\u00b7lectius professionals?<\/strong><\/p>\n<p>Per descomptat que s\u00ed. En l&#8217;era de la tecnologia, en la qual consumim m\u00e9s v\u00eddeos que lectura, SaveKnow ofereix una soluci\u00f3 a la retenci\u00f3 del coneixement en l&#8217;entorn professional, facilitant l&#8217;acc\u00e9s a la informaci\u00f3.<\/p>\n<p>Per a les empreses, garantir que els seus empleats disposen de la formaci\u00f3 en PRL disponible per a una f\u00e0cil revisi\u00f3 i consulta des de qualsevol dispositiu, en un format de v\u00eddeo, en qualsevol lloc i condici\u00f3, assegurant el desenvolupament del seu treball sense riscos, \u00e9s una novetat que fins ara no estava disponible.<\/p>\n<p>A m\u00e9s, SaveKnow s&#8217;ha dissenyat per a ser extremadament intu\u00eftiu i que qualsevol persona independentment de la seva qualificaci\u00f3 laboral, pugui desembolicar-se amb ell satisfact\u00f2riament.<\/p>\n<p>&nbsp;<\/p>\n<p><strong>Moltes gr\u00e0cies Daniel, i sort amb <a href=\"http:\/\/saveknow.com\/ca\/\" target=\"_blank\" rel=\"noopener noreferrer\">SaveKnow.<\/a><\/strong><\/p>\n<p>&nbsp;<\/p>\n","protected":false},"excerpt":{"rendered":"<p>SAVEKNOW I PREVENCI\u00d3 DE RISCOS LABORALS Qui \u00e9s Daniel Red\u00f3n? Diplomat i M\u00e0ster en Direcci\u00f3 de M\u00e0rqueting per ESADE. Certificat IC-A en Bon Govern Corporatiu per l&#8217;Institut de Consellers-Administradors. Postgrau en Direcci\u00f3 Comercial i Postgrau en Gesti\u00f3 de Centres de Salut, tots dos per la Universitat de Barcelona. Professor convidat de la Universitat Aut\u00f2noma de<br \/><a href=\"https:\/\/www.risk21.com\/ca\/daniel-redon-ceo-saveknow-save-know-i-prl\/\" class=\"more\">Llegir m\u00e9s<\/a><\/p>\n","protected":false},"author":3,"featured_media":8728,"comment_status":"closed","ping_status":"closed","sticky":false,"template":"","format":"standard","meta":{"footnotes":""},"categories":[324,91],"tags":[92],"class_list":["post-8734","post","type-post","status-publish","format-standard","has-post-thumbnail","hentry","category-entrevistas-ca","category-noticies-ca","tag-formacio-ca"],"yoast_head":"<!-- This site is optimized with the Yoast SEO plugin v25.3.1 - https:\/\/yoast.com\/wordpress\/plugins\/seo\/ -->\n<title>Daniel Red\u00f3n (CEO de SaveKnow): Corba de l&#039;oblit, SaveKnow i Prl. - Risk XXI<\/title>\n<meta name=\"robots\" content=\"index, follow, max-snippet:-1, max-image-preview:large, max-video-preview:-1\" \/>\n<link rel=\"canonical\" href=\"https:\/\/www.risk21.com\/ca\/daniel-redon-ceo-saveknow-save-know-i-prl\/\" \/>\n<meta property=\"og:locale\" content=\"ca_ES\" \/>\n<meta property=\"og:type\" content=\"article\" \/>\n<meta property=\"og:title\" content=\"Daniel Red\u00f3n (CEO de SaveKnow): Corba de l&#039;oblit, SaveKnow i Prl. - Risk XXI\" \/>\n<meta property=\"og:description\" content=\"SAVEKNOW I PREVENCI\u00d3 DE RISCOS LABORALS Qui \u00e9s Daniel Red\u00f3n? Diplomat i M\u00e0ster en Direcci\u00f3 de M\u00e0rqueting per ESADE. Certificat IC-A en Bon Govern Corporatiu per l&#8217;Institut de Consellers-Administradors. Postgrau en Direcci\u00f3 Comercial i Postgrau en Gesti\u00f3 de Centres de Salut, tots dos per la Universitat de Barcelona. Professor convidat de la Universitat Aut\u00f2noma deLlegir m\u00e9s\" \/>\n<meta property=\"og:url\" content=\"https:\/\/www.risk21.com\/ca\/daniel-redon-ceo-saveknow-save-know-i-prl\/\" \/>\n<meta property=\"og:site_name\" content=\"Risk XXI\" \/>\n<meta property=\"article:published_time\" content=\"2019-02-15T00:01:26+00:00\" \/>\n<meta property=\"og:image\" content=\"https:\/\/www.risk21.com\/wp-content\/uploads\/2019\/02\/Foto-HD-2.jpg\" \/>\n\t<meta property=\"og:image:width\" content=\"2585\" \/>\n\t<meta property=\"og:image:height\" content=\"1939\" \/>\n\t<meta property=\"og:image:type\" content=\"image\/jpeg\" \/>\n<meta name=\"author\" content=\"Risk XXI - Comunicacion\" \/>\n<meta name=\"twitter:card\" content=\"summary_large_image\" \/>\n<meta name=\"twitter:label1\" content=\"Escrit per\" \/>\n\t<meta name=\"twitter:data1\" content=\"Risk XXI - Comunicacion\" \/>\n\t<meta name=\"twitter:label2\" content=\"Temps estimat de lectura\" \/>\n\t<meta name=\"twitter:data2\" content=\"10 minuts\" \/>\n<script type=\"application\/ld+json\" class=\"yoast-schema-graph\">{\"@context\":\"https:\/\/schema.org\",\"@graph\":[{\"@type\":\"WebPage\",\"@id\":\"https:\/\/www.risk21.com\/ca\/daniel-redon-ceo-saveknow-save-know-i-prl\/\",\"url\":\"https:\/\/www.risk21.com\/ca\/daniel-redon-ceo-saveknow-save-know-i-prl\/\",\"name\":\"Daniel Red\u00f3n (CEO de SaveKnow): Corba de l'oblit, SaveKnow i Prl. - Risk XXI\",\"isPartOf\":{\"@id\":\"https:\/\/www.risk21.com\/#website\"},\"primaryImageOfPage\":{\"@id\":\"https:\/\/www.risk21.com\/ca\/daniel-redon-ceo-saveknow-save-know-i-prl\/#primaryimage\"},\"image\":{\"@id\":\"https:\/\/www.risk21.com\/ca\/daniel-redon-ceo-saveknow-save-know-i-prl\/#primaryimage\"},\"thumbnailUrl\":\"https:\/\/www.risk21.com\/wp-content\/uploads\/2019\/02\/Foto-HD-2.jpg\",\"datePublished\":\"2019-02-15T00:01:26+00:00\",\"author\":{\"@id\":\"https:\/\/www.risk21.com\/#\/schema\/person\/541ded27b075c85a124af6989fc72b1d\"},\"breadcrumb\":{\"@id\":\"https:\/\/www.risk21.com\/ca\/daniel-redon-ceo-saveknow-save-know-i-prl\/#breadcrumb\"},\"inLanguage\":\"ca\",\"potentialAction\":[{\"@type\":\"ReadAction\",\"target\":[\"https:\/\/www.risk21.com\/ca\/daniel-redon-ceo-saveknow-save-know-i-prl\/\"]}]},{\"@type\":\"ImageObject\",\"inLanguage\":\"ca\",\"@id\":\"https:\/\/www.risk21.com\/ca\/daniel-redon-ceo-saveknow-save-know-i-prl\/#primaryimage\",\"url\":\"https:\/\/www.risk21.com\/wp-content\/uploads\/2019\/02\/Foto-HD-2.jpg\",\"contentUrl\":\"https:\/\/www.risk21.com\/wp-content\/uploads\/2019\/02\/Foto-HD-2.jpg\",\"width\":2585,\"height\":1939},{\"@type\":\"BreadcrumbList\",\"@id\":\"https:\/\/www.risk21.com\/ca\/daniel-redon-ceo-saveknow-save-know-i-prl\/#breadcrumb\",\"itemListElement\":[{\"@type\":\"ListItem\",\"position\":1,\"name\":\"Portada\",\"item\":\"https:\/\/www.risk21.com\/ca\/\"},{\"@type\":\"ListItem\",\"position\":2,\"name\":\"Daniel Red\u00f3n (CEO de SaveKnow): Corba de l&#8217;oblit, SaveKnow i Prl.\"}]},{\"@type\":\"WebSite\",\"@id\":\"https:\/\/www.risk21.com\/#website\",\"url\":\"https:\/\/www.risk21.com\/\",\"name\":\"Risk XXI\",\"description\":\"Prl &amp; Services\",\"potentialAction\":[{\"@type\":\"SearchAction\",\"target\":{\"@type\":\"EntryPoint\",\"urlTemplate\":\"https:\/\/www.risk21.com\/?s={search_term_string}\"},\"query-input\":{\"@type\":\"PropertyValueSpecification\",\"valueRequired\":true,\"valueName\":\"search_term_string\"}}],\"inLanguage\":\"ca\"},{\"@type\":\"Person\",\"@id\":\"https:\/\/www.risk21.com\/#\/schema\/person\/541ded27b075c85a124af6989fc72b1d\",\"name\":\"Risk XXI - Comunicacion\",\"url\":\"https:\/\/www.risk21.com\/ca\/author\/comunicacion\/\"}]}<\/script>\n<!-- \/ Yoast SEO plugin. -->","yoast_head_json":{"title":"Daniel Red\u00f3n (CEO de SaveKnow): Corba de l'oblit, SaveKnow i Prl. - Risk XXI","robots":{"index":"index","follow":"follow","max-snippet":"max-snippet:-1","max-image-preview":"max-image-preview:large","max-video-preview":"max-video-preview:-1"},"canonical":"https:\/\/www.risk21.com\/ca\/daniel-redon-ceo-saveknow-save-know-i-prl\/","og_locale":"ca_ES","og_type":"article","og_title":"Daniel Red\u00f3n (CEO de SaveKnow): Corba de l'oblit, SaveKnow i Prl. - Risk XXI","og_description":"SAVEKNOW I PREVENCI\u00d3 DE RISCOS LABORALS Qui \u00e9s Daniel Red\u00f3n? Diplomat i M\u00e0ster en Direcci\u00f3 de M\u00e0rqueting per ESADE. Certificat IC-A en Bon Govern Corporatiu per l&#8217;Institut de Consellers-Administradors. Postgrau en Direcci\u00f3 Comercial i Postgrau en Gesti\u00f3 de Centres de Salut, tots dos per la Universitat de Barcelona. Professor convidat de la Universitat Aut\u00f2noma deLlegir m\u00e9s","og_url":"https:\/\/www.risk21.com\/ca\/daniel-redon-ceo-saveknow-save-know-i-prl\/","og_site_name":"Risk XXI","article_published_time":"2019-02-15T00:01:26+00:00","og_image":[{"width":2585,"height":1939,"url":"https:\/\/www.risk21.com\/wp-content\/uploads\/2019\/02\/Foto-HD-2.jpg","type":"image\/jpeg"}],"author":"Risk XXI - Comunicacion","twitter_card":"summary_large_image","twitter_misc":{"Escrit per":"Risk XXI - Comunicacion","Temps estimat de lectura":"10 minuts"},"schema":{"@context":"https:\/\/schema.org","@graph":[{"@type":"WebPage","@id":"https:\/\/www.risk21.com\/ca\/daniel-redon-ceo-saveknow-save-know-i-prl\/","url":"https:\/\/www.risk21.com\/ca\/daniel-redon-ceo-saveknow-save-know-i-prl\/","name":"Daniel Red\u00f3n (CEO de SaveKnow): Corba de l'oblit, SaveKnow i Prl. - Risk XXI","isPartOf":{"@id":"https:\/\/www.risk21.com\/#website"},"primaryImageOfPage":{"@id":"https:\/\/www.risk21.com\/ca\/daniel-redon-ceo-saveknow-save-know-i-prl\/#primaryimage"},"image":{"@id":"https:\/\/www.risk21.com\/ca\/daniel-redon-ceo-saveknow-save-know-i-prl\/#primaryimage"},"thumbnailUrl":"https:\/\/www.risk21.com\/wp-content\/uploads\/2019\/02\/Foto-HD-2.jpg","datePublished":"2019-02-15T00:01:26+00:00","author":{"@id":"https:\/\/www.risk21.com\/#\/schema\/person\/541ded27b075c85a124af6989fc72b1d"},"breadcrumb":{"@id":"https:\/\/www.risk21.com\/ca\/daniel-redon-ceo-saveknow-save-know-i-prl\/#breadcrumb"},"inLanguage":"ca","potentialAction":[{"@type":"ReadAction","target":["https:\/\/www.risk21.com\/ca\/daniel-redon-ceo-saveknow-save-know-i-prl\/"]}]},{"@type":"ImageObject","inLanguage":"ca","@id":"https:\/\/www.risk21.com\/ca\/daniel-redon-ceo-saveknow-save-know-i-prl\/#primaryimage","url":"https:\/\/www.risk21.com\/wp-content\/uploads\/2019\/02\/Foto-HD-2.jpg","contentUrl":"https:\/\/www.risk21.com\/wp-content\/uploads\/2019\/02\/Foto-HD-2.jpg","width":2585,"height":1939},{"@type":"BreadcrumbList","@id":"https:\/\/www.risk21.com\/ca\/daniel-redon-ceo-saveknow-save-know-i-prl\/#breadcrumb","itemListElement":[{"@type":"ListItem","position":1,"name":"Portada","item":"https:\/\/www.risk21.com\/ca\/"},{"@type":"ListItem","position":2,"name":"Daniel Red\u00f3n (CEO de SaveKnow): Corba de l&#8217;oblit, SaveKnow i Prl."}]},{"@type":"WebSite","@id":"https:\/\/www.risk21.com\/#website","url":"https:\/\/www.risk21.com\/","name":"Risk XXI","description":"Prl &amp; Services","potentialAction":[{"@type":"SearchAction","target":{"@type":"EntryPoint","urlTemplate":"https:\/\/www.risk21.com\/?s={search_term_string}"},"query-input":{"@type":"PropertyValueSpecification","valueRequired":true,"valueName":"search_term_string"}}],"inLanguage":"ca"},{"@type":"Person","@id":"https:\/\/www.risk21.com\/#\/schema\/person\/541ded27b075c85a124af6989fc72b1d","name":"Risk XXI - Comunicacion","url":"https:\/\/www.risk21.com\/ca\/author\/comunicacion\/"}]}},"_links":{"self":[{"href":"https:\/\/www.risk21.com\/ca\/wp-json\/wp\/v2\/posts\/8734","targetHints":{"allow":["GET"]}}],"collection":[{"href":"https:\/\/www.risk21.com\/ca\/wp-json\/wp\/v2\/posts"}],"about":[{"href":"https:\/\/www.risk21.com\/ca\/wp-json\/wp\/v2\/types\/post"}],"author":[{"embeddable":true,"href":"https:\/\/www.risk21.com\/ca\/wp-json\/wp\/v2\/users\/3"}],"replies":[{"embeddable":true,"href":"https:\/\/www.risk21.com\/ca\/wp-json\/wp\/v2\/comments?post=8734"}],"version-history":[{"count":14,"href":"https:\/\/www.risk21.com\/ca\/wp-json\/wp\/v2\/posts\/8734\/revisions"}],"predecessor-version":[{"id":8910,"href":"https:\/\/www.risk21.com\/ca\/wp-json\/wp\/v2\/posts\/8734\/revisions\/8910"}],"wp:featuredmedia":[{"embeddable":true,"href":"https:\/\/www.risk21.com\/ca\/wp-json\/wp\/v2\/media\/8728"}],"wp:attachment":[{"href":"https:\/\/www.risk21.com\/ca\/wp-json\/wp\/v2\/media?parent=8734"}],"wp:term":[{"taxonomy":"category","embeddable":true,"href":"https:\/\/www.risk21.com\/ca\/wp-json\/wp\/v2\/categories?post=8734"},{"taxonomy":"post_tag","embeddable":true,"href":"https:\/\/www.risk21.com\/ca\/wp-json\/wp\/v2\/tags?post=8734"}],"curies":[{"name":"wp","href":"https:\/\/api.w.org\/{rel}","templated":true}]}}