{"id":7918,"date":"2018-04-16T19:32:06","date_gmt":"2018-04-16T19:32:06","guid":{"rendered":"https:\/\/www.risk21.com\/ca\/?p=7918"},"modified":"2019-02-19T12:17:15","modified_gmt":"2019-02-19T12:17:15","slug":"dins-qualsevol-pla-prl-duna-empresa-hauria-contemplar-se-com-una-prioritat-disseny-dels-espais-treball","status":"publish","type":"post","link":"https:\/\/www.risk21.com\/ca\/dins-qualsevol-pla-prl-duna-empresa-hauria-contemplar-se-com-una-prioritat-disseny-dels-espais-treball\/","title":{"rendered":"&#8220;Qualsevol pla de PRL d&#8217;una empresa hauria de contemplar, com una prioritat, el disseny de cada un dels espais de treball&#8221;"},"content":{"rendered":"<p>Santi Ferrer-Vidal Cortella. Dissenyador d&#8217;interiors, dissenyador de mobiliari, decorador, activista i docent. Amant de l&#8217;arquitectura i de totes les variacions del disseny. Ferrer-Vidal ens parla de la import\u00e0ncia de l&#8217;interiorisme en la salut laboral i el benestar a la feina.<br \/>\nHa cursat estudis d&#8217;Arquitectura a l&#8217;Escola Superior d&#8217;Arquitectura del Vall\u00e8s de la UPC. Combinat amb altres estudis d&#8217;Hist\u00f2ria de l&#8217;Art. Estudi\u00e0 a EINA, Escola de Disseny i Art amb un m\u00e0ster en\u00a0&#8220;Recerca en Art i Disseny&#8221; per la UAB. Com a professional treballa en l&#8217;\u00e0mbit del disseny des de 1984, havent participat en nombrosos projectes de tipus molt variat i heterogeni. Maquetisme, escenografia per a Televisi\u00f3, urbanisme. Fundador de l&#8217;Estudi <a href=\"http:\/\/www.grupoinstrumenta.com\/\" target=\"_blank\" rel=\"noopener noreferrer\"><strong>GRUP INSTRUMENTA<\/strong><\/a>, ha participat i desenvolupat nombrosos projectes per a espais de treball en entorns industrials i d&#8217;oficines, restauraci\u00f3 i espais comercials&#8230;.Tot aix\u00f2 combinat amb una intensa activitat docent i de publicacions sobre la mat\u00e8ria.<\/p>\n<p><strong>Breument Com definiria el concepte &#8220;disseny d&#8217;interiors&#8221;? \u00bfDisseny o arquitectura?<\/strong><\/p>\n<p>Disseny d&#8217;interiors \u00e9s aquella activitat humana que transforma qualsevol espai interior atenent a un programa utilitari predefinit. Com a objectiu principal, aquesta activitat ha de resoldre les preguntes funcionals que es plantegen a l&#8217;hora de realitzar un projecte, aix\u00ed com els objectius est\u00e8tics a complir amb motiu de l&#8217;enc\u00e0rrec.<\/p>\n<p>Tot \u00e9s arquitectura depenent de la seva escala. Tot \u00e9s disseny quan es projecta amb sensibilitat.<\/p>\n<p><strong>Per quins motius el disseny d&#8217;un espai de treball s&#8217;ha de deixar en mans de professionals especialitzats?<\/strong><\/p>\n<p>El disseny d&#8217;un espai de treball \u00e9s una cosa fonamental per al confort i la realitzaci\u00f3 personal i professional de qualsevol persona. La gran quantitat d&#8217;hores de les nostres vides que destinem a la feina en aquests espais haurien d&#8217;exigir un disseny \u00f2ptim i que, sens dubte, han de repercutir directament en la nostra qualitat de vida. Fer dom\u00e8stic l&#8217;espai de treball aix\u00ed com menys formal l&#8217;espai dom\u00e8stic dissolent els seus l\u00edmits.<\/p>\n<p>El professional especialitzat s&#8217;ha d&#8217;erigir com a intermediari entre el client i l&#8217;usuari final, aquell per a qui va dirigit el projecte, pensant que li arribar\u00e0 un moment que li tocar\u00e0 retirar-se.<\/p>\n<p><strong>Basant-se en la seva llarga experi\u00e8ncia professional \u00bfpot afirmar que el disseny d&#8217;espais de treball influeix en la salut i benestar laboral dels empleats?<\/strong><\/p>\n<p>Sens dubte aix\u00ed \u00e9s. En dissenyar amb qualitat espais de treball vam crear gran part de les condicions \u00f2ptimes perqu\u00e8 el fet diari d&#8217;anar a treballar no es converteixi en rutina o falta de motivaci\u00f3, sobretot si s\u00f3n obligades estades massa allargades en els llocs de treball.<\/p>\n<p><strong>M\u00e9s enll\u00e0 de l&#8217;aspecte merament est\u00e8tic, ens podria presentar alguns casos d&#8217;\u00e8xit en qu\u00e8 el disseny interior d&#8217;un espai de treball ho hagi convertit en m\u00e9s saludable?<\/strong><\/p>\n<p>Espais de treball com Google, Facebook, Apple o multitud de <em>coworkings<\/em> on es valora l&#8217;espai comunitari per sobre de l&#8217;individual, on tampoc es controla l&#8217;assist\u00e8ncia sin\u00f3 els objectius finals. Espais ben ventilats, il\u00b7luminats, amb bones condicions ac\u00fastiques, en on el confort f\u00edsic es troba potenciat amb suggeriments est\u00e8tics que dissolguin els diferents ambients a la recerca d&#8217;un estat emocional concret.<\/p>\n<p><strong>Santiago, Com encaixaria vost\u00e8 l&#8217;activitat del disseny d&#8217;espais de treball dins del pla de prevenci\u00f3 de riscos laborals d&#8217;una empresa? \u00c9s possible?<\/strong><\/p>\n<p>En principi, dins de qualsevol pla de prevenci\u00f3 de riscos laborals d&#8217;una empresa hauria de contemplar-se com una prioritat el disseny de cada un dels espais de treball. Sembla evident que amb unes condicions exigents en q\u00fcestions de confort funcional o utilitari aix\u00ed com entorns est\u00e8tics desenvolupats, els rendiments creixerien exponencialment eliminant qualsevol escenari de reg laboral, o almenys, minimitzant-lo al m\u00ednim.<\/p>\n<p><strong>Podria donar-nos alguna recomanaci\u00f3 per millorar el disseny del nostre entorn de treball de tal manera que sigui m\u00e9s saludable i reduir el risc d&#8217;accidents, lesions i \/ o malalties professionals?<\/strong><\/p>\n<p>Una recomanaci\u00f3 imprescindible \u00e9s dotar cada espai de treball d&#8217;unes condicions \u00f2ptimes d&#8217;il\u00b7luminaci\u00f3, ja sigui natural com artificial. Realitzar els estudis pertinents, envoltar-se de professionals competents per resoldre aquestes q\u00fcestions. El mobiliari \u00e9s igualment important. Envoltar-se taules i cadires on es prioritzin els conceptes ergon\u00f2mics i dimensionals. L&#8217;estudi de la climatitzaci\u00f3 dels diferents espais i la renovaci\u00f3 de l&#8217;aire resultar\u00e0 igualment imprescindible. Finalment preveure zones de descans del personal amb mobiliari m\u00e9s confortable o, per qu\u00e8 no, dom\u00e8stic, en un intent de crear \u00e0rees &#8220;dom\u00e8stiques&#8221; on es desenvolupin activitats a mig cam\u00ed entre la vida laboral i la quotidianitat de la vida dom\u00e8stica.<\/p>\n","protected":false},"excerpt":{"rendered":"<p>Santi Ferrer-Vidal Cortella. Dissenyador d&#8217;interiors, dissenyador de mobiliari, decorador, activista i docent. Amant de l&#8217;arquitectura i de totes les variacions del disseny. Ferrer-Vidal ens parla de la import\u00e0ncia de l&#8217;interiorisme en la salut laboral i el benestar a la feina. Ha cursat estudis d&#8217;Arquitectura a l&#8217;Escola Superior d&#8217;Arquitectura del Vall\u00e8s de la UPC. Combinat amb<br \/><a href=\"https:\/\/www.risk21.com\/ca\/dins-qualsevol-pla-prl-duna-empresa-hauria-contemplar-se-com-una-prioritat-disseny-dels-espais-treball\/\" class=\"more\">Llegir m\u00e9s<\/a><\/p>\n","protected":false},"author":3,"featured_media":7913,"comment_status":"closed","ping_status":"closed","sticky":false,"template":"","format":"standard","meta":{"footnotes":""},"categories":[270,91],"tags":[264,158,138],"class_list":["post-7918","post","type-post","status-publish","format-standard","has-post-thumbnail","hentry","category-entrevistes","category-noticies-ca","tag-entrevistes","tag-risk-xxi-prl-services","tag-salut-laboral"],"yoast_head":"<!-- This site is optimized with the Yoast SEO plugin v25.3.1 - https:\/\/yoast.com\/wordpress\/plugins\/seo\/ -->\n<title>&quot;Qualsevol pla de PRL d&#039;una empresa hauria de contemplar, com una prioritat, el disseny de cada un dels espais de treball&quot; - Risk XXI<\/title>\n<meta name=\"robots\" content=\"index, follow, max-snippet:-1, max-image-preview:large, max-video-preview:-1\" \/>\n<link rel=\"canonical\" href=\"https:\/\/www.risk21.com\/ca\/dins-qualsevol-pla-prl-duna-empresa-hauria-contemplar-se-com-una-prioritat-disseny-dels-espais-treball\/\" \/>\n<meta property=\"og:locale\" content=\"ca_ES\" \/>\n<meta property=\"og:type\" content=\"article\" \/>\n<meta property=\"og:title\" content=\"&quot;Qualsevol pla de PRL d&#039;una empresa hauria de contemplar, com una prioritat, el disseny de cada un dels espais de treball&quot; - Risk XXI\" \/>\n<meta property=\"og:description\" content=\"Santi Ferrer-Vidal Cortella. Dissenyador d&#8217;interiors, dissenyador de mobiliari, decorador, activista i docent. Amant de l&#8217;arquitectura i de totes les variacions del disseny. Ferrer-Vidal ens parla de la import\u00e0ncia de l&#8217;interiorisme en la salut laboral i el benestar a la feina. Ha cursat estudis d&#8217;Arquitectura a l&#8217;Escola Superior d&#8217;Arquitectura del Vall\u00e8s de la UPC. Combinat ambLlegir m\u00e9s\" \/>\n<meta property=\"og:url\" content=\"https:\/\/www.risk21.com\/ca\/dins-qualsevol-pla-prl-duna-empresa-hauria-contemplar-se-com-una-prioritat-disseny-dels-espais-treball\/\" \/>\n<meta property=\"og:site_name\" content=\"Risk XXI\" \/>\n<meta property=\"article:published_time\" content=\"2018-04-16T19:32:06+00:00\" \/>\n<meta property=\"article:modified_time\" content=\"2019-02-19T12:17:15+00:00\" \/>\n<meta property=\"og:image\" content=\"https:\/\/www.risk21.com\/wp-content\/uploads\/2018\/04\/Santi-Ferrer-Vidal.png\" \/>\n\t<meta property=\"og:image:width\" content=\"819\" \/>\n\t<meta property=\"og:image:height\" content=\"460\" \/>\n\t<meta property=\"og:image:type\" content=\"image\/png\" \/>\n<meta name=\"author\" content=\"Risk XXI - Comunicacion\" \/>\n<meta name=\"twitter:card\" content=\"summary_large_image\" \/>\n<meta name=\"twitter:label1\" content=\"Escrit per\" \/>\n\t<meta name=\"twitter:data1\" content=\"Risk XXI - Comunicacion\" \/>\n\t<meta name=\"twitter:label2\" content=\"Temps estimat de lectura\" \/>\n\t<meta name=\"twitter:data2\" content=\"4 minuts\" \/>\n<script type=\"application\/ld+json\" class=\"yoast-schema-graph\">{\"@context\":\"https:\/\/schema.org\",\"@graph\":[{\"@type\":\"WebPage\",\"@id\":\"https:\/\/www.risk21.com\/ca\/dins-qualsevol-pla-prl-duna-empresa-hauria-contemplar-se-com-una-prioritat-disseny-dels-espais-treball\/\",\"url\":\"https:\/\/www.risk21.com\/ca\/dins-qualsevol-pla-prl-duna-empresa-hauria-contemplar-se-com-una-prioritat-disseny-dels-espais-treball\/\",\"name\":\"\\\"Qualsevol pla de PRL d'una empresa hauria de contemplar, com una prioritat, el disseny de cada un dels espais de treball\\\" - Risk XXI\",\"isPartOf\":{\"@id\":\"https:\/\/www.risk21.com\/#website\"},\"primaryImageOfPage\":{\"@id\":\"https:\/\/www.risk21.com\/ca\/dins-qualsevol-pla-prl-duna-empresa-hauria-contemplar-se-com-una-prioritat-disseny-dels-espais-treball\/#primaryimage\"},\"image\":{\"@id\":\"https:\/\/www.risk21.com\/ca\/dins-qualsevol-pla-prl-duna-empresa-hauria-contemplar-se-com-una-prioritat-disseny-dels-espais-treball\/#primaryimage\"},\"thumbnailUrl\":\"https:\/\/www.risk21.com\/wp-content\/uploads\/2018\/04\/Santi-Ferrer-Vidal.png\",\"datePublished\":\"2018-04-16T19:32:06+00:00\",\"dateModified\":\"2019-02-19T12:17:15+00:00\",\"author\":{\"@id\":\"https:\/\/www.risk21.com\/#\/schema\/person\/541ded27b075c85a124af6989fc72b1d\"},\"breadcrumb\":{\"@id\":\"https:\/\/www.risk21.com\/ca\/dins-qualsevol-pla-prl-duna-empresa-hauria-contemplar-se-com-una-prioritat-disseny-dels-espais-treball\/#breadcrumb\"},\"inLanguage\":\"ca\",\"potentialAction\":[{\"@type\":\"ReadAction\",\"target\":[\"https:\/\/www.risk21.com\/ca\/dins-qualsevol-pla-prl-duna-empresa-hauria-contemplar-se-com-una-prioritat-disseny-dels-espais-treball\/\"]}]},{\"@type\":\"ImageObject\",\"inLanguage\":\"ca\",\"@id\":\"https:\/\/www.risk21.com\/ca\/dins-qualsevol-pla-prl-duna-empresa-hauria-contemplar-se-com-una-prioritat-disseny-dels-espais-treball\/#primaryimage\",\"url\":\"https:\/\/www.risk21.com\/wp-content\/uploads\/2018\/04\/Santi-Ferrer-Vidal.png\",\"contentUrl\":\"https:\/\/www.risk21.com\/wp-content\/uploads\/2018\/04\/Santi-Ferrer-Vidal.png\",\"width\":819,\"height\":460},{\"@type\":\"BreadcrumbList\",\"@id\":\"https:\/\/www.risk21.com\/ca\/dins-qualsevol-pla-prl-duna-empresa-hauria-contemplar-se-com-una-prioritat-disseny-dels-espais-treball\/#breadcrumb\",\"itemListElement\":[{\"@type\":\"ListItem\",\"position\":1,\"name\":\"Portada\",\"item\":\"https:\/\/www.risk21.com\/ca\/\"},{\"@type\":\"ListItem\",\"position\":2,\"name\":\"&#8220;Qualsevol pla de PRL d&#8217;una empresa hauria de contemplar, com una prioritat, el disseny de cada un dels espais de treball&#8221;\"}]},{\"@type\":\"WebSite\",\"@id\":\"https:\/\/www.risk21.com\/#website\",\"url\":\"https:\/\/www.risk21.com\/\",\"name\":\"Risk XXI\",\"description\":\"Prl &amp; Services\",\"potentialAction\":[{\"@type\":\"SearchAction\",\"target\":{\"@type\":\"EntryPoint\",\"urlTemplate\":\"https:\/\/www.risk21.com\/?s={search_term_string}\"},\"query-input\":{\"@type\":\"PropertyValueSpecification\",\"valueRequired\":true,\"valueName\":\"search_term_string\"}}],\"inLanguage\":\"ca\"},{\"@type\":\"Person\",\"@id\":\"https:\/\/www.risk21.com\/#\/schema\/person\/541ded27b075c85a124af6989fc72b1d\",\"name\":\"Risk XXI - Comunicacion\",\"url\":\"https:\/\/www.risk21.com\/ca\/author\/comunicacion\/\"}]}<\/script>\n<!-- \/ Yoast SEO plugin. -->","yoast_head_json":{"title":"\"Qualsevol pla de PRL d'una empresa hauria de contemplar, com una prioritat, el disseny de cada un dels espais de treball\" - Risk XXI","robots":{"index":"index","follow":"follow","max-snippet":"max-snippet:-1","max-image-preview":"max-image-preview:large","max-video-preview":"max-video-preview:-1"},"canonical":"https:\/\/www.risk21.com\/ca\/dins-qualsevol-pla-prl-duna-empresa-hauria-contemplar-se-com-una-prioritat-disseny-dels-espais-treball\/","og_locale":"ca_ES","og_type":"article","og_title":"\"Qualsevol pla de PRL d'una empresa hauria de contemplar, com una prioritat, el disseny de cada un dels espais de treball\" - Risk XXI","og_description":"Santi Ferrer-Vidal Cortella. Dissenyador d&#8217;interiors, dissenyador de mobiliari, decorador, activista i docent. Amant de l&#8217;arquitectura i de totes les variacions del disseny. Ferrer-Vidal ens parla de la import\u00e0ncia de l&#8217;interiorisme en la salut laboral i el benestar a la feina. Ha cursat estudis d&#8217;Arquitectura a l&#8217;Escola Superior d&#8217;Arquitectura del Vall\u00e8s de la UPC. Combinat ambLlegir m\u00e9s","og_url":"https:\/\/www.risk21.com\/ca\/dins-qualsevol-pla-prl-duna-empresa-hauria-contemplar-se-com-una-prioritat-disseny-dels-espais-treball\/","og_site_name":"Risk XXI","article_published_time":"2018-04-16T19:32:06+00:00","article_modified_time":"2019-02-19T12:17:15+00:00","og_image":[{"width":819,"height":460,"url":"https:\/\/www.risk21.com\/wp-content\/uploads\/2018\/04\/Santi-Ferrer-Vidal.png","type":"image\/png"}],"author":"Risk XXI - Comunicacion","twitter_card":"summary_large_image","twitter_misc":{"Escrit per":"Risk XXI - Comunicacion","Temps estimat de lectura":"4 minuts"},"schema":{"@context":"https:\/\/schema.org","@graph":[{"@type":"WebPage","@id":"https:\/\/www.risk21.com\/ca\/dins-qualsevol-pla-prl-duna-empresa-hauria-contemplar-se-com-una-prioritat-disseny-dels-espais-treball\/","url":"https:\/\/www.risk21.com\/ca\/dins-qualsevol-pla-prl-duna-empresa-hauria-contemplar-se-com-una-prioritat-disseny-dels-espais-treball\/","name":"\"Qualsevol pla de PRL d'una empresa hauria de contemplar, com una prioritat, el disseny de cada un dels espais de treball\" - Risk XXI","isPartOf":{"@id":"https:\/\/www.risk21.com\/#website"},"primaryImageOfPage":{"@id":"https:\/\/www.risk21.com\/ca\/dins-qualsevol-pla-prl-duna-empresa-hauria-contemplar-se-com-una-prioritat-disseny-dels-espais-treball\/#primaryimage"},"image":{"@id":"https:\/\/www.risk21.com\/ca\/dins-qualsevol-pla-prl-duna-empresa-hauria-contemplar-se-com-una-prioritat-disseny-dels-espais-treball\/#primaryimage"},"thumbnailUrl":"https:\/\/www.risk21.com\/wp-content\/uploads\/2018\/04\/Santi-Ferrer-Vidal.png","datePublished":"2018-04-16T19:32:06+00:00","dateModified":"2019-02-19T12:17:15+00:00","author":{"@id":"https:\/\/www.risk21.com\/#\/schema\/person\/541ded27b075c85a124af6989fc72b1d"},"breadcrumb":{"@id":"https:\/\/www.risk21.com\/ca\/dins-qualsevol-pla-prl-duna-empresa-hauria-contemplar-se-com-una-prioritat-disseny-dels-espais-treball\/#breadcrumb"},"inLanguage":"ca","potentialAction":[{"@type":"ReadAction","target":["https:\/\/www.risk21.com\/ca\/dins-qualsevol-pla-prl-duna-empresa-hauria-contemplar-se-com-una-prioritat-disseny-dels-espais-treball\/"]}]},{"@type":"ImageObject","inLanguage":"ca","@id":"https:\/\/www.risk21.com\/ca\/dins-qualsevol-pla-prl-duna-empresa-hauria-contemplar-se-com-una-prioritat-disseny-dels-espais-treball\/#primaryimage","url":"https:\/\/www.risk21.com\/wp-content\/uploads\/2018\/04\/Santi-Ferrer-Vidal.png","contentUrl":"https:\/\/www.risk21.com\/wp-content\/uploads\/2018\/04\/Santi-Ferrer-Vidal.png","width":819,"height":460},{"@type":"BreadcrumbList","@id":"https:\/\/www.risk21.com\/ca\/dins-qualsevol-pla-prl-duna-empresa-hauria-contemplar-se-com-una-prioritat-disseny-dels-espais-treball\/#breadcrumb","itemListElement":[{"@type":"ListItem","position":1,"name":"Portada","item":"https:\/\/www.risk21.com\/ca\/"},{"@type":"ListItem","position":2,"name":"&#8220;Qualsevol pla de PRL d&#8217;una empresa hauria de contemplar, com una prioritat, el disseny de cada un dels espais de treball&#8221;"}]},{"@type":"WebSite","@id":"https:\/\/www.risk21.com\/#website","url":"https:\/\/www.risk21.com\/","name":"Risk XXI","description":"Prl &amp; Services","potentialAction":[{"@type":"SearchAction","target":{"@type":"EntryPoint","urlTemplate":"https:\/\/www.risk21.com\/?s={search_term_string}"},"query-input":{"@type":"PropertyValueSpecification","valueRequired":true,"valueName":"search_term_string"}}],"inLanguage":"ca"},{"@type":"Person","@id":"https:\/\/www.risk21.com\/#\/schema\/person\/541ded27b075c85a124af6989fc72b1d","name":"Risk XXI - Comunicacion","url":"https:\/\/www.risk21.com\/ca\/author\/comunicacion\/"}]}},"_links":{"self":[{"href":"https:\/\/www.risk21.com\/ca\/wp-json\/wp\/v2\/posts\/7918","targetHints":{"allow":["GET"]}}],"collection":[{"href":"https:\/\/www.risk21.com\/ca\/wp-json\/wp\/v2\/posts"}],"about":[{"href":"https:\/\/www.risk21.com\/ca\/wp-json\/wp\/v2\/types\/post"}],"author":[{"embeddable":true,"href":"https:\/\/www.risk21.com\/ca\/wp-json\/wp\/v2\/users\/3"}],"replies":[{"embeddable":true,"href":"https:\/\/www.risk21.com\/ca\/wp-json\/wp\/v2\/comments?post=7918"}],"version-history":[{"count":4,"href":"https:\/\/www.risk21.com\/ca\/wp-json\/wp\/v2\/posts\/7918\/revisions"}],"predecessor-version":[{"id":7926,"href":"https:\/\/www.risk21.com\/ca\/wp-json\/wp\/v2\/posts\/7918\/revisions\/7926"}],"wp:featuredmedia":[{"embeddable":true,"href":"https:\/\/www.risk21.com\/ca\/wp-json\/wp\/v2\/media\/7913"}],"wp:attachment":[{"href":"https:\/\/www.risk21.com\/ca\/wp-json\/wp\/v2\/media?parent=7918"}],"wp:term":[{"taxonomy":"category","embeddable":true,"href":"https:\/\/www.risk21.com\/ca\/wp-json\/wp\/v2\/categories?post=7918"},{"taxonomy":"post_tag","embeddable":true,"href":"https:\/\/www.risk21.com\/ca\/wp-json\/wp\/v2\/tags?post=7918"}],"curies":[{"name":"wp","href":"https:\/\/api.w.org\/{rel}","templated":true}]}}