{"id":7756,"date":"2018-03-10T16:27:37","date_gmt":"2018-03-10T16:27:37","guid":{"rendered":"https:\/\/www.risk21.com\/ca\/?p=7756"},"modified":"2018-03-10T16:47:21","modified_gmt":"2018-03-10T16:47:21","slug":"risk-xxi-prl-services-soci-lassociacio-coreixample","status":"publish","type":"post","link":"https:\/\/www.risk21.com\/ca\/risk-xxi-prl-services-soci-lassociacio-coreixample\/","title":{"rendered":"Risk XXI &#8211; Prl &#038; Services, soci de l&#8217;Associaci\u00f3 CorEixample"},"content":{"rendered":"<p>Informaci\u00f3 sobre l&#8217;Associaci\u00f3:<\/p>\n<p><strong>HIST\u00d2RIA\u00a0<\/strong><br \/>\nDes del 1994 dinamitzen socialment i econ\u00f2micament el territori compr\u00e8s entre , Diagonal, Gran Via, Passeig de Gr\u00e0cia i Passeig de Sant Joan.<\/p>\n<p><strong>MISSI\u00d3\u00a0<\/strong><br \/>\nLa Missi\u00f3 de l\u2019Associaci\u00f3 de Comerciants i Professionals de CorEixample \u00e9s potenciar el nostre territori per qu\u00e8 la Dreta de l\u2019Eixample sigui un lloc millor per a treballar, comprar i viure.<\/p>\n<p><strong>VISI\u00d3<\/strong><br \/>\nCorEixample\u00a0es convertir\u00e1 en un suport indispensable per a qualsevol comer\u00e7 que s\u2019instal\u00b7li en aquesta zona oferint els millors serveis i les millors opcions de promoci\u00f3, creixement i difusi\u00f3.<\/p>\n<p><strong>VALORS<\/strong><br \/>\nAssociacionisme i implicaci\u00f3 al territori<br \/>\nHonestedat i transpar\u00e8ncia<br \/>\nResponsabilitat social comercial<br \/>\nSolidaritat i respecte<br \/>\nInclusi\u00f3 i diversitat.<br \/>\n<strong>ESTRAT\u00c8GIA<\/strong><br \/>\nPromocionar el territori:\u00a0Programa de dinamitzaci\u00f3 anual amb tota una s\u00e8rie de campanyes d\u2019animaci\u00f3 comercial: Fira Modernista, festa major, passarel\u00b7la, nadal&#8230;<br \/>\nDonar servei al soci:\u00a0els millors preus en serveis, tramitaci\u00f3 de les subvencions, cursos de formaci\u00f3, campanyes de promoci\u00f3 comercial, publicitat a la revista, p\u00e0gina web i xarxes socials, seguiment i suport personalitzats, etc.<br \/>\nDonar servei a l\u2019usuari de l\u2019Eix Comercial:\u00a0gaudint d\u2019un millor territori comercial, amb\u00a0 activitats promocionals destinades als clients.<br \/>\nDefensar el comer\u00e7 de qualitat:\u00a0Volem que el comer\u00e7 del nostre territori sigui un referent de qualitat, especialitat i innovaci\u00f3 a la ciutat .<br \/>\nPromocionar la marca CorEixample:\u00a0representant CorEixample davant l\u2019administraci\u00f3, en totes les reunions del districte del nostre sector (plenaris, consell de Comer\u00e7, consell Ciutad\u00e0, Consell de barri), dins el Patronat de la Fundaci\u00f3 Barcelona Comer\u00e7. Pres\u00e8ncia a la premsa amb els diferents actes i activitats.<\/p>\n<p>&nbsp;<\/p>\n<p><a href=\"https:\/\/www.coreixample.com\/cat\/index.html\" target=\"_blank\" rel=\"noopener noreferrer\">M\u00c9S INFORMACI\u00d3<\/a><\/p>\n","protected":false},"excerpt":{"rendered":"<p>Informaci\u00f3 sobre l&#8217;Associaci\u00f3: HIST\u00d2RIA\u00a0 Des del 1994 dinamitzen socialment i econ\u00f2micament el territori compr\u00e8s entre , Diagonal, Gran Via, Passeig de Gr\u00e0cia i Passeig de Sant Joan. MISSI\u00d3\u00a0 La Missi\u00f3 de l\u2019Associaci\u00f3 de Comerciants i Professionals de CorEixample \u00e9s potenciar el nostre territori per qu\u00e8 la Dreta de l\u2019Eixample sigui un lloc millor per a<br \/><a href=\"https:\/\/www.risk21.com\/ca\/risk-xxi-prl-services-soci-lassociacio-coreixample\/\" class=\"more\">Llegir m\u00e9s<\/a><\/p>\n","protected":false},"author":3,"featured_media":7762,"comment_status":"closed","ping_status":"closed","sticky":false,"template":"","format":"standard","meta":{"footnotes":""},"categories":[91],"tags":[251,95,158],"class_list":["post-7756","post","type-post","status-publish","format-standard","has-post-thumbnail","hentry","category-noticies-ca","tag-associacio-coreixample","tag-informacio-ca","tag-risk-xxi-prl-services"],"yoast_head":"<!-- This site is optimized with the Yoast SEO plugin v25.3.1 - https:\/\/yoast.com\/wordpress\/plugins\/seo\/ -->\n<title>Risk XXI - Prl &amp; Services, soci de l&#039;Associaci\u00f3 CorEixample - Risk XXI<\/title>\n<meta name=\"robots\" content=\"index, follow, max-snippet:-1, max-image-preview:large, max-video-preview:-1\" \/>\n<link rel=\"canonical\" href=\"https:\/\/www.risk21.com\/ca\/risk-xxi-prl-services-soci-lassociacio-coreixample\/\" \/>\n<meta property=\"og:locale\" content=\"ca_ES\" \/>\n<meta property=\"og:type\" content=\"article\" \/>\n<meta property=\"og:title\" content=\"Risk XXI - Prl &amp; Services, soci de l&#039;Associaci\u00f3 CorEixample - Risk XXI\" \/>\n<meta property=\"og:description\" content=\"Informaci\u00f3 sobre l&#8217;Associaci\u00f3: HIST\u00d2RIA\u00a0 Des del 1994 dinamitzen socialment i econ\u00f2micament el territori compr\u00e8s entre , Diagonal, Gran Via, Passeig de Gr\u00e0cia i Passeig de Sant Joan. MISSI\u00d3\u00a0 La Missi\u00f3 de l\u2019Associaci\u00f3 de Comerciants i Professionals de CorEixample \u00e9s potenciar el nostre territori per qu\u00e8 la Dreta de l\u2019Eixample sigui un lloc millor per aLlegir m\u00e9s\" \/>\n<meta property=\"og:url\" content=\"https:\/\/www.risk21.com\/ca\/risk-xxi-prl-services-soci-lassociacio-coreixample\/\" \/>\n<meta property=\"og:site_name\" content=\"Risk XXI\" \/>\n<meta property=\"article:published_time\" content=\"2018-03-10T16:27:37+00:00\" \/>\n<meta property=\"article:modified_time\" content=\"2018-03-10T16:47:21+00:00\" \/>\n<meta property=\"og:image\" content=\"https:\/\/www.risk21.com\/wp-content\/uploads\/2018\/03\/CorEixample.png-per-la-web.png\" \/>\n\t<meta property=\"og:image:width\" content=\"819\" \/>\n\t<meta property=\"og:image:height\" content=\"460\" \/>\n\t<meta property=\"og:image:type\" content=\"image\/png\" \/>\n<meta name=\"author\" content=\"Risk XXI - Comunicacion\" \/>\n<meta name=\"twitter:card\" content=\"summary_large_image\" \/>\n<meta name=\"twitter:label1\" content=\"Escrit per\" \/>\n\t<meta name=\"twitter:data1\" content=\"Risk XXI - Comunicacion\" \/>\n\t<meta name=\"twitter:label2\" content=\"Temps estimat de lectura\" \/>\n\t<meta name=\"twitter:data2\" content=\"1 minut\" \/>\n<script type=\"application\/ld+json\" class=\"yoast-schema-graph\">{\"@context\":\"https:\/\/schema.org\",\"@graph\":[{\"@type\":\"WebPage\",\"@id\":\"https:\/\/www.risk21.com\/ca\/risk-xxi-prl-services-soci-lassociacio-coreixample\/\",\"url\":\"https:\/\/www.risk21.com\/ca\/risk-xxi-prl-services-soci-lassociacio-coreixample\/\",\"name\":\"Risk XXI - Prl & Services, soci de l'Associaci\u00f3 CorEixample - Risk XXI\",\"isPartOf\":{\"@id\":\"https:\/\/www.risk21.com\/#website\"},\"primaryImageOfPage\":{\"@id\":\"https:\/\/www.risk21.com\/ca\/risk-xxi-prl-services-soci-lassociacio-coreixample\/#primaryimage\"},\"image\":{\"@id\":\"https:\/\/www.risk21.com\/ca\/risk-xxi-prl-services-soci-lassociacio-coreixample\/#primaryimage\"},\"thumbnailUrl\":\"https:\/\/www.risk21.com\/wp-content\/uploads\/2018\/03\/CorEixample.png-per-la-web.png\",\"datePublished\":\"2018-03-10T16:27:37+00:00\",\"dateModified\":\"2018-03-10T16:47:21+00:00\",\"author\":{\"@id\":\"https:\/\/www.risk21.com\/#\/schema\/person\/541ded27b075c85a124af6989fc72b1d\"},\"breadcrumb\":{\"@id\":\"https:\/\/www.risk21.com\/ca\/risk-xxi-prl-services-soci-lassociacio-coreixample\/#breadcrumb\"},\"inLanguage\":\"ca\",\"potentialAction\":[{\"@type\":\"ReadAction\",\"target\":[\"https:\/\/www.risk21.com\/ca\/risk-xxi-prl-services-soci-lassociacio-coreixample\/\"]}]},{\"@type\":\"ImageObject\",\"inLanguage\":\"ca\",\"@id\":\"https:\/\/www.risk21.com\/ca\/risk-xxi-prl-services-soci-lassociacio-coreixample\/#primaryimage\",\"url\":\"https:\/\/www.risk21.com\/wp-content\/uploads\/2018\/03\/CorEixample.png-per-la-web.png\",\"contentUrl\":\"https:\/\/www.risk21.com\/wp-content\/uploads\/2018\/03\/CorEixample.png-per-la-web.png\",\"width\":819,\"height\":460},{\"@type\":\"BreadcrumbList\",\"@id\":\"https:\/\/www.risk21.com\/ca\/risk-xxi-prl-services-soci-lassociacio-coreixample\/#breadcrumb\",\"itemListElement\":[{\"@type\":\"ListItem\",\"position\":1,\"name\":\"Portada\",\"item\":\"https:\/\/www.risk21.com\/ca\/\"},{\"@type\":\"ListItem\",\"position\":2,\"name\":\"Risk XXI &#8211; Prl &#038; Services, soci de l&#8217;Associaci\u00f3 CorEixample\"}]},{\"@type\":\"WebSite\",\"@id\":\"https:\/\/www.risk21.com\/#website\",\"url\":\"https:\/\/www.risk21.com\/\",\"name\":\"Risk XXI\",\"description\":\"Prl &amp; Services\",\"potentialAction\":[{\"@type\":\"SearchAction\",\"target\":{\"@type\":\"EntryPoint\",\"urlTemplate\":\"https:\/\/www.risk21.com\/?s={search_term_string}\"},\"query-input\":{\"@type\":\"PropertyValueSpecification\",\"valueRequired\":true,\"valueName\":\"search_term_string\"}}],\"inLanguage\":\"ca\"},{\"@type\":\"Person\",\"@id\":\"https:\/\/www.risk21.com\/#\/schema\/person\/541ded27b075c85a124af6989fc72b1d\",\"name\":\"Risk XXI - Comunicacion\",\"url\":\"https:\/\/www.risk21.com\/ca\/author\/comunicacion\/\"}]}<\/script>\n<!-- \/ Yoast SEO plugin. -->","yoast_head_json":{"title":"Risk XXI - Prl & Services, soci de l'Associaci\u00f3 CorEixample - Risk XXI","robots":{"index":"index","follow":"follow","max-snippet":"max-snippet:-1","max-image-preview":"max-image-preview:large","max-video-preview":"max-video-preview:-1"},"canonical":"https:\/\/www.risk21.com\/ca\/risk-xxi-prl-services-soci-lassociacio-coreixample\/","og_locale":"ca_ES","og_type":"article","og_title":"Risk XXI - Prl & Services, soci de l'Associaci\u00f3 CorEixample - Risk XXI","og_description":"Informaci\u00f3 sobre l&#8217;Associaci\u00f3: HIST\u00d2RIA\u00a0 Des del 1994 dinamitzen socialment i econ\u00f2micament el territori compr\u00e8s entre , Diagonal, Gran Via, Passeig de Gr\u00e0cia i Passeig de Sant Joan. MISSI\u00d3\u00a0 La Missi\u00f3 de l\u2019Associaci\u00f3 de Comerciants i Professionals de CorEixample \u00e9s potenciar el nostre territori per qu\u00e8 la Dreta de l\u2019Eixample sigui un lloc millor per aLlegir m\u00e9s","og_url":"https:\/\/www.risk21.com\/ca\/risk-xxi-prl-services-soci-lassociacio-coreixample\/","og_site_name":"Risk XXI","article_published_time":"2018-03-10T16:27:37+00:00","article_modified_time":"2018-03-10T16:47:21+00:00","og_image":[{"width":819,"height":460,"url":"https:\/\/www.risk21.com\/wp-content\/uploads\/2018\/03\/CorEixample.png-per-la-web.png","type":"image\/png"}],"author":"Risk XXI - Comunicacion","twitter_card":"summary_large_image","twitter_misc":{"Escrit per":"Risk XXI - Comunicacion","Temps estimat de lectura":"1 minut"},"schema":{"@context":"https:\/\/schema.org","@graph":[{"@type":"WebPage","@id":"https:\/\/www.risk21.com\/ca\/risk-xxi-prl-services-soci-lassociacio-coreixample\/","url":"https:\/\/www.risk21.com\/ca\/risk-xxi-prl-services-soci-lassociacio-coreixample\/","name":"Risk XXI - Prl & Services, soci de l'Associaci\u00f3 CorEixample - Risk XXI","isPartOf":{"@id":"https:\/\/www.risk21.com\/#website"},"primaryImageOfPage":{"@id":"https:\/\/www.risk21.com\/ca\/risk-xxi-prl-services-soci-lassociacio-coreixample\/#primaryimage"},"image":{"@id":"https:\/\/www.risk21.com\/ca\/risk-xxi-prl-services-soci-lassociacio-coreixample\/#primaryimage"},"thumbnailUrl":"https:\/\/www.risk21.com\/wp-content\/uploads\/2018\/03\/CorEixample.png-per-la-web.png","datePublished":"2018-03-10T16:27:37+00:00","dateModified":"2018-03-10T16:47:21+00:00","author":{"@id":"https:\/\/www.risk21.com\/#\/schema\/person\/541ded27b075c85a124af6989fc72b1d"},"breadcrumb":{"@id":"https:\/\/www.risk21.com\/ca\/risk-xxi-prl-services-soci-lassociacio-coreixample\/#breadcrumb"},"inLanguage":"ca","potentialAction":[{"@type":"ReadAction","target":["https:\/\/www.risk21.com\/ca\/risk-xxi-prl-services-soci-lassociacio-coreixample\/"]}]},{"@type":"ImageObject","inLanguage":"ca","@id":"https:\/\/www.risk21.com\/ca\/risk-xxi-prl-services-soci-lassociacio-coreixample\/#primaryimage","url":"https:\/\/www.risk21.com\/wp-content\/uploads\/2018\/03\/CorEixample.png-per-la-web.png","contentUrl":"https:\/\/www.risk21.com\/wp-content\/uploads\/2018\/03\/CorEixample.png-per-la-web.png","width":819,"height":460},{"@type":"BreadcrumbList","@id":"https:\/\/www.risk21.com\/ca\/risk-xxi-prl-services-soci-lassociacio-coreixample\/#breadcrumb","itemListElement":[{"@type":"ListItem","position":1,"name":"Portada","item":"https:\/\/www.risk21.com\/ca\/"},{"@type":"ListItem","position":2,"name":"Risk XXI &#8211; Prl &#038; Services, soci de l&#8217;Associaci\u00f3 CorEixample"}]},{"@type":"WebSite","@id":"https:\/\/www.risk21.com\/#website","url":"https:\/\/www.risk21.com\/","name":"Risk XXI","description":"Prl &amp; Services","potentialAction":[{"@type":"SearchAction","target":{"@type":"EntryPoint","urlTemplate":"https:\/\/www.risk21.com\/?s={search_term_string}"},"query-input":{"@type":"PropertyValueSpecification","valueRequired":true,"valueName":"search_term_string"}}],"inLanguage":"ca"},{"@type":"Person","@id":"https:\/\/www.risk21.com\/#\/schema\/person\/541ded27b075c85a124af6989fc72b1d","name":"Risk XXI - Comunicacion","url":"https:\/\/www.risk21.com\/ca\/author\/comunicacion\/"}]}},"_links":{"self":[{"href":"https:\/\/www.risk21.com\/ca\/wp-json\/wp\/v2\/posts\/7756","targetHints":{"allow":["GET"]}}],"collection":[{"href":"https:\/\/www.risk21.com\/ca\/wp-json\/wp\/v2\/posts"}],"about":[{"href":"https:\/\/www.risk21.com\/ca\/wp-json\/wp\/v2\/types\/post"}],"author":[{"embeddable":true,"href":"https:\/\/www.risk21.com\/ca\/wp-json\/wp\/v2\/users\/3"}],"replies":[{"embeddable":true,"href":"https:\/\/www.risk21.com\/ca\/wp-json\/wp\/v2\/comments?post=7756"}],"version-history":[{"count":3,"href":"https:\/\/www.risk21.com\/ca\/wp-json\/wp\/v2\/posts\/7756\/revisions"}],"predecessor-version":[{"id":7765,"href":"https:\/\/www.risk21.com\/ca\/wp-json\/wp\/v2\/posts\/7756\/revisions\/7765"}],"wp:featuredmedia":[{"embeddable":true,"href":"https:\/\/www.risk21.com\/ca\/wp-json\/wp\/v2\/media\/7762"}],"wp:attachment":[{"href":"https:\/\/www.risk21.com\/ca\/wp-json\/wp\/v2\/media?parent=7756"}],"wp:term":[{"taxonomy":"category","embeddable":true,"href":"https:\/\/www.risk21.com\/ca\/wp-json\/wp\/v2\/categories?post=7756"},{"taxonomy":"post_tag","embeddable":true,"href":"https:\/\/www.risk21.com\/ca\/wp-json\/wp\/v2\/tags?post=7756"}],"curies":[{"name":"wp","href":"https:\/\/api.w.org\/{rel}","templated":true}]}}