{"id":6560,"date":"2017-05-17T15:36:26","date_gmt":"2017-05-17T15:36:26","guid":{"rendered":"http:\/\/www.risk21.com\/ca\/?p=6560"},"modified":"2017-05-16T16:23:31","modified_gmt":"2017-05-16T16:23:31","slug":"oriol-bracons-formacio-practica-i-motivacio-les-claus-lexit-la-prl","status":"publish","type":"post","link":"https:\/\/www.risk21.com\/ca\/oriol-bracons-formacio-practica-i-motivacio-les-claus-lexit-la-prl\/","title":{"rendered":"Oriol Bracons \u201cFormaci\u00f3 pr\u00e0ctica i motivaci\u00f3 s\u00f3n les Claus de l\u2019\u00e8xit a la PRL\u201d"},"content":{"rendered":"<p>Entrevista <a href=\"http:\/\/congreso.prevencionar.com\/\" target=\"_blank\" rel=\"noopener noreferrer\">Congreso Prevencionar 2017<\/a>:<\/p>\n<p>L&#8217;any 2000 vaig fundar Risk XXI, Servei de Prevenci\u00f3 Ali\u00e8 acreditat. \u00c9s a partir d&#8217;aquest moment que em dedico amb gran entusiasme al m\u00f3n de la PRL. Actualment, s\u00f3c el CEO de <a href=\"http:\/\/www.risk21.com\/\" target=\"_blank\" rel=\"noopener noreferrer\">RISK XXI \u2013 Prl &amp; Services<\/a>.<\/p>\n<p>La meva relaci\u00f3 amb la seguretat i salut ve des de fa temps, en les meves primeres experi\u00e8ncies professionals a l&#8217;\u00e0rea del m\u00e0rqueting, que ja desenvolup\u00e0vem i explic\u00e0vem conceptes de seguretat pensats per usuaris de petits electrodom\u00e8stics. Per\u00f2, en el moment que vaig entrar en el m\u00f3n de les ETT, va ser quan em vaig adonar de la import\u00e0ncia d&#8217;una bona prevenci\u00f3 implantada i explicada. Tant la meva formaci\u00f3, com les meves experi\u00e8ncies professionals successives, m&#8217;han ajudat a enfocar la prevenci\u00f3 com una actitud que s&#8217;ha d&#8217;explicar b\u00e9 i no tant com una obligaci\u00f3 legal.<\/p>\n<p>Actualment estem en aquest punt: PRL com a cultura, com una actitud.<\/p>\n<p><a href=\"http:\/\/prevencionar.com\/2017\/05\/15\/oriol-bracons-formacion-practica-motivacion-claves-exito-prl\/\" target=\"_blank\" rel=\"noopener noreferrer\">LLEGIR ENTREVISTA<\/a><\/p>\n<p>&nbsp;<\/p>\n","protected":false},"excerpt":{"rendered":"<p>Entrevista Congreso Prevencionar 2017: L&#8217;any 2000 vaig fundar Risk XXI, Servei de Prevenci\u00f3 Ali\u00e8 acreditat. \u00c9s a partir d&#8217;aquest moment que em dedico amb gran entusiasme al m\u00f3n de la PRL. Actualment, s\u00f3c el CEO de RISK XXI \u2013 Prl &amp; Services. La meva relaci\u00f3 amb la seguretat i salut ve des de fa temps,<br \/><a href=\"https:\/\/www.risk21.com\/ca\/oriol-bracons-formacio-practica-i-motivacio-les-claus-lexit-la-prl\/\" class=\"more\">Llegir m\u00e9s<\/a><\/p>\n","protected":false},"author":3,"featured_media":6576,"comment_status":"closed","ping_status":"closed","sticky":false,"template":"","format":"standard","meta":{"footnotes":""},"categories":[47,91],"tags":[164,95,59,96],"class_list":["post-6560","post","type-post","status-publish","format-standard","has-post-thumbnail","hentry","category-noticias","category-noticies-ca","tag-congreso-prevencionar-2017","tag-informacio-ca","tag-prl","tag-prl-ca"],"yoast_head":"<!-- This site is optimized with the Yoast SEO plugin v25.3.1 - https:\/\/yoast.com\/wordpress\/plugins\/seo\/ -->\n<title>Oriol Bracons \u201cFormaci\u00f3 pr\u00e0ctica i motivaci\u00f3 s\u00f3n les Claus de l\u2019\u00e8xit a la PRL\u201d - Risk XXI<\/title>\n<meta name=\"robots\" content=\"index, follow, max-snippet:-1, max-image-preview:large, max-video-preview:-1\" \/>\n<link rel=\"canonical\" href=\"https:\/\/www.risk21.com\/ca\/oriol-bracons-formacio-practica-i-motivacio-les-claus-lexit-la-prl\/\" \/>\n<meta property=\"og:locale\" content=\"ca_ES\" \/>\n<meta property=\"og:type\" content=\"article\" \/>\n<meta property=\"og:title\" content=\"Oriol Bracons \u201cFormaci\u00f3 pr\u00e0ctica i motivaci\u00f3 s\u00f3n les Claus de l\u2019\u00e8xit a la PRL\u201d - Risk XXI\" \/>\n<meta property=\"og:description\" content=\"Entrevista Congreso Prevencionar 2017: L&#8217;any 2000 vaig fundar Risk XXI, Servei de Prevenci\u00f3 Ali\u00e8 acreditat. \u00c9s a partir d&#8217;aquest moment que em dedico amb gran entusiasme al m\u00f3n de la PRL. Actualment, s\u00f3c el CEO de RISK XXI \u2013 Prl &amp; Services. La meva relaci\u00f3 amb la seguretat i salut ve des de fa temps,Llegir m\u00e9s\" \/>\n<meta property=\"og:url\" content=\"https:\/\/www.risk21.com\/ca\/oriol-bracons-formacio-practica-i-motivacio-les-claus-lexit-la-prl\/\" \/>\n<meta property=\"og:site_name\" content=\"Risk XXI\" \/>\n<meta property=\"article:published_time\" content=\"2017-05-17T15:36:26+00:00\" \/>\n<meta property=\"og:image\" content=\"https:\/\/www.risk21.com\/wp-content\/uploads\/2017\/05\/Sin-t\u00edtulo_3.png\" \/>\n\t<meta property=\"og:image:width\" content=\"946\" \/>\n\t<meta property=\"og:image:height\" content=\"556\" \/>\n\t<meta property=\"og:image:type\" content=\"image\/png\" \/>\n<meta name=\"author\" content=\"Risk XXI - Comunicacion\" \/>\n<meta name=\"twitter:card\" content=\"summary_large_image\" \/>\n<meta name=\"twitter:label1\" content=\"Escrit per\" \/>\n\t<meta name=\"twitter:data1\" content=\"Risk XXI - Comunicacion\" \/>\n\t<meta name=\"twitter:label2\" content=\"Temps estimat de lectura\" \/>\n\t<meta name=\"twitter:data2\" content=\"1 minut\" \/>\n<script type=\"application\/ld+json\" class=\"yoast-schema-graph\">{\"@context\":\"https:\/\/schema.org\",\"@graph\":[{\"@type\":\"WebPage\",\"@id\":\"https:\/\/www.risk21.com\/ca\/oriol-bracons-formacio-practica-i-motivacio-les-claus-lexit-la-prl\/\",\"url\":\"https:\/\/www.risk21.com\/ca\/oriol-bracons-formacio-practica-i-motivacio-les-claus-lexit-la-prl\/\",\"name\":\"Oriol Bracons \u201cFormaci\u00f3 pr\u00e0ctica i motivaci\u00f3 s\u00f3n les Claus de l\u2019\u00e8xit a la PRL\u201d - Risk XXI\",\"isPartOf\":{\"@id\":\"https:\/\/www.risk21.com\/#website\"},\"primaryImageOfPage\":{\"@id\":\"https:\/\/www.risk21.com\/ca\/oriol-bracons-formacio-practica-i-motivacio-les-claus-lexit-la-prl\/#primaryimage\"},\"image\":{\"@id\":\"https:\/\/www.risk21.com\/ca\/oriol-bracons-formacio-practica-i-motivacio-les-claus-lexit-la-prl\/#primaryimage\"},\"thumbnailUrl\":\"https:\/\/www.risk21.com\/wp-content\/uploads\/2017\/05\/Sin-t\u00edtulo_3.png\",\"datePublished\":\"2017-05-17T15:36:26+00:00\",\"author\":{\"@id\":\"https:\/\/www.risk21.com\/#\/schema\/person\/541ded27b075c85a124af6989fc72b1d\"},\"breadcrumb\":{\"@id\":\"https:\/\/www.risk21.com\/ca\/oriol-bracons-formacio-practica-i-motivacio-les-claus-lexit-la-prl\/#breadcrumb\"},\"inLanguage\":\"ca\",\"potentialAction\":[{\"@type\":\"ReadAction\",\"target\":[\"https:\/\/www.risk21.com\/ca\/oriol-bracons-formacio-practica-i-motivacio-les-claus-lexit-la-prl\/\"]}]},{\"@type\":\"ImageObject\",\"inLanguage\":\"ca\",\"@id\":\"https:\/\/www.risk21.com\/ca\/oriol-bracons-formacio-practica-i-motivacio-les-claus-lexit-la-prl\/#primaryimage\",\"url\":\"https:\/\/www.risk21.com\/wp-content\/uploads\/2017\/05\/Sin-t\u00edtulo_3.png\",\"contentUrl\":\"https:\/\/www.risk21.com\/wp-content\/uploads\/2017\/05\/Sin-t\u00edtulo_3.png\",\"width\":946,\"height\":556},{\"@type\":\"BreadcrumbList\",\"@id\":\"https:\/\/www.risk21.com\/ca\/oriol-bracons-formacio-practica-i-motivacio-les-claus-lexit-la-prl\/#breadcrumb\",\"itemListElement\":[{\"@type\":\"ListItem\",\"position\":1,\"name\":\"Portada\",\"item\":\"https:\/\/www.risk21.com\/ca\/\"},{\"@type\":\"ListItem\",\"position\":2,\"name\":\"Oriol Bracons \u201cFormaci\u00f3 pr\u00e0ctica i motivaci\u00f3 s\u00f3n les Claus de l\u2019\u00e8xit a la PRL\u201d\"}]},{\"@type\":\"WebSite\",\"@id\":\"https:\/\/www.risk21.com\/#website\",\"url\":\"https:\/\/www.risk21.com\/\",\"name\":\"Risk XXI\",\"description\":\"Prl &amp; Services\",\"potentialAction\":[{\"@type\":\"SearchAction\",\"target\":{\"@type\":\"EntryPoint\",\"urlTemplate\":\"https:\/\/www.risk21.com\/?s={search_term_string}\"},\"query-input\":{\"@type\":\"PropertyValueSpecification\",\"valueRequired\":true,\"valueName\":\"search_term_string\"}}],\"inLanguage\":\"ca\"},{\"@type\":\"Person\",\"@id\":\"https:\/\/www.risk21.com\/#\/schema\/person\/541ded27b075c85a124af6989fc72b1d\",\"name\":\"Risk XXI - Comunicacion\",\"url\":\"https:\/\/www.risk21.com\/ca\/author\/comunicacion\/\"}]}<\/script>\n<!-- \/ Yoast SEO plugin. -->","yoast_head_json":{"title":"Oriol Bracons \u201cFormaci\u00f3 pr\u00e0ctica i motivaci\u00f3 s\u00f3n les Claus de l\u2019\u00e8xit a la PRL\u201d - Risk XXI","robots":{"index":"index","follow":"follow","max-snippet":"max-snippet:-1","max-image-preview":"max-image-preview:large","max-video-preview":"max-video-preview:-1"},"canonical":"https:\/\/www.risk21.com\/ca\/oriol-bracons-formacio-practica-i-motivacio-les-claus-lexit-la-prl\/","og_locale":"ca_ES","og_type":"article","og_title":"Oriol Bracons \u201cFormaci\u00f3 pr\u00e0ctica i motivaci\u00f3 s\u00f3n les Claus de l\u2019\u00e8xit a la PRL\u201d - Risk XXI","og_description":"Entrevista Congreso Prevencionar 2017: L&#8217;any 2000 vaig fundar Risk XXI, Servei de Prevenci\u00f3 Ali\u00e8 acreditat. \u00c9s a partir d&#8217;aquest moment que em dedico amb gran entusiasme al m\u00f3n de la PRL. Actualment, s\u00f3c el CEO de RISK XXI \u2013 Prl &amp; Services. La meva relaci\u00f3 amb la seguretat i salut ve des de fa temps,Llegir m\u00e9s","og_url":"https:\/\/www.risk21.com\/ca\/oriol-bracons-formacio-practica-i-motivacio-les-claus-lexit-la-prl\/","og_site_name":"Risk XXI","article_published_time":"2017-05-17T15:36:26+00:00","og_image":[{"width":946,"height":556,"url":"https:\/\/www.risk21.com\/wp-content\/uploads\/2017\/05\/Sin-t\u00edtulo_3.png","type":"image\/png"}],"author":"Risk XXI - Comunicacion","twitter_card":"summary_large_image","twitter_misc":{"Escrit per":"Risk XXI - Comunicacion","Temps estimat de lectura":"1 minut"},"schema":{"@context":"https:\/\/schema.org","@graph":[{"@type":"WebPage","@id":"https:\/\/www.risk21.com\/ca\/oriol-bracons-formacio-practica-i-motivacio-les-claus-lexit-la-prl\/","url":"https:\/\/www.risk21.com\/ca\/oriol-bracons-formacio-practica-i-motivacio-les-claus-lexit-la-prl\/","name":"Oriol Bracons \u201cFormaci\u00f3 pr\u00e0ctica i motivaci\u00f3 s\u00f3n les Claus de l\u2019\u00e8xit a la PRL\u201d - Risk XXI","isPartOf":{"@id":"https:\/\/www.risk21.com\/#website"},"primaryImageOfPage":{"@id":"https:\/\/www.risk21.com\/ca\/oriol-bracons-formacio-practica-i-motivacio-les-claus-lexit-la-prl\/#primaryimage"},"image":{"@id":"https:\/\/www.risk21.com\/ca\/oriol-bracons-formacio-practica-i-motivacio-les-claus-lexit-la-prl\/#primaryimage"},"thumbnailUrl":"https:\/\/www.risk21.com\/wp-content\/uploads\/2017\/05\/Sin-t\u00edtulo_3.png","datePublished":"2017-05-17T15:36:26+00:00","author":{"@id":"https:\/\/www.risk21.com\/#\/schema\/person\/541ded27b075c85a124af6989fc72b1d"},"breadcrumb":{"@id":"https:\/\/www.risk21.com\/ca\/oriol-bracons-formacio-practica-i-motivacio-les-claus-lexit-la-prl\/#breadcrumb"},"inLanguage":"ca","potentialAction":[{"@type":"ReadAction","target":["https:\/\/www.risk21.com\/ca\/oriol-bracons-formacio-practica-i-motivacio-les-claus-lexit-la-prl\/"]}]},{"@type":"ImageObject","inLanguage":"ca","@id":"https:\/\/www.risk21.com\/ca\/oriol-bracons-formacio-practica-i-motivacio-les-claus-lexit-la-prl\/#primaryimage","url":"https:\/\/www.risk21.com\/wp-content\/uploads\/2017\/05\/Sin-t\u00edtulo_3.png","contentUrl":"https:\/\/www.risk21.com\/wp-content\/uploads\/2017\/05\/Sin-t\u00edtulo_3.png","width":946,"height":556},{"@type":"BreadcrumbList","@id":"https:\/\/www.risk21.com\/ca\/oriol-bracons-formacio-practica-i-motivacio-les-claus-lexit-la-prl\/#breadcrumb","itemListElement":[{"@type":"ListItem","position":1,"name":"Portada","item":"https:\/\/www.risk21.com\/ca\/"},{"@type":"ListItem","position":2,"name":"Oriol Bracons \u201cFormaci\u00f3 pr\u00e0ctica i motivaci\u00f3 s\u00f3n les Claus de l\u2019\u00e8xit a la PRL\u201d"}]},{"@type":"WebSite","@id":"https:\/\/www.risk21.com\/#website","url":"https:\/\/www.risk21.com\/","name":"Risk XXI","description":"Prl &amp; Services","potentialAction":[{"@type":"SearchAction","target":{"@type":"EntryPoint","urlTemplate":"https:\/\/www.risk21.com\/?s={search_term_string}"},"query-input":{"@type":"PropertyValueSpecification","valueRequired":true,"valueName":"search_term_string"}}],"inLanguage":"ca"},{"@type":"Person","@id":"https:\/\/www.risk21.com\/#\/schema\/person\/541ded27b075c85a124af6989fc72b1d","name":"Risk XXI - Comunicacion","url":"https:\/\/www.risk21.com\/ca\/author\/comunicacion\/"}]}},"_links":{"self":[{"href":"https:\/\/www.risk21.com\/ca\/wp-json\/wp\/v2\/posts\/6560","targetHints":{"allow":["GET"]}}],"collection":[{"href":"https:\/\/www.risk21.com\/ca\/wp-json\/wp\/v2\/posts"}],"about":[{"href":"https:\/\/www.risk21.com\/ca\/wp-json\/wp\/v2\/types\/post"}],"author":[{"embeddable":true,"href":"https:\/\/www.risk21.com\/ca\/wp-json\/wp\/v2\/users\/3"}],"replies":[{"embeddable":true,"href":"https:\/\/www.risk21.com\/ca\/wp-json\/wp\/v2\/comments?post=6560"}],"version-history":[{"count":4,"href":"https:\/\/www.risk21.com\/ca\/wp-json\/wp\/v2\/posts\/6560\/revisions"}],"predecessor-version":[{"id":6565,"href":"https:\/\/www.risk21.com\/ca\/wp-json\/wp\/v2\/posts\/6560\/revisions\/6565"}],"wp:featuredmedia":[{"embeddable":true,"href":"https:\/\/www.risk21.com\/ca\/wp-json\/wp\/v2\/media\/6576"}],"wp:attachment":[{"href":"https:\/\/www.risk21.com\/ca\/wp-json\/wp\/v2\/media?parent=6560"}],"wp:term":[{"taxonomy":"category","embeddable":true,"href":"https:\/\/www.risk21.com\/ca\/wp-json\/wp\/v2\/categories?post=6560"},{"taxonomy":"post_tag","embeddable":true,"href":"https:\/\/www.risk21.com\/ca\/wp-json\/wp\/v2\/tags?post=6560"}],"curies":[{"name":"wp","href":"https:\/\/api.w.org\/{rel}","templated":true}]}}