{"id":6020,"date":"2016-06-13T09:15:00","date_gmt":"2016-06-13T09:15:00","guid":{"rendered":"http:\/\/www.risk21.com\/ca\/?p=6020"},"modified":"2016-08-25T09:27:07","modified_gmt":"2016-08-25T09:27:07","slug":"consell-la-calor-durant-la-jornada-de-treball-a-lestiu","status":"publish","type":"post","link":"https:\/\/www.risk21.com\/ca\/consell-la-calor-durant-la-jornada-de-treball-a-lestiu\/","title":{"rendered":"Consell: La calor durant la jornada de treball a l&#8217;estiu"},"content":{"rendered":"<p>Quan arriba l\u2019estiu i\u00a0fa molta\u00a0calor els mecanismes d\u2019adaptaci\u00f3 del nostre cos, com la suor, es posen en marxa per mantenir estable la temperatura corporal. Haver de realitzar tasques pesades o treballs a l\u2019exterior a elevades temperatures pot portar el cos hum\u00e0 al l\u00edmit i ocasionar accidents de treball. El risc augmenta a mesura que puja la temperatura, per aix\u00f2 \u00e9s important que les empreses i les persones que fan feines a l\u2019aire lliure o en ambients calorosos adoptin unes senzilles mesures de prevenci\u00f3 i estiguin atentes a s\u00edmptomes com fatiga,\u00a0mal de cap o vertigen, que poden ser precursors de problemes m\u00e9s greus com la deshidrataci\u00f3 o el cop de calor \u2013que en alguns casos arriba a ser mortal.<\/p>\n<p>Font: <a href=\"http:\/\/empresaiocupacio.gencat.cat\/ca\/inici\/index.html\" target=\"_blank\">Generalitat de Catalunya. Departament d&#8217;Empresa i Coneixement<\/a><\/p>\n<p><a href=\"http:\/\/empresaiocupacio.gencat.cat\/ca\/treb_ambits_actuacio\/treb_seguretat_i_salut_laboral\/treb_riscos_i_condicions_treball\/treb_mesures_per_risc\/treb_calor\/\" target=\"_blank\">VEURE M\u00c9S<\/a><\/p>\n","protected":false},"excerpt":{"rendered":"<p>Quan arriba l\u2019estiu i\u00a0fa molta\u00a0calor els mecanismes d\u2019adaptaci\u00f3 del nostre cos, com la suor, es posen en marxa per mantenir estable la temperatura corporal. Haver de realitzar tasques pesades o treballs a l\u2019exterior a elevades temperatures pot portar el cos hum\u00e0 al l\u00edmit i ocasionar accidents de treball. El risc augmenta a mesura que puja<br \/><a href=\"https:\/\/www.risk21.com\/ca\/consell-la-calor-durant-la-jornada-de-treball-a-lestiu\/\" class=\"more\">Llegir m\u00e9s<\/a><\/p>\n","protected":false},"author":1,"featured_media":5955,"comment_status":"closed","ping_status":"closed","sticky":false,"template":"","format":"standard","meta":{"footnotes":""},"categories":[91],"tags":[95,94,97],"class_list":["post-6020","post","type-post","status-publish","format-standard","has-post-thumbnail","hentry","category-noticies-ca","tag-informacio-ca","tag-prevencio-ca","tag-salud-ca"],"yoast_head":"<!-- This site is optimized with the Yoast SEO plugin v25.3.1 - https:\/\/yoast.com\/wordpress\/plugins\/seo\/ -->\n<title>Consell: La calor durant la jornada de treball a l&#039;estiu - Risk XXI<\/title>\n<meta name=\"robots\" content=\"index, follow, max-snippet:-1, max-image-preview:large, max-video-preview:-1\" \/>\n<link rel=\"canonical\" href=\"https:\/\/www.risk21.com\/ca\/consell-la-calor-durant-la-jornada-de-treball-a-lestiu\/\" \/>\n<meta property=\"og:locale\" content=\"ca_ES\" \/>\n<meta property=\"og:type\" content=\"article\" \/>\n<meta property=\"og:title\" content=\"Consell: La calor durant la jornada de treball a l&#039;estiu - Risk XXI\" \/>\n<meta property=\"og:description\" content=\"Quan arriba l\u2019estiu i\u00a0fa molta\u00a0calor els mecanismes d\u2019adaptaci\u00f3 del nostre cos, com la suor, es posen en marxa per mantenir estable la temperatura corporal. Haver de realitzar tasques pesades o treballs a l\u2019exterior a elevades temperatures pot portar el cos hum\u00e0 al l\u00edmit i ocasionar accidents de treball. El risc augmenta a mesura que pujaLlegir m\u00e9s\" \/>\n<meta property=\"og:url\" content=\"https:\/\/www.risk21.com\/ca\/consell-la-calor-durant-la-jornada-de-treball-a-lestiu\/\" \/>\n<meta property=\"og:site_name\" content=\"Risk XXI\" \/>\n<meta property=\"article:published_time\" content=\"2016-06-13T09:15:00+00:00\" \/>\n<meta property=\"article:modified_time\" content=\"2016-08-25T09:27:07+00:00\" \/>\n<meta property=\"og:image\" content=\"https:\/\/www.risk21.com\/wp-content\/uploads\/2016\/08\/trabajo-ambiente-caluroso.jpg\" \/>\n\t<meta property=\"og:image:width\" content=\"1024\" \/>\n\t<meta property=\"og:image:height\" content=\"486\" \/>\n\t<meta property=\"og:image:type\" content=\"image\/jpeg\" \/>\n<meta name=\"author\" content=\"admin\" \/>\n<meta name=\"twitter:card\" content=\"summary_large_image\" \/>\n<meta name=\"twitter:label1\" content=\"Escrit per\" \/>\n\t<meta name=\"twitter:data1\" content=\"admin\" \/>\n\t<meta name=\"twitter:label2\" content=\"Temps estimat de lectura\" \/>\n\t<meta name=\"twitter:data2\" content=\"1 minut\" \/>\n<script type=\"application\/ld+json\" class=\"yoast-schema-graph\">{\"@context\":\"https:\/\/schema.org\",\"@graph\":[{\"@type\":\"WebPage\",\"@id\":\"https:\/\/www.risk21.com\/ca\/consell-la-calor-durant-la-jornada-de-treball-a-lestiu\/\",\"url\":\"https:\/\/www.risk21.com\/ca\/consell-la-calor-durant-la-jornada-de-treball-a-lestiu\/\",\"name\":\"Consell: La calor durant la jornada de treball a l'estiu - Risk XXI\",\"isPartOf\":{\"@id\":\"https:\/\/www.risk21.com\/#website\"},\"primaryImageOfPage\":{\"@id\":\"https:\/\/www.risk21.com\/ca\/consell-la-calor-durant-la-jornada-de-treball-a-lestiu\/#primaryimage\"},\"image\":{\"@id\":\"https:\/\/www.risk21.com\/ca\/consell-la-calor-durant-la-jornada-de-treball-a-lestiu\/#primaryimage\"},\"thumbnailUrl\":\"https:\/\/www.risk21.com\/wp-content\/uploads\/2016\/08\/trabajo-ambiente-caluroso.jpg\",\"datePublished\":\"2016-06-13T09:15:00+00:00\",\"dateModified\":\"2016-08-25T09:27:07+00:00\",\"author\":{\"@id\":\"https:\/\/www.risk21.com\/#\/schema\/person\/ee06a206c3fd21673921392f1f514653\"},\"breadcrumb\":{\"@id\":\"https:\/\/www.risk21.com\/ca\/consell-la-calor-durant-la-jornada-de-treball-a-lestiu\/#breadcrumb\"},\"inLanguage\":\"ca\",\"potentialAction\":[{\"@type\":\"ReadAction\",\"target\":[\"https:\/\/www.risk21.com\/ca\/consell-la-calor-durant-la-jornada-de-treball-a-lestiu\/\"]}]},{\"@type\":\"ImageObject\",\"inLanguage\":\"ca\",\"@id\":\"https:\/\/www.risk21.com\/ca\/consell-la-calor-durant-la-jornada-de-treball-a-lestiu\/#primaryimage\",\"url\":\"https:\/\/www.risk21.com\/wp-content\/uploads\/2016\/08\/trabajo-ambiente-caluroso.jpg\",\"contentUrl\":\"https:\/\/www.risk21.com\/wp-content\/uploads\/2016\/08\/trabajo-ambiente-caluroso.jpg\",\"width\":1024,\"height\":486},{\"@type\":\"BreadcrumbList\",\"@id\":\"https:\/\/www.risk21.com\/ca\/consell-la-calor-durant-la-jornada-de-treball-a-lestiu\/#breadcrumb\",\"itemListElement\":[{\"@type\":\"ListItem\",\"position\":1,\"name\":\"Portada\",\"item\":\"https:\/\/www.risk21.com\/ca\/\"},{\"@type\":\"ListItem\",\"position\":2,\"name\":\"Consell: La calor durant la jornada de treball a l&#8217;estiu\"}]},{\"@type\":\"WebSite\",\"@id\":\"https:\/\/www.risk21.com\/#website\",\"url\":\"https:\/\/www.risk21.com\/\",\"name\":\"Risk XXI\",\"description\":\"Prl &amp; Services\",\"potentialAction\":[{\"@type\":\"SearchAction\",\"target\":{\"@type\":\"EntryPoint\",\"urlTemplate\":\"https:\/\/www.risk21.com\/?s={search_term_string}\"},\"query-input\":{\"@type\":\"PropertyValueSpecification\",\"valueRequired\":true,\"valueName\":\"search_term_string\"}}],\"inLanguage\":\"ca\"},{\"@type\":\"Person\",\"@id\":\"https:\/\/www.risk21.com\/#\/schema\/person\/ee06a206c3fd21673921392f1f514653\",\"name\":\"admin\",\"url\":\"https:\/\/www.risk21.com\/ca\/author\/admin\/\"}]}<\/script>\n<!-- \/ Yoast SEO plugin. -->","yoast_head_json":{"title":"Consell: La calor durant la jornada de treball a l'estiu - Risk XXI","robots":{"index":"index","follow":"follow","max-snippet":"max-snippet:-1","max-image-preview":"max-image-preview:large","max-video-preview":"max-video-preview:-1"},"canonical":"https:\/\/www.risk21.com\/ca\/consell-la-calor-durant-la-jornada-de-treball-a-lestiu\/","og_locale":"ca_ES","og_type":"article","og_title":"Consell: La calor durant la jornada de treball a l'estiu - Risk XXI","og_description":"Quan arriba l\u2019estiu i\u00a0fa molta\u00a0calor els mecanismes d\u2019adaptaci\u00f3 del nostre cos, com la suor, es posen en marxa per mantenir estable la temperatura corporal. Haver de realitzar tasques pesades o treballs a l\u2019exterior a elevades temperatures pot portar el cos hum\u00e0 al l\u00edmit i ocasionar accidents de treball. El risc augmenta a mesura que pujaLlegir m\u00e9s","og_url":"https:\/\/www.risk21.com\/ca\/consell-la-calor-durant-la-jornada-de-treball-a-lestiu\/","og_site_name":"Risk XXI","article_published_time":"2016-06-13T09:15:00+00:00","article_modified_time":"2016-08-25T09:27:07+00:00","og_image":[{"width":1024,"height":486,"url":"https:\/\/www.risk21.com\/wp-content\/uploads\/2016\/08\/trabajo-ambiente-caluroso.jpg","type":"image\/jpeg"}],"author":"admin","twitter_card":"summary_large_image","twitter_misc":{"Escrit per":"admin","Temps estimat de lectura":"1 minut"},"schema":{"@context":"https:\/\/schema.org","@graph":[{"@type":"WebPage","@id":"https:\/\/www.risk21.com\/ca\/consell-la-calor-durant-la-jornada-de-treball-a-lestiu\/","url":"https:\/\/www.risk21.com\/ca\/consell-la-calor-durant-la-jornada-de-treball-a-lestiu\/","name":"Consell: La calor durant la jornada de treball a l'estiu - Risk XXI","isPartOf":{"@id":"https:\/\/www.risk21.com\/#website"},"primaryImageOfPage":{"@id":"https:\/\/www.risk21.com\/ca\/consell-la-calor-durant-la-jornada-de-treball-a-lestiu\/#primaryimage"},"image":{"@id":"https:\/\/www.risk21.com\/ca\/consell-la-calor-durant-la-jornada-de-treball-a-lestiu\/#primaryimage"},"thumbnailUrl":"https:\/\/www.risk21.com\/wp-content\/uploads\/2016\/08\/trabajo-ambiente-caluroso.jpg","datePublished":"2016-06-13T09:15:00+00:00","dateModified":"2016-08-25T09:27:07+00:00","author":{"@id":"https:\/\/www.risk21.com\/#\/schema\/person\/ee06a206c3fd21673921392f1f514653"},"breadcrumb":{"@id":"https:\/\/www.risk21.com\/ca\/consell-la-calor-durant-la-jornada-de-treball-a-lestiu\/#breadcrumb"},"inLanguage":"ca","potentialAction":[{"@type":"ReadAction","target":["https:\/\/www.risk21.com\/ca\/consell-la-calor-durant-la-jornada-de-treball-a-lestiu\/"]}]},{"@type":"ImageObject","inLanguage":"ca","@id":"https:\/\/www.risk21.com\/ca\/consell-la-calor-durant-la-jornada-de-treball-a-lestiu\/#primaryimage","url":"https:\/\/www.risk21.com\/wp-content\/uploads\/2016\/08\/trabajo-ambiente-caluroso.jpg","contentUrl":"https:\/\/www.risk21.com\/wp-content\/uploads\/2016\/08\/trabajo-ambiente-caluroso.jpg","width":1024,"height":486},{"@type":"BreadcrumbList","@id":"https:\/\/www.risk21.com\/ca\/consell-la-calor-durant-la-jornada-de-treball-a-lestiu\/#breadcrumb","itemListElement":[{"@type":"ListItem","position":1,"name":"Portada","item":"https:\/\/www.risk21.com\/ca\/"},{"@type":"ListItem","position":2,"name":"Consell: La calor durant la jornada de treball a l&#8217;estiu"}]},{"@type":"WebSite","@id":"https:\/\/www.risk21.com\/#website","url":"https:\/\/www.risk21.com\/","name":"Risk XXI","description":"Prl &amp; Services","potentialAction":[{"@type":"SearchAction","target":{"@type":"EntryPoint","urlTemplate":"https:\/\/www.risk21.com\/?s={search_term_string}"},"query-input":{"@type":"PropertyValueSpecification","valueRequired":true,"valueName":"search_term_string"}}],"inLanguage":"ca"},{"@type":"Person","@id":"https:\/\/www.risk21.com\/#\/schema\/person\/ee06a206c3fd21673921392f1f514653","name":"admin","url":"https:\/\/www.risk21.com\/ca\/author\/admin\/"}]}},"_links":{"self":[{"href":"https:\/\/www.risk21.com\/ca\/wp-json\/wp\/v2\/posts\/6020","targetHints":{"allow":["GET"]}}],"collection":[{"href":"https:\/\/www.risk21.com\/ca\/wp-json\/wp\/v2\/posts"}],"about":[{"href":"https:\/\/www.risk21.com\/ca\/wp-json\/wp\/v2\/types\/post"}],"author":[{"embeddable":true,"href":"https:\/\/www.risk21.com\/ca\/wp-json\/wp\/v2\/users\/1"}],"replies":[{"embeddable":true,"href":"https:\/\/www.risk21.com\/ca\/wp-json\/wp\/v2\/comments?post=6020"}],"version-history":[{"count":0,"href":"https:\/\/www.risk21.com\/ca\/wp-json\/wp\/v2\/posts\/6020\/revisions"}],"wp:featuredmedia":[{"embeddable":true,"href":"https:\/\/www.risk21.com\/ca\/wp-json\/wp\/v2\/media\/5955"}],"wp:attachment":[{"href":"https:\/\/www.risk21.com\/ca\/wp-json\/wp\/v2\/media?parent=6020"}],"wp:term":[{"taxonomy":"category","embeddable":true,"href":"https:\/\/www.risk21.com\/ca\/wp-json\/wp\/v2\/categories?post=6020"},{"taxonomy":"post_tag","embeddable":true,"href":"https:\/\/www.risk21.com\/ca\/wp-json\/wp\/v2\/tags?post=6020"}],"curies":[{"name":"wp","href":"https:\/\/api.w.org\/{rel}","templated":true}]}}