{"id":6018,"date":"2016-06-20T09:14:18","date_gmt":"2016-06-20T09:14:18","guid":{"rendered":"http:\/\/www.risk21.com\/ca\/?p=6018"},"modified":"2016-08-25T09:25:43","modified_gmt":"2016-08-25T09:25:43","slug":"forum-lexposicio-solar-i-el-cancer-de-pell","status":"publish","type":"post","link":"https:\/\/www.risk21.com\/ca\/forum-lexposicio-solar-i-el-cancer-de-pell\/","title":{"rendered":"Forum: L&#8217;exposici\u00f3 solar i el c\u00e0ncer de pell"},"content":{"rendered":"<p>El proper dijous 30 de juny, a les 19:00, el Dr. Ignasi Pau, dermat\u00f2leg del <a href=\"https:\/\/www.atlantida.net\/\" target=\"_blank\">Centre M\u00e8dic Atl\u00e0ntida<\/a>, oferir\u00e0 una xerrada en qu\u00e8 ens apropar\u00e0 tots els beneficis i els riscs associats a l\u2019exposici\u00f3 solar, donar\u00e0 consells pr\u00e0ctics per minimitzar-ne els efectes indesitjats i aportar\u00e0 nocions senzilles per ajudar a detectar lesions cut\u00e0nies sospitoses.<\/p>\n<p>Pots confirmar la teva assist\u00e8ncia trucant al 93 217 22 99 o enviant un correu electr\u00f2nic a l\u2019adre\u00e7a <a href=\"http:\/\/atl@atlantida.cat\/\" target=\"_blank\">atl@atlantida.cat<\/a><\/p>\n<p><a href=\"https:\/\/www.atlantida.net\/beneficis-de-prendre-el-sol-i-riscos-i-perills-duna-exposicio-excessiva-o-sense-proteccio\/\" target=\"_blank\">VEURE M\u00c9S<\/a><\/p>\n","protected":false},"excerpt":{"rendered":"<p>El proper dijous 30 de juny, a les 19:00, el Dr. Ignasi Pau, dermat\u00f2leg del Centre M\u00e8dic Atl\u00e0ntida, oferir\u00e0 una xerrada en qu\u00e8 ens apropar\u00e0 tots els beneficis i els riscs associats a l\u2019exposici\u00f3 solar, donar\u00e0 consells pr\u00e0ctics per minimitzar-ne els efectes indesitjats i aportar\u00e0 nocions senzilles per ajudar a detectar lesions cut\u00e0nies sospitoses. Pots<br \/><a href=\"https:\/\/www.risk21.com\/ca\/forum-lexposicio-solar-i-el-cancer-de-pell\/\" class=\"more\">Llegir m\u00e9s<\/a><\/p>\n","protected":false},"author":1,"featured_media":5960,"comment_status":"closed","ping_status":"closed","sticky":false,"template":"","format":"standard","meta":{"footnotes":""},"categories":[91],"tags":[95,94],"class_list":["post-6018","post","type-post","status-publish","format-standard","has-post-thumbnail","hentry","category-noticies-ca","tag-informacio-ca","tag-prevencio-ca"],"yoast_head":"<!-- This site is optimized with the Yoast SEO plugin v25.3.1 - https:\/\/yoast.com\/wordpress\/plugins\/seo\/ -->\n<title>Forum: L&#039;exposici\u00f3 solar i el c\u00e0ncer de pell - Risk XXI<\/title>\n<meta name=\"robots\" content=\"index, follow, max-snippet:-1, max-image-preview:large, max-video-preview:-1\" \/>\n<link rel=\"canonical\" href=\"https:\/\/www.risk21.com\/ca\/forum-lexposicio-solar-i-el-cancer-de-pell\/\" \/>\n<meta property=\"og:locale\" content=\"ca_ES\" \/>\n<meta property=\"og:type\" content=\"article\" \/>\n<meta property=\"og:title\" content=\"Forum: L&#039;exposici\u00f3 solar i el c\u00e0ncer de pell - Risk XXI\" \/>\n<meta property=\"og:description\" content=\"El proper dijous 30 de juny, a les 19:00, el Dr. Ignasi Pau, dermat\u00f2leg del Centre M\u00e8dic Atl\u00e0ntida, oferir\u00e0 una xerrada en qu\u00e8 ens apropar\u00e0 tots els beneficis i els riscs associats a l\u2019exposici\u00f3 solar, donar\u00e0 consells pr\u00e0ctics per minimitzar-ne els efectes indesitjats i aportar\u00e0 nocions senzilles per ajudar a detectar lesions cut\u00e0nies sospitoses. PotsLlegir m\u00e9s\" \/>\n<meta property=\"og:url\" content=\"https:\/\/www.risk21.com\/ca\/forum-lexposicio-solar-i-el-cancer-de-pell\/\" \/>\n<meta property=\"og:site_name\" content=\"Risk XXI\" \/>\n<meta property=\"article:published_time\" content=\"2016-06-20T09:14:18+00:00\" \/>\n<meta property=\"article:modified_time\" content=\"2016-08-25T09:25:43+00:00\" \/>\n<meta property=\"og:image\" content=\"https:\/\/www.risk21.com\/wp-content\/uploads\/2016\/08\/expo-solar.jpg\" \/>\n\t<meta property=\"og:image:width\" content=\"1024\" \/>\n\t<meta property=\"og:image:height\" content=\"486\" \/>\n\t<meta property=\"og:image:type\" content=\"image\/jpeg\" \/>\n<meta name=\"author\" content=\"admin\" \/>\n<meta name=\"twitter:card\" content=\"summary_large_image\" \/>\n<meta name=\"twitter:label1\" content=\"Escrit per\" \/>\n\t<meta name=\"twitter:data1\" content=\"admin\" \/>\n<script type=\"application\/ld+json\" class=\"yoast-schema-graph\">{\"@context\":\"https:\/\/schema.org\",\"@graph\":[{\"@type\":\"WebPage\",\"@id\":\"https:\/\/www.risk21.com\/ca\/forum-lexposicio-solar-i-el-cancer-de-pell\/\",\"url\":\"https:\/\/www.risk21.com\/ca\/forum-lexposicio-solar-i-el-cancer-de-pell\/\",\"name\":\"Forum: L'exposici\u00f3 solar i el c\u00e0ncer de pell - Risk XXI\",\"isPartOf\":{\"@id\":\"https:\/\/www.risk21.com\/#website\"},\"primaryImageOfPage\":{\"@id\":\"https:\/\/www.risk21.com\/ca\/forum-lexposicio-solar-i-el-cancer-de-pell\/#primaryimage\"},\"image\":{\"@id\":\"https:\/\/www.risk21.com\/ca\/forum-lexposicio-solar-i-el-cancer-de-pell\/#primaryimage\"},\"thumbnailUrl\":\"https:\/\/www.risk21.com\/wp-content\/uploads\/2016\/08\/expo-solar.jpg\",\"datePublished\":\"2016-06-20T09:14:18+00:00\",\"dateModified\":\"2016-08-25T09:25:43+00:00\",\"author\":{\"@id\":\"https:\/\/www.risk21.com\/#\/schema\/person\/ee06a206c3fd21673921392f1f514653\"},\"breadcrumb\":{\"@id\":\"https:\/\/www.risk21.com\/ca\/forum-lexposicio-solar-i-el-cancer-de-pell\/#breadcrumb\"},\"inLanguage\":\"ca\",\"potentialAction\":[{\"@type\":\"ReadAction\",\"target\":[\"https:\/\/www.risk21.com\/ca\/forum-lexposicio-solar-i-el-cancer-de-pell\/\"]}]},{\"@type\":\"ImageObject\",\"inLanguage\":\"ca\",\"@id\":\"https:\/\/www.risk21.com\/ca\/forum-lexposicio-solar-i-el-cancer-de-pell\/#primaryimage\",\"url\":\"https:\/\/www.risk21.com\/wp-content\/uploads\/2016\/08\/expo-solar.jpg\",\"contentUrl\":\"https:\/\/www.risk21.com\/wp-content\/uploads\/2016\/08\/expo-solar.jpg\",\"width\":1024,\"height\":486},{\"@type\":\"BreadcrumbList\",\"@id\":\"https:\/\/www.risk21.com\/ca\/forum-lexposicio-solar-i-el-cancer-de-pell\/#breadcrumb\",\"itemListElement\":[{\"@type\":\"ListItem\",\"position\":1,\"name\":\"Portada\",\"item\":\"https:\/\/www.risk21.com\/ca\/\"},{\"@type\":\"ListItem\",\"position\":2,\"name\":\"Forum: L&#8217;exposici\u00f3 solar i el c\u00e0ncer de pell\"}]},{\"@type\":\"WebSite\",\"@id\":\"https:\/\/www.risk21.com\/#website\",\"url\":\"https:\/\/www.risk21.com\/\",\"name\":\"Risk XXI\",\"description\":\"Prl &amp; Services\",\"potentialAction\":[{\"@type\":\"SearchAction\",\"target\":{\"@type\":\"EntryPoint\",\"urlTemplate\":\"https:\/\/www.risk21.com\/?s={search_term_string}\"},\"query-input\":{\"@type\":\"PropertyValueSpecification\",\"valueRequired\":true,\"valueName\":\"search_term_string\"}}],\"inLanguage\":\"ca\"},{\"@type\":\"Person\",\"@id\":\"https:\/\/www.risk21.com\/#\/schema\/person\/ee06a206c3fd21673921392f1f514653\",\"name\":\"admin\",\"url\":\"https:\/\/www.risk21.com\/ca\/author\/admin\/\"}]}<\/script>\n<!-- \/ Yoast SEO plugin. -->","yoast_head_json":{"title":"Forum: L'exposici\u00f3 solar i el c\u00e0ncer de pell - Risk XXI","robots":{"index":"index","follow":"follow","max-snippet":"max-snippet:-1","max-image-preview":"max-image-preview:large","max-video-preview":"max-video-preview:-1"},"canonical":"https:\/\/www.risk21.com\/ca\/forum-lexposicio-solar-i-el-cancer-de-pell\/","og_locale":"ca_ES","og_type":"article","og_title":"Forum: L'exposici\u00f3 solar i el c\u00e0ncer de pell - Risk XXI","og_description":"El proper dijous 30 de juny, a les 19:00, el Dr. Ignasi Pau, dermat\u00f2leg del Centre M\u00e8dic Atl\u00e0ntida, oferir\u00e0 una xerrada en qu\u00e8 ens apropar\u00e0 tots els beneficis i els riscs associats a l\u2019exposici\u00f3 solar, donar\u00e0 consells pr\u00e0ctics per minimitzar-ne els efectes indesitjats i aportar\u00e0 nocions senzilles per ajudar a detectar lesions cut\u00e0nies sospitoses. PotsLlegir m\u00e9s","og_url":"https:\/\/www.risk21.com\/ca\/forum-lexposicio-solar-i-el-cancer-de-pell\/","og_site_name":"Risk XXI","article_published_time":"2016-06-20T09:14:18+00:00","article_modified_time":"2016-08-25T09:25:43+00:00","og_image":[{"width":1024,"height":486,"url":"https:\/\/www.risk21.com\/wp-content\/uploads\/2016\/08\/expo-solar.jpg","type":"image\/jpeg"}],"author":"admin","twitter_card":"summary_large_image","twitter_misc":{"Escrit per":"admin"},"schema":{"@context":"https:\/\/schema.org","@graph":[{"@type":"WebPage","@id":"https:\/\/www.risk21.com\/ca\/forum-lexposicio-solar-i-el-cancer-de-pell\/","url":"https:\/\/www.risk21.com\/ca\/forum-lexposicio-solar-i-el-cancer-de-pell\/","name":"Forum: L'exposici\u00f3 solar i el c\u00e0ncer de pell - Risk XXI","isPartOf":{"@id":"https:\/\/www.risk21.com\/#website"},"primaryImageOfPage":{"@id":"https:\/\/www.risk21.com\/ca\/forum-lexposicio-solar-i-el-cancer-de-pell\/#primaryimage"},"image":{"@id":"https:\/\/www.risk21.com\/ca\/forum-lexposicio-solar-i-el-cancer-de-pell\/#primaryimage"},"thumbnailUrl":"https:\/\/www.risk21.com\/wp-content\/uploads\/2016\/08\/expo-solar.jpg","datePublished":"2016-06-20T09:14:18+00:00","dateModified":"2016-08-25T09:25:43+00:00","author":{"@id":"https:\/\/www.risk21.com\/#\/schema\/person\/ee06a206c3fd21673921392f1f514653"},"breadcrumb":{"@id":"https:\/\/www.risk21.com\/ca\/forum-lexposicio-solar-i-el-cancer-de-pell\/#breadcrumb"},"inLanguage":"ca","potentialAction":[{"@type":"ReadAction","target":["https:\/\/www.risk21.com\/ca\/forum-lexposicio-solar-i-el-cancer-de-pell\/"]}]},{"@type":"ImageObject","inLanguage":"ca","@id":"https:\/\/www.risk21.com\/ca\/forum-lexposicio-solar-i-el-cancer-de-pell\/#primaryimage","url":"https:\/\/www.risk21.com\/wp-content\/uploads\/2016\/08\/expo-solar.jpg","contentUrl":"https:\/\/www.risk21.com\/wp-content\/uploads\/2016\/08\/expo-solar.jpg","width":1024,"height":486},{"@type":"BreadcrumbList","@id":"https:\/\/www.risk21.com\/ca\/forum-lexposicio-solar-i-el-cancer-de-pell\/#breadcrumb","itemListElement":[{"@type":"ListItem","position":1,"name":"Portada","item":"https:\/\/www.risk21.com\/ca\/"},{"@type":"ListItem","position":2,"name":"Forum: L&#8217;exposici\u00f3 solar i el c\u00e0ncer de pell"}]},{"@type":"WebSite","@id":"https:\/\/www.risk21.com\/#website","url":"https:\/\/www.risk21.com\/","name":"Risk XXI","description":"Prl &amp; Services","potentialAction":[{"@type":"SearchAction","target":{"@type":"EntryPoint","urlTemplate":"https:\/\/www.risk21.com\/?s={search_term_string}"},"query-input":{"@type":"PropertyValueSpecification","valueRequired":true,"valueName":"search_term_string"}}],"inLanguage":"ca"},{"@type":"Person","@id":"https:\/\/www.risk21.com\/#\/schema\/person\/ee06a206c3fd21673921392f1f514653","name":"admin","url":"https:\/\/www.risk21.com\/ca\/author\/admin\/"}]}},"_links":{"self":[{"href":"https:\/\/www.risk21.com\/ca\/wp-json\/wp\/v2\/posts\/6018","targetHints":{"allow":["GET"]}}],"collection":[{"href":"https:\/\/www.risk21.com\/ca\/wp-json\/wp\/v2\/posts"}],"about":[{"href":"https:\/\/www.risk21.com\/ca\/wp-json\/wp\/v2\/types\/post"}],"author":[{"embeddable":true,"href":"https:\/\/www.risk21.com\/ca\/wp-json\/wp\/v2\/users\/1"}],"replies":[{"embeddable":true,"href":"https:\/\/www.risk21.com\/ca\/wp-json\/wp\/v2\/comments?post=6018"}],"version-history":[{"count":0,"href":"https:\/\/www.risk21.com\/ca\/wp-json\/wp\/v2\/posts\/6018\/revisions"}],"wp:featuredmedia":[{"embeddable":true,"href":"https:\/\/www.risk21.com\/ca\/wp-json\/wp\/v2\/media\/5960"}],"wp:attachment":[{"href":"https:\/\/www.risk21.com\/ca\/wp-json\/wp\/v2\/media?parent=6018"}],"wp:term":[{"taxonomy":"category","embeddable":true,"href":"https:\/\/www.risk21.com\/ca\/wp-json\/wp\/v2\/categories?post=6018"},{"taxonomy":"post_tag","embeddable":true,"href":"https:\/\/www.risk21.com\/ca\/wp-json\/wp\/v2\/tags?post=6018"}],"curies":[{"name":"wp","href":"https:\/\/api.w.org\/{rel}","templated":true}]}}