{"id":5115,"date":"2015-08-30T09:29:44","date_gmt":"2015-08-30T09:29:44","guid":{"rendered":"http:\/\/www.risk21.com\/ca\/?p=5115"},"modified":"2016-08-25T06:08:52","modified_gmt":"2016-08-25T06:08:52","slug":"riscos-al-sector-audiovisual","status":"publish","type":"post","link":"https:\/\/www.risk21.com\/ca\/riscos-al-sector-audiovisual\/","title":{"rendered":"Riscos al sector audiovisual"},"content":{"rendered":"<p class=\"rtejustify\"><strong>Article m\u00e8dic pel Dr. Joan Manuel Aldea. Director M\u00e8dic de Risk XXI &#8211; Prl &amp; Services<\/strong><\/p>\n<p class=\"rtejustify\">S\u00f3n molts els llocs de treball que engloba l&#8217;univers del &#8220;Sector Audiovisual&#8221;. Cadascun posseeix caracter\u00edstiques especials, que s\u00f3n analitzades exhaustivament pel departament de prevenci\u00f3 de riscos laborals i en base a la seva informaci\u00f3, el servei de Vigil\u00e0ncia de la Salut elabora els protocols m\u00e8dics corresponents.<\/p>\n<p class=\"rtejustify\">A m\u00e9s, els permanents aven\u00e7os tecnol\u00f2gics propicien que aquest sigui un sector en constant evoluci\u00f3, el que obliga a dur a terme la revisi\u00f3 permanent d&#8217;aquests protocols, per a cada lloc de treball.<\/p>\n<p class=\"rtejustify\">Un exemple molt il\u00b7lustratiu del que s&#8217;ha dit \u00e9s el que representa el lloc de treball de Sonidista que, amb el temps i com a conseq\u00fc\u00e8ncia de les noves tecnologies, ha vist modificades les seves eines habituals de treball, de manera que, a la conveni\u00e8ncia d&#8217;avaluar peri\u00f2dicament l&#8217;audici\u00f3 d&#8217;aquests professionals, s&#8217;ha sumat la necessitat de vigilar els problemes osteomusculars o de visi\u00f3 a que pugui donar lloc el treball amb pantalles de visualitzaci\u00f3 de dades (PVD).<\/p>\n<p class=\"rtejustify\">Un altre exemple podria ser el dels Directors de fotografia, foquistas i Auxiliars de cambra, els trastorns de salut a nivell osteomuscular poden patir modificacions com a conseq\u00fc\u00e8ncia de la digitalitzaci\u00f3, de la reducci\u00f3 de la mida de les m\u00e0quines i de l&#8217;aparici\u00f3 de nous sistemes de suport (major incid\u00e8ncia de treball sobre espatlla en detriment de la utilitzaci\u00f3 de tr\u00edpode). Es pot pensar que pot haver-se experimentat un decrement en la incid\u00e8ncia de mol\u00e8sties a nivell de columna vertebral (dorsal i lumbar), per\u00f2, en contrapartida, s&#8217;incrementen les patologies de bra\u00e7os per tendinitis i \/ o artropaties. \u00c9s per aix\u00f2 que es fa imprescindible l&#8217;an\u00e0lisi detallada i individualitzada de les caracter\u00edstiques de cada un d&#8217;aquests llocs de treball, per part del departament de prevenci\u00f3 de riscos laborals.<\/p>\n<p class=\"rtejustify\">Per\u00f2 en parlar d&#8217;operador de c\u00e0mera estem referint-nos al que treballa en un plat\u00f3 de televisi\u00f3 o al reporter que cobreix not\u00edcies en una unitat m\u00f2bil o al qual est\u00e0 realitzant una filmaci\u00f3 en exteriors? \u00c9s evident que els riscos de cada un d&#8217;aquests llocs s\u00f3n diferents.<\/p>\n<p class=\"rtejustify\">Pel que fa a la patologia osteomuscular, no cal dir que els llocs d&#8217;Ajudant i Auxiliar de producci\u00f3 i Runners, s\u00f3n especialment sensibles i hem de prestar molta atenci\u00f3 a la pres\u00e8ncia d&#8217;alteracions.<\/p>\n<p class=\"rtejustify\">Una caracter\u00edstica freq\u00fcent d&#8217;aquest sector \u00e9s l&#8217;exist\u00e8ncia d&#8217;horaris dispars (la not\u00edcia sorgeix quan sorgeix i la filmaci\u00f3 s&#8217;ha de fer en els moments precisos i durant el temps necessari). Aix\u00f2 propicia l&#8217;aparici\u00f3 de determinats riscos per a la salut, com a conseq\u00fc\u00e8ncia d&#8217;elements com ara la torns (horaris nocturns), les jornades laborals perllongades o la variaci\u00f3 hor\u00e0ria al llarg de la setmana, el que, des del punt de vista de la vigil\u00e0ncia de salut laboral equipara aquests professionals als treballadors que treballen en horari nocturn o realitzant gu\u00e0rdies prolongades.<\/p>\n<p class=\"rtejustify\">Aquesta variabilitat en els horaris pot donar lloc a l&#8217;aparici\u00f3 de trastorns alimentaris, ja que els menjars poden ser r\u00e0pides i poc equilibrades, de manera que haurem de prestar atenci\u00f3 a la pres\u00e8ncia de dislip\u00e8mies (elevaci\u00f3 dels valors de colesterol i triglic\u00e8rids en sang) i als trastorns digestius, com ara gastritis.<\/p>\n<p class=\"rtejustify\">Els llocs de atrezzista, Constructors de decorats, Ajudants de decoraci\u00f3 i electricistes poden realitzar, de forma m\u00e9s o menys habitual, treballs en al\u00e7ada (sobretot els \u00faltims), de manera que els protocols de vigil\u00e0ncia de la salut hauran de prestar especial atenci\u00f3 a aquells trastorns que puguin representar un risc per a la pr\u00e0ctica d&#8217;aquest treball.<\/p>\n<p class=\"rtejustify\">Seguint la nostra vista general, trobem un bon nombre de llocs de treball que han de suportar llargues jornades en bipedestaci\u00f3, com per exemple, ajudants de direcci\u00f3, Perchistas, Ajudant de decoraci\u00f3, Maquilladors, figurinistes, Ajudants de vestuari, i Cambres, el que ens obliga a descartar la pres\u00e8ncia de trastorns circulatoris en extremitats inferiors, establint les mesures de prevenci\u00f3 m\u00e9s adequades per a cada cas.<\/p>\n<p class=\"rtejustify\">A RISK XXI hem estudiat les caracter\u00edstiques de cada activitat i hem elaborat una s\u00e8rie de protocols gen\u00e8rics a aplicar per a cada lloc de treball, per\u00f2 el seu contingut s&#8217;adapta permanentment en funci\u00f3 de les particularitats detectades en el decurs del reconeixement m\u00e8dic practicat a cada treballador.<\/p>\n<p class=\"rtejustify\"><strong><a href=\"mailto:vsdoctor@risk21.com\">Dr. Joan Manuel Aldea. Director M\u00e8dic de Risk XXI &#8211; Prl &amp; Servieces<\/a><\/strong><\/p>\n","protected":false},"excerpt":{"rendered":"<p>Article m\u00e8dic pel Dr. Joan Manuel Aldea. Director M\u00e8dic de Risk XXI &#8211; Prl &amp; Services S\u00f3n molts els llocs de treball que engloba l&#8217;univers del &#8220;Sector Audiovisual&#8221;. Cadascun posseeix caracter\u00edstiques especials, que s\u00f3n analitzades exhaustivament pel departament de prevenci\u00f3 de riscos laborals i en base a la seva informaci\u00f3, el servei de Vigil\u00e0ncia de<br \/><a href=\"https:\/\/www.risk21.com\/ca\/riscos-al-sector-audiovisual\/\" class=\"more\">Llegir m\u00e9s<\/a><\/p>\n","protected":false},"author":1,"featured_media":4141,"comment_status":"closed","ping_status":"open","sticky":false,"template":"","format":"standard","meta":{"footnotes":""},"categories":[91],"tags":[98],"class_list":["post-5115","post","type-post","status-publish","format-standard","has-post-thumbnail","hentry","category-noticies-ca","tag-prl-general-ca"],"yoast_head":"<!-- This site is optimized with the Yoast SEO plugin v25.3.1 - https:\/\/yoast.com\/wordpress\/plugins\/seo\/ -->\n<title>Riscos al sector audiovisual - Risk XXI<\/title>\n<meta name=\"robots\" content=\"index, follow, max-snippet:-1, max-image-preview:large, max-video-preview:-1\" \/>\n<link rel=\"canonical\" href=\"https:\/\/www.risk21.com\/ca\/riscos-al-sector-audiovisual\/\" \/>\n<meta property=\"og:locale\" content=\"ca_ES\" \/>\n<meta property=\"og:type\" content=\"article\" \/>\n<meta property=\"og:title\" content=\"Riscos al sector audiovisual - Risk XXI\" \/>\n<meta property=\"og:description\" content=\"Article m\u00e8dic pel Dr. Joan Manuel Aldea. Director M\u00e8dic de Risk XXI &#8211; Prl &amp; Services S\u00f3n molts els llocs de treball que engloba l&#8217;univers del &#8220;Sector Audiovisual&#8221;. Cadascun posseeix caracter\u00edstiques especials, que s\u00f3n analitzades exhaustivament pel departament de prevenci\u00f3 de riscos laborals i en base a la seva informaci\u00f3, el servei de Vigil\u00e0ncia deLlegir m\u00e9s\" \/>\n<meta property=\"og:url\" content=\"https:\/\/www.risk21.com\/ca\/riscos-al-sector-audiovisual\/\" \/>\n<meta property=\"og:site_name\" content=\"Risk XXI\" \/>\n<meta property=\"article:published_time\" content=\"2015-08-30T09:29:44+00:00\" \/>\n<meta property=\"article:modified_time\" content=\"2016-08-25T06:08:52+00:00\" \/>\n<meta property=\"og:image\" content=\"https:\/\/www.risk21.com\/wp-content\/uploads\/2015\/08\/doctor.jpg\" \/>\n\t<meta property=\"og:image:width\" content=\"2059\" \/>\n\t<meta property=\"og:image:height\" content=\"1500\" \/>\n\t<meta property=\"og:image:type\" content=\"image\/jpeg\" \/>\n<meta name=\"author\" content=\"admin\" \/>\n<meta name=\"twitter:card\" content=\"summary_large_image\" \/>\n<meta name=\"twitter:label1\" content=\"Escrit per\" \/>\n\t<meta name=\"twitter:data1\" content=\"admin\" \/>\n\t<meta name=\"twitter:label2\" content=\"Temps estimat de lectura\" \/>\n\t<meta name=\"twitter:data2\" content=\"4 minuts\" \/>\n<script type=\"application\/ld+json\" class=\"yoast-schema-graph\">{\"@context\":\"https:\/\/schema.org\",\"@graph\":[{\"@type\":\"WebPage\",\"@id\":\"https:\/\/www.risk21.com\/ca\/riscos-al-sector-audiovisual\/\",\"url\":\"https:\/\/www.risk21.com\/ca\/riscos-al-sector-audiovisual\/\",\"name\":\"Riscos al sector audiovisual - Risk XXI\",\"isPartOf\":{\"@id\":\"https:\/\/www.risk21.com\/#website\"},\"primaryImageOfPage\":{\"@id\":\"https:\/\/www.risk21.com\/ca\/riscos-al-sector-audiovisual\/#primaryimage\"},\"image\":{\"@id\":\"https:\/\/www.risk21.com\/ca\/riscos-al-sector-audiovisual\/#primaryimage\"},\"thumbnailUrl\":\"https:\/\/www.risk21.com\/wp-content\/uploads\/2015\/08\/doctor.jpg\",\"datePublished\":\"2015-08-30T09:29:44+00:00\",\"dateModified\":\"2016-08-25T06:08:52+00:00\",\"author\":{\"@id\":\"https:\/\/www.risk21.com\/#\/schema\/person\/ee06a206c3fd21673921392f1f514653\"},\"breadcrumb\":{\"@id\":\"https:\/\/www.risk21.com\/ca\/riscos-al-sector-audiovisual\/#breadcrumb\"},\"inLanguage\":\"ca\",\"potentialAction\":[{\"@type\":\"ReadAction\",\"target\":[\"https:\/\/www.risk21.com\/ca\/riscos-al-sector-audiovisual\/\"]}]},{\"@type\":\"ImageObject\",\"inLanguage\":\"ca\",\"@id\":\"https:\/\/www.risk21.com\/ca\/riscos-al-sector-audiovisual\/#primaryimage\",\"url\":\"https:\/\/www.risk21.com\/wp-content\/uploads\/2015\/08\/doctor.jpg\",\"contentUrl\":\"https:\/\/www.risk21.com\/wp-content\/uploads\/2015\/08\/doctor.jpg\",\"width\":2059,\"height\":1500},{\"@type\":\"BreadcrumbList\",\"@id\":\"https:\/\/www.risk21.com\/ca\/riscos-al-sector-audiovisual\/#breadcrumb\",\"itemListElement\":[{\"@type\":\"ListItem\",\"position\":1,\"name\":\"Portada\",\"item\":\"https:\/\/www.risk21.com\/ca\/\"},{\"@type\":\"ListItem\",\"position\":2,\"name\":\"Riscos al sector audiovisual\"}]},{\"@type\":\"WebSite\",\"@id\":\"https:\/\/www.risk21.com\/#website\",\"url\":\"https:\/\/www.risk21.com\/\",\"name\":\"Risk XXI\",\"description\":\"Prl &amp; Services\",\"potentialAction\":[{\"@type\":\"SearchAction\",\"target\":{\"@type\":\"EntryPoint\",\"urlTemplate\":\"https:\/\/www.risk21.com\/?s={search_term_string}\"},\"query-input\":{\"@type\":\"PropertyValueSpecification\",\"valueRequired\":true,\"valueName\":\"search_term_string\"}}],\"inLanguage\":\"ca\"},{\"@type\":\"Person\",\"@id\":\"https:\/\/www.risk21.com\/#\/schema\/person\/ee06a206c3fd21673921392f1f514653\",\"name\":\"admin\",\"url\":\"https:\/\/www.risk21.com\/ca\/author\/admin\/\"}]}<\/script>\n<!-- \/ Yoast SEO plugin. -->","yoast_head_json":{"title":"Riscos al sector audiovisual - Risk XXI","robots":{"index":"index","follow":"follow","max-snippet":"max-snippet:-1","max-image-preview":"max-image-preview:large","max-video-preview":"max-video-preview:-1"},"canonical":"https:\/\/www.risk21.com\/ca\/riscos-al-sector-audiovisual\/","og_locale":"ca_ES","og_type":"article","og_title":"Riscos al sector audiovisual - Risk XXI","og_description":"Article m\u00e8dic pel Dr. Joan Manuel Aldea. Director M\u00e8dic de Risk XXI &#8211; Prl &amp; Services S\u00f3n molts els llocs de treball que engloba l&#8217;univers del &#8220;Sector Audiovisual&#8221;. Cadascun posseeix caracter\u00edstiques especials, que s\u00f3n analitzades exhaustivament pel departament de prevenci\u00f3 de riscos laborals i en base a la seva informaci\u00f3, el servei de Vigil\u00e0ncia deLlegir m\u00e9s","og_url":"https:\/\/www.risk21.com\/ca\/riscos-al-sector-audiovisual\/","og_site_name":"Risk XXI","article_published_time":"2015-08-30T09:29:44+00:00","article_modified_time":"2016-08-25T06:08:52+00:00","og_image":[{"width":2059,"height":1500,"url":"https:\/\/www.risk21.com\/wp-content\/uploads\/2015\/08\/doctor.jpg","type":"image\/jpeg"}],"author":"admin","twitter_card":"summary_large_image","twitter_misc":{"Escrit per":"admin","Temps estimat de lectura":"4 minuts"},"schema":{"@context":"https:\/\/schema.org","@graph":[{"@type":"WebPage","@id":"https:\/\/www.risk21.com\/ca\/riscos-al-sector-audiovisual\/","url":"https:\/\/www.risk21.com\/ca\/riscos-al-sector-audiovisual\/","name":"Riscos al sector audiovisual - Risk XXI","isPartOf":{"@id":"https:\/\/www.risk21.com\/#website"},"primaryImageOfPage":{"@id":"https:\/\/www.risk21.com\/ca\/riscos-al-sector-audiovisual\/#primaryimage"},"image":{"@id":"https:\/\/www.risk21.com\/ca\/riscos-al-sector-audiovisual\/#primaryimage"},"thumbnailUrl":"https:\/\/www.risk21.com\/wp-content\/uploads\/2015\/08\/doctor.jpg","datePublished":"2015-08-30T09:29:44+00:00","dateModified":"2016-08-25T06:08:52+00:00","author":{"@id":"https:\/\/www.risk21.com\/#\/schema\/person\/ee06a206c3fd21673921392f1f514653"},"breadcrumb":{"@id":"https:\/\/www.risk21.com\/ca\/riscos-al-sector-audiovisual\/#breadcrumb"},"inLanguage":"ca","potentialAction":[{"@type":"ReadAction","target":["https:\/\/www.risk21.com\/ca\/riscos-al-sector-audiovisual\/"]}]},{"@type":"ImageObject","inLanguage":"ca","@id":"https:\/\/www.risk21.com\/ca\/riscos-al-sector-audiovisual\/#primaryimage","url":"https:\/\/www.risk21.com\/wp-content\/uploads\/2015\/08\/doctor.jpg","contentUrl":"https:\/\/www.risk21.com\/wp-content\/uploads\/2015\/08\/doctor.jpg","width":2059,"height":1500},{"@type":"BreadcrumbList","@id":"https:\/\/www.risk21.com\/ca\/riscos-al-sector-audiovisual\/#breadcrumb","itemListElement":[{"@type":"ListItem","position":1,"name":"Portada","item":"https:\/\/www.risk21.com\/ca\/"},{"@type":"ListItem","position":2,"name":"Riscos al sector audiovisual"}]},{"@type":"WebSite","@id":"https:\/\/www.risk21.com\/#website","url":"https:\/\/www.risk21.com\/","name":"Risk XXI","description":"Prl &amp; Services","potentialAction":[{"@type":"SearchAction","target":{"@type":"EntryPoint","urlTemplate":"https:\/\/www.risk21.com\/?s={search_term_string}"},"query-input":{"@type":"PropertyValueSpecification","valueRequired":true,"valueName":"search_term_string"}}],"inLanguage":"ca"},{"@type":"Person","@id":"https:\/\/www.risk21.com\/#\/schema\/person\/ee06a206c3fd21673921392f1f514653","name":"admin","url":"https:\/\/www.risk21.com\/ca\/author\/admin\/"}]}},"_links":{"self":[{"href":"https:\/\/www.risk21.com\/ca\/wp-json\/wp\/v2\/posts\/5115","targetHints":{"allow":["GET"]}}],"collection":[{"href":"https:\/\/www.risk21.com\/ca\/wp-json\/wp\/v2\/posts"}],"about":[{"href":"https:\/\/www.risk21.com\/ca\/wp-json\/wp\/v2\/types\/post"}],"author":[{"embeddable":true,"href":"https:\/\/www.risk21.com\/ca\/wp-json\/wp\/v2\/users\/1"}],"replies":[{"embeddable":true,"href":"https:\/\/www.risk21.com\/ca\/wp-json\/wp\/v2\/comments?post=5115"}],"version-history":[{"count":0,"href":"https:\/\/www.risk21.com\/ca\/wp-json\/wp\/v2\/posts\/5115\/revisions"}],"wp:featuredmedia":[{"embeddable":true,"href":"https:\/\/www.risk21.com\/ca\/wp-json\/wp\/v2\/media\/4141"}],"wp:attachment":[{"href":"https:\/\/www.risk21.com\/ca\/wp-json\/wp\/v2\/media?parent=5115"}],"wp:term":[{"taxonomy":"category","embeddable":true,"href":"https:\/\/www.risk21.com\/ca\/wp-json\/wp\/v2\/categories?post=5115"},{"taxonomy":"post_tag","embeddable":true,"href":"https:\/\/www.risk21.com\/ca\/wp-json\/wp\/v2\/tags?post=5115"}],"curies":[{"name":"wp","href":"https:\/\/api.w.org\/{rel}","templated":true}]}}