{"id":12505,"date":"2026-01-15T18:00:05","date_gmt":"2026-01-15T18:00:05","guid":{"rendered":"https:\/\/www.risk21.com\/?p=12505"},"modified":"2026-01-15T18:04:04","modified_gmt":"2026-01-15T18:04:04","slug":"12490","status":"publish","type":"post","link":"https:\/\/www.risk21.com\/ca\/12490\/","title":{"rendered":"Lloren\u00e7 Martin. Fundador i Consultor s\u00e8nior de Nextway Consulting"},"content":{"rendered":"<p>La gesti\u00f3 dels riscos psicosocials no acaba amb el diagn\u00f2stic. Cada vegada m\u00e9s organitzacions necessiten convertir els resultats de les seves avaluacions en decisions clares i accions sostenibles.<\/p>\n<p>En aquest context, <strong>RISK XXI \u2013 Prl &amp; Services<\/strong> col\u00b7labora amb \u00a0<a href=\"https:\/\/nextway.cat\/\" target=\"_blank\" rel=\"noopener\"><strong>Nextway Consulting<\/strong><\/a>,\u00a0entitat capitanejada per Lloren\u00e7 Martin per a oferir a les organitzacions un enfocament professional que integra prevenci\u00f3, intervenci\u00f3 i millora organitzativa, connectant el rigor t\u00e8cnic de l&#8217;an\u00e0lisi psicosocial amb l&#8217;acci\u00f3 real dels equips de treball.<\/p>\n<p>Hem volgut parlar de tot aix\u00f2 amb \u00a0<a href=\"https:\/\/es.linkedin.com\/in\/lloren%C3%A7-martin-martinez\" target=\"_blank\" rel=\"noopener\"><strong>Lloren\u00e7 Mart\u00edn Martinez<\/strong><\/a>, fundador i consultor s\u00e8nior de <strong>Nextway Consulting<\/strong>. &#8211;<strong><a href=\"https:\/\/nextway.cat\/\" target=\"_blank\" rel=\"noopener\"> https:\/\/nextway.cat\/\u00a0<\/a><\/strong><\/p>\n<p>&nbsp;<\/p>\n<p><strong>Hola Lloren\u00e7, Podria presentar-se vost\u00e8 mateix? Quina \u00e9s la seva traject\u00f2ria professional? En quins sectors d&#8217;activitat ha treballat?<\/strong><\/p>\n<p><a href=\"https:\/\/www.risk21.com\/wp-content\/uploads\/2026\/01\/FOTO_BIO_LLORENC.jpg\"><img loading=\"lazy\" decoding=\"async\" class=\" wp-image-12492 alignleft\" src=\"https:\/\/www.risk21.com\/wp-content\/uploads\/2026\/01\/FOTO_BIO_LLORENC-768x768.jpg\" alt=\"\" width=\"227\" height=\"227\" srcset=\"https:\/\/www.risk21.com\/wp-content\/uploads\/2026\/01\/FOTO_BIO_LLORENC-768x768.jpg 768w, https:\/\/www.risk21.com\/wp-content\/uploads\/2026\/01\/FOTO_BIO_LLORENC-300x300.jpg 300w, https:\/\/www.risk21.com\/wp-content\/uploads\/2026\/01\/FOTO_BIO_LLORENC-150x150.jpg 150w, https:\/\/www.risk21.com\/wp-content\/uploads\/2026\/01\/FOTO_BIO_LLORENC-570x570.jpg 570w, https:\/\/www.risk21.com\/wp-content\/uploads\/2026\/01\/FOTO_BIO_LLORENC-24x24.jpg 24w, https:\/\/www.risk21.com\/wp-content\/uploads\/2026\/01\/FOTO_BIO_LLORENC-36x36.jpg 36w, https:\/\/www.risk21.com\/wp-content\/uploads\/2026\/01\/FOTO_BIO_LLORENC-48x48.jpg 48w, https:\/\/www.risk21.com\/wp-content\/uploads\/2026\/01\/FOTO_BIO_LLORENC-266x266.jpg 266w, https:\/\/www.risk21.com\/wp-content\/uploads\/2026\/01\/FOTO_BIO_LLORENC.jpg 1024w\" sizes=\"auto, (max-width: 227px) 100vw, 227px\" \/><\/a>Soc consultor s\u00e8nior en resoluci\u00f3 de conflictes laborals, comunicaci\u00f3 estrat\u00e8gica i lideratge. Compto amb m\u00e9s de 25 anys d&#8217;experi\u00e8ncia professional, bona part d&#8217;ells en posicions directives, en organitzacions nacionals i internacionals, participant tant en comit\u00e8s de direcci\u00f3 com en la gesti\u00f3 directa d&#8217;equips i processos.<\/p>\n<p>La meva traject\u00f2ria professional s&#8217;ha desenvolupat en sectors industrials, automoci\u00f3, log\u00edstics, sanitaris, serveis amb estructures complexes, alimentaci\u00f3 i entorns altament regulats, on la pressi\u00f3 operativa i l&#8217;exig\u00e8ncia relacional conviuen di\u00e0riament.<\/p>\n<p>Des de Nextway Consulting <strong>acompanyem tant a pimes com a grans organitzacions, adaptant l&#8217;enfocament al nivell de maduresa, complexitat i responsabilitat de cada estructura.<\/strong> El conflicte es gestiona igual en una pime que en una gran companyia, el criteri professional \u00e9s el mateix: claredat de rol, responsabilitat i criteris objectius.<\/p>\n<p>El nostre treball consisteix a <strong>gestionar converses dif\u00edcils, separar all\u00f2 personal d\u2019all\u00f2 professional i convertir tensions internes en acords operatius,<\/strong> sempre des de criteris objectius, amb la finalitat de professionalitzar la gesti\u00f3 de les persones i transformar els conflictes en acords clars i sostenibles que impacten de manera directa en la millora del clima laboral.<\/p>\n<p>&nbsp;<\/p>\n<p><strong>Vost\u00e8 \u00e9s consultor i especialista en \u201cresoluci\u00f3 conflictes laborals. Ens podria explicar que ent\u00e9n vost\u00e8 exactament per \u201cconflicte laboral\u201d?<\/strong><\/p>\n<p>Un conflicte laboral no \u00e9s una discussi\u00f3 puntual. Un conflicte laboral apareix quan <strong>es trenca la col\u00b7laboraci\u00f3 professional de forma sostinguda<\/strong> i aix\u00f2 comen\u00e7a a impactar en els resultats, el clima de l&#8217;equip i la salut psicosocial de les persones.<\/p>\n<p>Sempre partim des d&#8217;un marc molt clar: <strong>rol, responsabilitat i persona<\/strong>. I aqu\u00ed \u00e9s important aclarir alguna cosa que sol generar <strong>molta confusi\u00f3: el rol i la responsabilitat no estan associats \u00fanicament a c\u00e0rrecs directius o de comandament.<\/strong><\/p>\n<p>Totes les persones que treballen en una organitzaci\u00f3, independentment de la seva posici\u00f3, tenen un rol i responsabilitats associades a la seva tasca.<\/p>\n<p>La persona mereix respecte i cura; el rol defineix qu\u00e8 s&#8217;espera professionalment; i la responsabilitat es concreta en comportaments i resultats observables. Quan aquests plans es barregen, el conflicte es personalitza, deixa de ser gestionable i les persones se l&#8217;emporten a la part personal oblidant-se tant de la part professional, com del seu rol i les seves responsabilitats.<\/p>\n<p>La majoria dels conflictes laborals s&#8217;acaben vivint des del personal, encara que el seu origen no sigui personal, amb interpretacions subjectives o emocions no gestionades. No obstant aix\u00f2, l&#8217;entorn laboral \u00e9s un entorn professional, no terap\u00e8utic. El focus no est\u00e0 en qui \u00e9s la persona, sin\u00f3 en <strong>qu\u00e8 est\u00e0 passant en el rol i com s&#8217;est\u00e0 exercint la seva responsabilitat.<\/strong><\/p>\n<p>Per aix\u00f2, quan abordem un conflicte, separem a les persones del problema i busquem criteris objectius. Parlem de fets, analitzem impactes i acordem est\u00e0ndards clars. Aquest enfocament permet corregir disfuncions sense atacar a ning\u00fa i sostenir converses dif\u00edcils sense deteriorar les relacions.<\/p>\n<blockquote><p>Quan el conflicte s&#8217;aborda des de criteris professionals i objectius, deixa de ser un atac personal i es converteix en una situaci\u00f3 professional que pot resoldre&#8217;s.<\/p><\/blockquote>\n<p>&nbsp;<\/p>\n<p><strong>Solucionar els conflictes laborals \u00e9s una cosa que les empreses haurien de gestionar internament. Llavors perqu\u00e8 recorren als seus serveis per a aconseguir-ho?<\/strong><\/p>\n<p>\u00c9s cert que les organitzacions haurien de poder gestionar els seus conflictes internament, i aquest \u00e9s sempre l&#8217;objectiu final. No obstant aix\u00f2, quan un conflicte es mant\u00e9 en el temps, el sistema perd neutralitat.<\/p>\n<p>Les persones implicades deixen d&#8217;operar exclusivament des del seu rol professional i entren en joc emocionis, interpretacions i din\u00e0miques pr\u00e8vies que dificulten sostenir converses objectives. En aquest punt apareix un risc clar: <strong>confondre all\u00f2 personal amb all\u00f2 professional.<\/strong><\/p>\n<p>La nostra intervenci\u00f3 no substitueix a l&#8217;empresa ni als seus l\u00edders. Aporta un <strong>marc extern, neutral i professional<\/strong> que permet tornar a separar rol, responsabilitat i persona, independentment del c\u00e0rrec que ocupi cada persona dins de l&#8217;organitzaci\u00f3. Introdu\u00efm criteris objectius, baixem la c\u00e0rrega emocional i ajudem al fet que cada part se situ\u00ef en la seva responsabilitat.<\/p>\n<p>A m\u00e9s, moltes organitzacions recorren a nosaltres despr\u00e9s de realitzar un estudi de riscos psicosocials, quan necessiten transformar un diagn\u00f2stic t\u00e8cnic en decisions clares i accions operatives que realment se sostinguin en el dia a dia.<\/p>\n<p>Dit de manera clara: quan el conflicte ja est\u00e0 dins del sistema, fa falta alg\u00fa que ajudi a <strong>extreure el problema del pla personal i retornar-lo al pla professional<\/strong>, sostenint l\u00edmits, acords i seguiment.<\/p>\n<p>Aquest tipus d&#8217;intervenci\u00f3 requereix experi\u00e8ncia directiva, criteri organitzatiu i capacitat per a sostenir l\u00edmits professionals; no es tracta d&#8217;escoltar versions, sin\u00f3 d&#8217;ordenar el sistema.<\/p>\n<p><strong><a href=\"https:\/\/www.risk21.com\/wp-content\/uploads\/2026\/01\/Imatge-discussio-laboral.png\"><img loading=\"lazy\" decoding=\"async\" class=\"alignnone size-medium_large wp-image-12501\" src=\"https:\/\/www.risk21.com\/wp-content\/uploads\/2026\/01\/Imatge-discussio-laboral-768x512.png\" alt=\"\" width=\"768\" height=\"512\" srcset=\"https:\/\/www.risk21.com\/wp-content\/uploads\/2026\/01\/Imatge-discussio-laboral-768x512.png 768w, https:\/\/www.risk21.com\/wp-content\/uploads\/2026\/01\/Imatge-discussio-laboral-300x200.png 300w, https:\/\/www.risk21.com\/wp-content\/uploads\/2026\/01\/Imatge-discussio-laboral-1024x683.png 1024w, https:\/\/www.risk21.com\/wp-content\/uploads\/2026\/01\/Imatge-discussio-laboral-24x16.png 24w, https:\/\/www.risk21.com\/wp-content\/uploads\/2026\/01\/Imatge-discussio-laboral-36x24.png 36w, https:\/\/www.risk21.com\/wp-content\/uploads\/2026\/01\/Imatge-discussio-laboral-48x32.png 48w, https:\/\/www.risk21.com\/wp-content\/uploads\/2026\/01\/Imatge-discussio-laboral.png 1536w\" sizes=\"auto, (max-width: 768px) 100vw, 768px\" \/><\/a><\/strong><\/p>\n<p>&nbsp;<\/p>\n<p><strong>I entrant al detall, Com s&#8217;actua en un proc\u00e9s de resoluci\u00f3 de conflicte laboral?<\/strong><\/p>\n<p>Un proc\u00e9s de resoluci\u00f3 de conflicte laboral no s&#8217;improvisa ni es basa en bones intencions. S&#8217;actua amb <strong>m\u00e8tode, estructura i neutralitat.<\/strong><\/p>\n<p>El primer pas sempre \u00e9s <strong>contextualitzar el conflicte des de l&#8217;organitzaci\u00f3<\/strong>: entendre qu\u00e8 est\u00e0 passant, en quin punt es troba i quin impacte t\u00e9 en els resultats, el clima i la coordinaci\u00f3. Aqu\u00ed \u00e9s clau separar des de l&#8217;inici les persones del problema i situar el focus en rols, responsabilitats i criteris professionals.<\/p>\n<p>Aquest tipus d&#8217;intervenci\u00f3 s&#8217;estructura en fases clares, <strong>contextualitzaci\u00f3 organitzativa, treball individual, trobades conjuntes i seguiment<\/strong>. La intervenci\u00f3 est\u00e0 alineada amb els plans d&#8217;acci\u00f3 derivats d&#8217;avaluacions de riscos psicosocials previs.<\/p>\n<p>A partir d&#8217;aqu\u00ed comencem amb entrevistes individuals basades en el criteri de confidencialitat per a recollir fets, percepcions i impactes, sempre amb criteris objectius. No busquem culpables, busquem comprensi\u00f3 del sistema. Aix\u00f2 ens permet identificar on est\u00e0 el bloqueig real: si \u00e9s relacional, organitzatiu, de lideratge o de claredat de rol.<\/p>\n<p>Una vegada ordenada la informaci\u00f3, es passa al treball conjunt. Facilitem trobades estructurades on s&#8217;aborden les tensions de manera professional, es regulen les emocions i es construeixen acords operatius. Els acords no s\u00f3n declaracions d&#8217;intenci\u00f3; inclouen conductes concretes, responsabilitats i seguiment.<\/p>\n<p>El proc\u00e9s no acaba amb la conversa. Inclou una fase de <strong>verificaci\u00f3 posterior<\/strong>, on es revisa si els acords s&#8217;estan complint i si el conflicte ha deixat d&#8217;interferir en el funcionament de l&#8217;equip. Sense seguiment, no hi ha resoluci\u00f3.<\/p>\n<p>En tot moment treballem des d&#8217;un principi clar: <strong>duro amb el problema, tou amb les persones<\/strong>. L&#8217;objectiu no \u00e9s que les persones es portin millor, sin\u00f3 que tornin a treballar b\u00e9 juntes dins d&#8217;un marc professional clar.<\/p>\n<p>&nbsp;<\/p>\n<p><strong>Basant-se en la seva experi\u00e8ncia Quins tipus de conflictes laborals es repeteixen m\u00e9s habitualment en les organitzacions client i quins factors psicosocials solen estar darrere d&#8217;ells?<\/strong><\/p>\n<p>Des de l&#8217;experi\u00e8ncia, la majoria dels conflictes laborals <strong>s&#8217;aborden de forma equivocada des de l&#8217;inici<\/strong> perqu\u00e8 s&#8217;emporten al pla personal. Les persones senten que el problema va amb elles, quan en realitat l<strong>&#8216;origen sol estar en l&#8217;ambig\u00fcitat de rol i de responsabilitats<\/strong>.<\/p>\n<p>Quan no \u00e9s clar qu\u00e8 correspon a cada persona, qui decideix, fins a on arriba un rol o qu\u00e8 s&#8217;espera de cada funci\u00f3, el conflicte apareix de forma gaireb\u00e9 inevitable. I com aquest buit no es nomena a temps, el malestar es personalitza: s&#8217;interpreta com falta de respecte, desinter\u00e8s o mala intenci\u00f3.<\/p>\n<p>Aix\u00f2 genera un efecte en cadena. El conflicte deixa de parlar de tasques, criteris o processos i passa a parlar de persones. A partir d&#8217;aqu\u00ed apareixen retrets, actituds defensives, silencis inc\u00f2modes o enfrontaments oberts. El problema ja no \u00e9s operatiu, \u00e9s relacional.<\/p>\n<p>En la majoria de casos que acompanyem, el factor psicosocial clau \u00e9s precisament aquesta <strong>falta de claredat estructural<\/strong>, que es combina amb pressi\u00f3 operativa, sobrec\u00e0rrega i lideratges que no acaben d&#8217;ordenar el marc professional. Quan no hi ha est\u00e0ndards clars, cada persona actua des de la seva interpretaci\u00f3 i el conflicte es torna recurrent.<\/p>\n<p>Per aix\u00f2 insistim tant a separar el personal del professional. El conflicte no es resol demanant que les persones s&#8217;entenguin millor, sin\u00f3 <strong>reordenant rols, responsabilitats i criteris de treball<\/strong>. Quan el sistema s&#8217;ordena, la c\u00e0rrega emocional baixa i les relacions es recol\u00b7loquen sense necessitat d&#8217;entrar en el personal.<\/p>\n<blockquote><p>El conflicte no es resol demanant que les persones s&#8217;entenguin millor, sin\u00f3 reordenant rols, responsabilitats i criteris de treball.<\/p><\/blockquote>\n<p>&nbsp;<\/p>\n<p><strong>T\u00e9 en compte Nextway Consulting la prevenci\u00f3 de riscos laborals, i en concret l&#8217;especialitat de psicosociologia aplicada, dins de l&#8217;estrat\u00e8gia global o espec\u00edfica per a la resoluci\u00f3 de conflictes?<\/strong><\/p>\n<p><a href=\"https:\/\/www.risk21.com\/wp-content\/uploads\/2026\/01\/MARCA-NEXTWAY-CONSULTING-11.png\"><img loading=\"lazy\" decoding=\"async\" class=\"wp-image-12496 alignleft\" src=\"https:\/\/www.risk21.com\/wp-content\/uploads\/2026\/01\/MARCA-NEXTWAY-CONSULTING-11-768x768.png\" alt=\"\" width=\"292\" height=\"292\" srcset=\"https:\/\/www.risk21.com\/wp-content\/uploads\/2026\/01\/MARCA-NEXTWAY-CONSULTING-11-768x768.png 768w, https:\/\/www.risk21.com\/wp-content\/uploads\/2026\/01\/MARCA-NEXTWAY-CONSULTING-11-300x300.png 300w, https:\/\/www.risk21.com\/wp-content\/uploads\/2026\/01\/MARCA-NEXTWAY-CONSULTING-11-1024x1024.png 1024w, https:\/\/www.risk21.com\/wp-content\/uploads\/2026\/01\/MARCA-NEXTWAY-CONSULTING-11-150x150.png 150w, https:\/\/www.risk21.com\/wp-content\/uploads\/2026\/01\/MARCA-NEXTWAY-CONSULTING-11-570x570.png 570w, https:\/\/www.risk21.com\/wp-content\/uploads\/2026\/01\/MARCA-NEXTWAY-CONSULTING-11-24x24.png 24w, https:\/\/www.risk21.com\/wp-content\/uploads\/2026\/01\/MARCA-NEXTWAY-CONSULTING-11-36x36.png 36w, https:\/\/www.risk21.com\/wp-content\/uploads\/2026\/01\/MARCA-NEXTWAY-CONSULTING-11-48x48.png 48w, https:\/\/www.risk21.com\/wp-content\/uploads\/2026\/01\/MARCA-NEXTWAY-CONSULTING-11.png 1063w\" sizes=\"auto, (max-width: 292px) 100vw, 292px\" \/><\/a>S\u00ed, de manera clara i estructural. En Nextway Consulting entenem el conflicte laboral com un <strong>indicador de risc psicosocial<\/strong>, no com un fet a\u00efllat ni com un problema exclusivament relacional.<\/p>\n<p>La psicosociologia aplicada ens permet llegir el conflicte m\u00e9s enll\u00e0 de les persones i analitzar qu\u00e8 est\u00e0 passant en l&#8217;organitzaci\u00f3: claredat de rol, qualitat del lideratge, c\u00e0rrega de treball, comunicaci\u00f3 interna i nivell de suport percebut. Quan aquests factors no estan ben ordenats, el conflicte apareix com una conseq\u00fc\u00e8ncia, no com la causa.<\/p>\n<p>Per aix\u00f2 el nostre treball sol situar-se com un pas posterior o complementari a l&#8217;avaluaci\u00f3 de riscos psicosocials. Acompanyem a les organitzacions a <strong>transformar els resultats del diagn\u00f2stic en accions concretes<\/strong>, preventives o correctives, que redueixin l&#8217;exposici\u00f3 al risc i millorin el funcionament real dels equips.<\/p>\n<p>Des d&#8217;aquesta perspectiva, prevenir conflictes no significa evitar-los, sin\u00f3<strong> crear un marc professional clar<\/strong> que permeti abordar-los abans que escalin i es personalitzin. Quan s&#8217;integren criteris de psicosociologia aplicada en la gesti\u00f3 di\u00e0ria, el conflicte deixa de ser una amena\u00e7a i es converteix en una oportunitat de millora organitzativa.<\/p>\n<p>Aquest enfocament permet a les organitzacions justificar t\u00e8cnica i organitzativament cada acci\u00f3 preventiva o correctiva, tant a nivell intern com davant auditories o inspeccions.<\/p>\n<p>&nbsp;<\/p>\n<p><strong>Lloren\u00e7, des de la seva experi\u00e8ncia treballant amb diferents empreses, quin nivell de consci\u00e8ncia existeix avui sobre els riscos psicosocials en les organitzacions?<\/strong><\/p>\n<p>Existeix m\u00e9s consci\u00e8ncia que fa uns anys, aix\u00f2 \u00e9s indubtable. Avui les organitzacions saben que els riscos psicosocials existeixen i que tenen impacte en el clima laboral, l&#8217;absentisme i els resultats de les organitzacions. No obstant aix\u00f2, en molts casos aquesta consci\u00e8ncia encara \u00e9s<strong> m\u00e9s conceptual que operativa<\/strong>.<\/p>\n<p>Moltes empreses identifiquen els riscos quan apareix un conflicte greu, una baixa prolongada o un resultat preocupant en una avaluaci\u00f3 psicosocial. En aquest moment es reconeix el problema, encara que sovint costa assumir quines decisions organitzatives estan contribuint a aquesta situaci\u00f3.<\/p>\n<p>Encara veiem una tend\u00e8ncia a tractar els riscos psicosocials com una cosa puntual o administratiu, i no com un element estructural de la gesti\u00f3. Es parla de benestar, encara que no sempre es revisen amb la mateixa profunditat temis clavi com la claredat de rol, la coher\u00e8ncia del lideratge o la forma en qu\u00e8 es prenen i comuniquen les decisions.<\/p>\n<p>Quan les organitzacions fan el pas de mirar aquests factors amb honestedat i criteri professional, el canvi \u00e9s notable. La consci\u00e8ncia real apareix quan s&#8217;ent\u00e9n que els riscos psicosocials no es gestionen amb discursos, sin\u00f3 <strong>amb estructura, est\u00e0ndards clars i responsabilitat compartida.<\/strong><\/p>\n<p>&nbsp;<\/p>\n<p><strong>Pensa vost\u00e8 que les empreses tenen integrades mesures preventives espec\u00edfiques per a riscos psicosocials?, i si les tinguessin implantades, pensa que disminuiria el nombre de conflictes que poden sorgir en una companyia?<\/strong><\/p>\n<p>En la majoria d&#8217;organitzacions, les mesures preventives existeixen sobre el paper, encara que no sempre estan integrades en el funcionament real del dia a dia. Es compleixen els requisits formals, es realitzen avaluacions i formacions puntuals, tanmateix, costa convertir tot aix\u00f2 en h\u00e0bits de gesti\u00f3 sostinguts.<\/p>\n<p>Quan les mesures preventives es dissenyen b\u00e9 i s&#8217;apliquen amb coher\u00e8ncia, els conflictes <strong>es redueixen en intensitat i s&#8217;aborden abans d&#8217;escalar<\/strong>. La difer\u00e8ncia no est\u00e0 a evitar el conflicte, sin\u00f3 a<strong> tenir un marc professional clar<\/strong> per a gestionar-lo quan apareix.<\/p>\n<p>Les mesures preventives m\u00e9s efectives no s\u00f3n les m\u00e9s complexes, sin\u00f3 les que aporten claredat: rols ben definits, criteris de decisi\u00f3 expl\u00edcits, lideratges coherents i espais estructurats per a parlar de tensions des del professional. Quan aquests elements s\u00f3n presents, la c\u00e0rrega emocional baixa i el conflicte deixa de personalitzar-se.<\/p>\n<p>Des de la nostra experi\u00e8ncia, invertir en prevenci\u00f3 psicosocial \u00e9s invertir en estabilitat operativa. Les organitzacions que integren aquestes mesures treballen amb menys desgast, menys soroll intern i major capacitat per a resoldre els problemes sense que es converteixin en conflictes personals, millorant l&#8217;efici\u00e8ncia i la sostenibilitat de les organitzacions.<\/p>\n<p>&nbsp;<\/p>\n<p><strong>Les empreses actuen m\u00e9s per reacci\u00f3 davant un conflicte ja existent o per prevenci\u00f3? Com afecta aix\u00f2 als resultats?<\/strong><\/p>\n<p>La majoria d&#8217;organitzacions continuen actuant <strong>per reacci\u00f3<\/strong>. El conflicte s&#8217;aborda quan ja genera impacte visible: baixes, rotaci\u00f3, errors, enfrontaments oberts o resultats preocupants en una avaluaci\u00f3 psicosocial.<\/p>\n<p>Actuar per reacci\u00f3 t\u00e9 un cost alt. Les decisions arriben tard, les posicions estan m\u00e9s polaritzades i la c\u00e0rrega emocional \u00e9s major. En aquest context, resoldre el conflicte requereix m\u00e9s temps, m\u00e9s energia i, a vegades, mesures m\u00e9s inc\u00f2modes per a totes les parts.<\/p>\n<p>Les organitzacions que treballen des de la prevenci\u00f3 <strong>detecten els conflictes abans i els gestionen amb criteri.<\/strong> Tenen marcs clars, l\u00edders formats per a sostenir converses dif\u00edcils i processos que permeten intervenir quan la tensi\u00f3 encara \u00e9s gestionable.<\/p>\n<p>L&#8217;impacte en els resultats \u00e9s directe. La prevenci\u00f3 redueix costos ocults, millora la coordinaci\u00f3 i refor\u00e7a la confian\u00e7a interna. Quan s&#8217;espera que el problema exploti, el conflicte deixa de ser una oportunitat de millora i es converteix en una font de desgast organitzatiu. El que no es millora, es degrada.<\/p>\n<p>&nbsp;<\/p>\n<p><strong>Des de la seva experi\u00e8ncia, Lloren\u00e7 quin paper pot jugar un Servei de Prevenci\u00f3 (com per exemple RISK XXI \u2013 Prl &amp; Services) per a ajudar les empreses a anticipar-se i gestionar els conflictes laborals?<\/strong><\/p>\n<p>El Servei de Prevenci\u00f3 pot jugar un paper clau, sempre que no es limiti a un rol exclusivament t\u00e8cnic o administratiu i pugui actuar com a agent estrat\u00e8gic dins de l&#8217;organitzaci\u00f3.<\/p>\n<p>Des de la prevenci\u00f3 es disposa d&#8217;informaci\u00f3 molt valuosa: dades sobre clima laboral, c\u00e0rregues de treball, ambig\u00fcitat de rol, lideratge i tensions recurrents. Quan aquestes dades s&#8217;analitzen amb rigor t\u00e8cnic, permeten <strong>detectar riscos psicosocials reals<\/strong> abans que derivin en conflictes personals o situacions m\u00e9s greus.<\/p>\n<p>Aqu\u00ed \u00e9s on la col\u00b7laboraci\u00f3 entre perfils t\u00e8cnics i consultoria organitzativa cobra tot el seu sentit. Entitats com <strong>RISK XXI \u2013 Prl &amp; Services<\/strong> fan un treball fonamental identificant els factors de risc psicosocial i aportant un diagn\u00f2stic s\u00f2lid, objectiu i justificable davant auditories o inspeccions. Aquest diagn\u00f2stic \u00e9s la base imprescindible del proc\u00e9s.<\/p>\n<p>Des de Nextway Consulting assumim el seg\u00fcent pas: <strong>transformar aquest diagn\u00f2stic en acci\u00f3<\/strong>. Acompanyem a les organitzacions a convertir els resultats de l&#8217;estudi psicosocial en decisions clares, intervencions estructurades i plans de millora que realment se sostenen en el dia a dia.<\/p>\n<p>Quan el Servei de Prevenci\u00f3 i la Direcci\u00f3 treballen alineats amb un partner t\u00e8cnic com RISK XXI \u2013 Prl &amp; Services i un acompanyament organitzatiu posterior, el conflicte deixa de ser un problema dif\u00fas i es converteix en una variable gestionable. S&#8217;ordenen rols, s&#8217;aclareixen responsabilitats i es redueix de manera real l&#8217;exposici\u00f3 al risc psicosocial.<\/p>\n<p>En aquest marc, la prevenci\u00f3 no sols compleix una funci\u00f3 normativa, sin\u00f3 que <strong>impacta directament en l&#8217;estabilitat, l&#8217;efic\u00e0cia i la maduresa professional de l&#8217;organitzaci\u00f3.<\/strong><\/p>\n<blockquote><p>Quan la prevenci\u00f3 es connecta amb la realitat operativa, deixa de ser un requisit legal i es converteix en una palanca de rendiment, estabilitat i sostenibilitat organitzativa.<\/p><\/blockquote>\n<p>Aquest enfocament forma part dels serveis avan\u00e7ats que RISK XXI \u2013 Prl &amp; Services posa a la disposici\u00f3 de les organitzacions que desitgen anar m\u00e9s enll\u00e0 del compliment normatiu i treballar de manera professional la salut psicosocial i relacional dels seus equips.<\/p>\n<p>&nbsp;<\/p>\n<p><strong>Moltes gr\u00e0cies Lloren\u00e7. <\/strong>Des de RISK XXI \u2013 Prl &amp; Services us augurem un futur brillant vista la situaci\u00f3 actual en empreses i organitzacions.<\/p>\n<p>&nbsp;<\/p>\n","protected":false},"excerpt":{"rendered":"<p>La gesti\u00f3 dels riscos psicosocials no acaba amb el diagn\u00f2stic. Cada vegada m\u00e9s organitzacions necessiten convertir els resultats de les seves avaluacions en decisions clares i accions sostenibles. En aquest context, RISK XXI \u2013 Prl &amp; Services col\u00b7labora amb \u00a0Nextway Consulting,\u00a0entitat capitanejada per Lloren\u00e7 Martin per a oferir a les organitzacions un enfocament professional que<br \/><a href=\"https:\/\/www.risk21.com\/ca\/12490\/\" class=\"more\">Llegir m\u00e9s<\/a><\/p>\n","protected":false},"author":3,"featured_media":12500,"comment_status":"closed","ping_status":"closed","sticky":false,"template":"","format":"standard","meta":{"footnotes":""},"categories":[324],"tags":[628,623,624,625,480,137,327],"class_list":["post-12505","post","type-post","status-publish","format-standard","has-post-thumbnail","hentry","category-entrevistas-ca","tag-conflicte-laboral-ca","tag-conflicto-laboral-ca","tag-llorenc-martin-ca","tag-nextway-consulting-ca","tag-riesgos-psicosociales-ca","tag-riscos-psicosocials","tag-risk-xxi-prlservices-ca"],"yoast_head":"<!-- This site is optimized with the Yoast SEO plugin v25.3.1 - https:\/\/yoast.com\/wordpress\/plugins\/seo\/ -->\n<title>Lloren\u00e7 Martin. Fundador i Consultor s\u00e8nior de Nextway Consulting - Risk XXI<\/title>\n<meta name=\"robots\" content=\"index, follow, max-snippet:-1, max-image-preview:large, max-video-preview:-1\" \/>\n<link rel=\"canonical\" href=\"https:\/\/www.risk21.com\/ca\/12490\/\" \/>\n<meta property=\"og:locale\" content=\"ca_ES\" \/>\n<meta property=\"og:type\" content=\"article\" \/>\n<meta property=\"og:title\" content=\"Lloren\u00e7 Martin. Fundador i Consultor s\u00e8nior de Nextway Consulting - Risk XXI\" \/>\n<meta property=\"og:description\" content=\"La gesti\u00f3 dels riscos psicosocials no acaba amb el diagn\u00f2stic. Cada vegada m\u00e9s organitzacions necessiten convertir els resultats de les seves avaluacions en decisions clares i accions sostenibles. En aquest context, RISK XXI \u2013 Prl &amp; Services col\u00b7labora amb \u00a0Nextway Consulting,\u00a0entitat capitanejada per Lloren\u00e7 Martin per a oferir a les organitzacions un enfocament professional queLlegir m\u00e9s\" \/>\n<meta property=\"og:url\" content=\"https:\/\/www.risk21.com\/ca\/12490\/\" \/>\n<meta property=\"og:site_name\" content=\"Risk XXI\" \/>\n<meta property=\"article:published_time\" content=\"2026-01-15T18:00:05+00:00\" \/>\n<meta property=\"article:modified_time\" content=\"2026-01-15T18:04:04+00:00\" \/>\n<meta property=\"og:image\" content=\"https:\/\/www.risk21.com\/wp-content\/uploads\/2026\/01\/FOTO_BIO_LLORENC-primer-pla.jpg\" \/>\n\t<meta property=\"og:image:width\" content=\"1006\" \/>\n\t<meta property=\"og:image:height\" content=\"612\" \/>\n\t<meta property=\"og:image:type\" content=\"image\/jpeg\" \/>\n<meta name=\"author\" content=\"Risk XXI - Comunicacion\" \/>\n<meta name=\"twitter:card\" content=\"summary_large_image\" \/>\n<meta name=\"twitter:label1\" content=\"Escrit per\" \/>\n\t<meta name=\"twitter:data1\" content=\"Risk XXI - Comunicacion\" \/>\n\t<meta name=\"twitter:label2\" content=\"Temps estimat de lectura\" \/>\n\t<meta name=\"twitter:data2\" content=\"13 minuts\" \/>\n<script type=\"application\/ld+json\" class=\"yoast-schema-graph\">{\"@context\":\"https:\/\/schema.org\",\"@graph\":[{\"@type\":\"WebPage\",\"@id\":\"https:\/\/www.risk21.com\/ca\/12490\/\",\"url\":\"https:\/\/www.risk21.com\/ca\/12490\/\",\"name\":\"Lloren\u00e7 Martin. Fundador i Consultor s\u00e8nior de Nextway Consulting - Risk XXI\",\"isPartOf\":{\"@id\":\"https:\/\/www.risk21.com\/#website\"},\"primaryImageOfPage\":{\"@id\":\"https:\/\/www.risk21.com\/ca\/12490\/#primaryimage\"},\"image\":{\"@id\":\"https:\/\/www.risk21.com\/ca\/12490\/#primaryimage\"},\"thumbnailUrl\":\"https:\/\/www.risk21.com\/wp-content\/uploads\/2026\/01\/FOTO_BIO_LLORENC-primer-pla.jpg\",\"datePublished\":\"2026-01-15T18:00:05+00:00\",\"dateModified\":\"2026-01-15T18:04:04+00:00\",\"author\":{\"@id\":\"https:\/\/www.risk21.com\/#\/schema\/person\/541ded27b075c85a124af6989fc72b1d\"},\"breadcrumb\":{\"@id\":\"https:\/\/www.risk21.com\/ca\/12490\/#breadcrumb\"},\"inLanguage\":\"ca\",\"potentialAction\":[{\"@type\":\"ReadAction\",\"target\":[\"https:\/\/www.risk21.com\/ca\/12490\/\"]}]},{\"@type\":\"ImageObject\",\"inLanguage\":\"ca\",\"@id\":\"https:\/\/www.risk21.com\/ca\/12490\/#primaryimage\",\"url\":\"https:\/\/www.risk21.com\/wp-content\/uploads\/2026\/01\/FOTO_BIO_LLORENC-primer-pla.jpg\",\"contentUrl\":\"https:\/\/www.risk21.com\/wp-content\/uploads\/2026\/01\/FOTO_BIO_LLORENC-primer-pla.jpg\",\"width\":1006,\"height\":612},{\"@type\":\"BreadcrumbList\",\"@id\":\"https:\/\/www.risk21.com\/ca\/12490\/#breadcrumb\",\"itemListElement\":[{\"@type\":\"ListItem\",\"position\":1,\"name\":\"Portada\",\"item\":\"https:\/\/www.risk21.com\/ca\/\"},{\"@type\":\"ListItem\",\"position\":2,\"name\":\"Lloren\u00e7 Martin. Fundador i Consultor s\u00e8nior de Nextway Consulting\"}]},{\"@type\":\"WebSite\",\"@id\":\"https:\/\/www.risk21.com\/#website\",\"url\":\"https:\/\/www.risk21.com\/\",\"name\":\"Risk XXI\",\"description\":\"Prl &amp; Services\",\"potentialAction\":[{\"@type\":\"SearchAction\",\"target\":{\"@type\":\"EntryPoint\",\"urlTemplate\":\"https:\/\/www.risk21.com\/?s={search_term_string}\"},\"query-input\":{\"@type\":\"PropertyValueSpecification\",\"valueRequired\":true,\"valueName\":\"search_term_string\"}}],\"inLanguage\":\"ca\"},{\"@type\":\"Person\",\"@id\":\"https:\/\/www.risk21.com\/#\/schema\/person\/541ded27b075c85a124af6989fc72b1d\",\"name\":\"Risk XXI - Comunicacion\",\"url\":\"https:\/\/www.risk21.com\/ca\/author\/comunicacion\/\"}]}<\/script>\n<!-- \/ Yoast SEO plugin. -->","yoast_head_json":{"title":"Lloren\u00e7 Martin. Fundador i Consultor s\u00e8nior de Nextway Consulting - Risk XXI","robots":{"index":"index","follow":"follow","max-snippet":"max-snippet:-1","max-image-preview":"max-image-preview:large","max-video-preview":"max-video-preview:-1"},"canonical":"https:\/\/www.risk21.com\/ca\/12490\/","og_locale":"ca_ES","og_type":"article","og_title":"Lloren\u00e7 Martin. Fundador i Consultor s\u00e8nior de Nextway Consulting - Risk XXI","og_description":"La gesti\u00f3 dels riscos psicosocials no acaba amb el diagn\u00f2stic. Cada vegada m\u00e9s organitzacions necessiten convertir els resultats de les seves avaluacions en decisions clares i accions sostenibles. En aquest context, RISK XXI \u2013 Prl &amp; Services col\u00b7labora amb \u00a0Nextway Consulting,\u00a0entitat capitanejada per Lloren\u00e7 Martin per a oferir a les organitzacions un enfocament professional queLlegir m\u00e9s","og_url":"https:\/\/www.risk21.com\/ca\/12490\/","og_site_name":"Risk XXI","article_published_time":"2026-01-15T18:00:05+00:00","article_modified_time":"2026-01-15T18:04:04+00:00","og_image":[{"width":1006,"height":612,"url":"https:\/\/www.risk21.com\/wp-content\/uploads\/2026\/01\/FOTO_BIO_LLORENC-primer-pla.jpg","type":"image\/jpeg"}],"author":"Risk XXI - Comunicacion","twitter_card":"summary_large_image","twitter_misc":{"Escrit per":"Risk XXI - Comunicacion","Temps estimat de lectura":"13 minuts"},"schema":{"@context":"https:\/\/schema.org","@graph":[{"@type":"WebPage","@id":"https:\/\/www.risk21.com\/ca\/12490\/","url":"https:\/\/www.risk21.com\/ca\/12490\/","name":"Lloren\u00e7 Martin. Fundador i Consultor s\u00e8nior de Nextway Consulting - Risk XXI","isPartOf":{"@id":"https:\/\/www.risk21.com\/#website"},"primaryImageOfPage":{"@id":"https:\/\/www.risk21.com\/ca\/12490\/#primaryimage"},"image":{"@id":"https:\/\/www.risk21.com\/ca\/12490\/#primaryimage"},"thumbnailUrl":"https:\/\/www.risk21.com\/wp-content\/uploads\/2026\/01\/FOTO_BIO_LLORENC-primer-pla.jpg","datePublished":"2026-01-15T18:00:05+00:00","dateModified":"2026-01-15T18:04:04+00:00","author":{"@id":"https:\/\/www.risk21.com\/#\/schema\/person\/541ded27b075c85a124af6989fc72b1d"},"breadcrumb":{"@id":"https:\/\/www.risk21.com\/ca\/12490\/#breadcrumb"},"inLanguage":"ca","potentialAction":[{"@type":"ReadAction","target":["https:\/\/www.risk21.com\/ca\/12490\/"]}]},{"@type":"ImageObject","inLanguage":"ca","@id":"https:\/\/www.risk21.com\/ca\/12490\/#primaryimage","url":"https:\/\/www.risk21.com\/wp-content\/uploads\/2026\/01\/FOTO_BIO_LLORENC-primer-pla.jpg","contentUrl":"https:\/\/www.risk21.com\/wp-content\/uploads\/2026\/01\/FOTO_BIO_LLORENC-primer-pla.jpg","width":1006,"height":612},{"@type":"BreadcrumbList","@id":"https:\/\/www.risk21.com\/ca\/12490\/#breadcrumb","itemListElement":[{"@type":"ListItem","position":1,"name":"Portada","item":"https:\/\/www.risk21.com\/ca\/"},{"@type":"ListItem","position":2,"name":"Lloren\u00e7 Martin. Fundador i Consultor s\u00e8nior de Nextway Consulting"}]},{"@type":"WebSite","@id":"https:\/\/www.risk21.com\/#website","url":"https:\/\/www.risk21.com\/","name":"Risk XXI","description":"Prl &amp; Services","potentialAction":[{"@type":"SearchAction","target":{"@type":"EntryPoint","urlTemplate":"https:\/\/www.risk21.com\/?s={search_term_string}"},"query-input":{"@type":"PropertyValueSpecification","valueRequired":true,"valueName":"search_term_string"}}],"inLanguage":"ca"},{"@type":"Person","@id":"https:\/\/www.risk21.com\/#\/schema\/person\/541ded27b075c85a124af6989fc72b1d","name":"Risk XXI - Comunicacion","url":"https:\/\/www.risk21.com\/ca\/author\/comunicacion\/"}]}},"_links":{"self":[{"href":"https:\/\/www.risk21.com\/ca\/wp-json\/wp\/v2\/posts\/12505","targetHints":{"allow":["GET"]}}],"collection":[{"href":"https:\/\/www.risk21.com\/ca\/wp-json\/wp\/v2\/posts"}],"about":[{"href":"https:\/\/www.risk21.com\/ca\/wp-json\/wp\/v2\/types\/post"}],"author":[{"embeddable":true,"href":"https:\/\/www.risk21.com\/ca\/wp-json\/wp\/v2\/users\/3"}],"replies":[{"embeddable":true,"href":"https:\/\/www.risk21.com\/ca\/wp-json\/wp\/v2\/comments?post=12505"}],"version-history":[{"count":6,"href":"https:\/\/www.risk21.com\/ca\/wp-json\/wp\/v2\/posts\/12505\/revisions"}],"predecessor-version":[{"id":12511,"href":"https:\/\/www.risk21.com\/ca\/wp-json\/wp\/v2\/posts\/12505\/revisions\/12511"}],"wp:featuredmedia":[{"embeddable":true,"href":"https:\/\/www.risk21.com\/ca\/wp-json\/wp\/v2\/media\/12500"}],"wp:attachment":[{"href":"https:\/\/www.risk21.com\/ca\/wp-json\/wp\/v2\/media?parent=12505"}],"wp:term":[{"taxonomy":"category","embeddable":true,"href":"https:\/\/www.risk21.com\/ca\/wp-json\/wp\/v2\/categories?post=12505"},{"taxonomy":"post_tag","embeddable":true,"href":"https:\/\/www.risk21.com\/ca\/wp-json\/wp\/v2\/tags?post=12505"}],"curies":[{"name":"wp","href":"https:\/\/api.w.org\/{rel}","templated":true}]}}