{"id":12206,"date":"2024-09-23T10:00:39","date_gmt":"2024-09-23T10:00:39","guid":{"rendered":"https:\/\/www.risk21.com\/?p=12206"},"modified":"2024-09-23T10:24:55","modified_gmt":"2024-09-23T10:24:55","slug":"artprevention-14-un-obrero-herido","status":"publish","type":"post","link":"https:\/\/www.risk21.com\/ca\/artprevention-14-un-obrero-herido\/","title":{"rendered":"Art&#038;Prevention #14: &#8220;Un treballador ferit&#8221;"},"content":{"rendered":"<p><strong>Art&amp;Prevention #14: &#8220;UN TREBALLADOR FERIT&#8221;<\/strong><\/p>\n<p><strong>ART I RISCOS LABORALS (Divertimento by\u00a0<a href=\"http:\/\/www.linkedin.com\/in\/oriolbraconsclapes\" target=\"_blank\" rel=\"noopener\">Oriol Bracons<\/a>)<\/strong><\/p>\n<p><strong>Any: 1.895<\/strong><\/p>\n<p><strong>T\u00e8cnica: Oli sobre tela.<\/strong><\/p>\n<p><strong>Estil: Realisme social, S XIX<\/strong><\/p>\n<p><strong>Mesures: alt 131,5 cm; ample 187 cm<\/strong><\/p>\n<p><strong>Autor: \u00a0<a href=\"https:\/\/en.wikipedia.org\/wiki\/Erik_Henningsen\" target=\"_blank\" rel=\"noopener\">Erik Henningsen<\/a> (Dinamarca), 1855\u20131930<\/strong><\/p>\n<p><strong>Es conserva en la Staten Museum for Kunst de Copenhagen (Dinamarca) &#8211; <a href=\"https:\/\/www.smk.dk\/en\/\" target=\"_blank\" rel=\"noopener\">https:\/\/www.smk.dk\/en\/<\/a><\/strong><strong>\u00a0 <\/strong><\/p>\n<p>&nbsp;<\/p>\n<p>El quadre, <a href=\"https:\/\/es.m.wikipedia.org\/wiki\/Archivo:En_s%C3%A5ret_arbejder_(Henningsen).jpg\" target=\"_blank\" rel=\"noopener\"><strong>\u201cUn treballador ferit&#8221; <\/strong><\/a><em><strong>(En saret arbejder)<\/strong>.<\/em> Obra d\u2019Erik Henningsen. 1895, es troba exposat en \u00a0<a href=\"https:\/\/www.smk.dk\/en\/\" target=\"_blank\" rel=\"noopener\"><strong><em>\u201cStaten Museum for Kunst&#8221; \u2013\u00a0 Galeria nacional de Dinamarca<\/em><\/strong><\/a><strong><em>,<\/em><\/strong>\u00a0\u00e9s un dels exemples m\u00e9s clars de la seva den\u00fancia social. L&#8217;obra, tamb\u00e9 denominada \u201cDespr\u00e9s de l&#8217;accident\u201d, mostra a un treballador ferit o mort despr\u00e9s d&#8217;un accident laboral, envoltat de la seva fam\u00edlia i companys, mentre el metge o els encarregats del lloc observen. Aquest tipus d&#8217;escenes no era habitual en la pintura danesa de l&#8217;\u00e8poca, la qual cosa converteix a Henningsen en una figura pionera dins del realisme social.<\/p>\n<p>El quadre reflecteix la inseguretat laboral de l&#8217;\u00e8poca industrial, un tema que ressonava amb for\u00e7a en una \u00e8poca de creixement industrial a Dinamarca i la resta d&#8217;Europa. Henningsen pinta als treballadors de manera digna, per\u00f2 no oculta la duresa de les seves vides ni els perills inherents als seus treballs.<\/p>\n<p>&nbsp;<\/p>\n<p><strong><a href=\"https:\/\/www.risk21.com\/wp-content\/uploads\/2024\/09\/Foto-En_saret_arbejder_Henningsen-dETALLA-ESPOSA.jpg\"><img loading=\"lazy\" decoding=\"async\" class=\"wp-image-12193 alignleft\" src=\"https:\/\/www.risk21.com\/wp-content\/uploads\/2024\/09\/Foto-En_saret_arbejder_Henningsen-dETALLA-ESPOSA.jpg\" alt=\"\" width=\"375\" height=\"385\" srcset=\"https:\/\/www.risk21.com\/wp-content\/uploads\/2024\/09\/Foto-En_saret_arbejder_Henningsen-dETALLA-ESPOSA.jpg 543w, https:\/\/www.risk21.com\/wp-content\/uploads\/2024\/09\/Foto-En_saret_arbejder_Henningsen-dETALLA-ESPOSA-292x300.jpg 292w, https:\/\/www.risk21.com\/wp-content\/uploads\/2024\/09\/Foto-En_saret_arbejder_Henningsen-dETALLA-ESPOSA-24x24.jpg 24w, https:\/\/www.risk21.com\/wp-content\/uploads\/2024\/09\/Foto-En_saret_arbejder_Henningsen-dETALLA-ESPOSA-36x36.jpg 36w, https:\/\/www.risk21.com\/wp-content\/uploads\/2024\/09\/Foto-En_saret_arbejder_Henningsen-dETALLA-ESPOSA-48x48.jpg 48w\" sizes=\"auto, (max-width: 375px) 100vw, 375px\" \/><\/a><\/strong><\/p>\n<p><strong>Contribuci\u00f3 Art\u00edstica i Llegat<\/strong><\/p>\n<p>Encara que el seu estil no es va alinear amb els corrents d&#8217;avantguarda que van sorgir m\u00e9s tard, com l&#8217;impressionisme o l&#8217;expressionisme, Erik Henningsen va ser molt respectat per la seva habilitat t\u00e8cnica i la seva sensibilitat social. A m\u00e9s, el seu enfocament en els problemes socials va tenir un impacte durador en l&#8217;art dan\u00e8s, influint en generacions posteriors d&#8217;artistes que tamb\u00e9 es van interessar en la representaci\u00f3 de temes socials i pol\u00edtics.<\/p>\n<p>Erik Henningsen, juntament amb altres pintors realistes de l&#8217;\u00e8poca, va ajudar a transformar la funci\u00f3 de l&#8217;art, mostrant que no sols havia de ser bell, sin\u00f3 tamb\u00e9 un mitj\u00e0 per a generar consci\u00e8ncia i empatia en relaci\u00f3 amb els problemes del seu temps.<\/p>\n<p>En resum, Erik Henningsen va ser un pintor profundament comprom\u00e8s amb la realitat del seu entorn i amb el sofriment de les classes treballadores. La seva obra, com per exemple <strong>&#8220;Un treballador ferit&#8221;<\/strong>, continua sent un testimoni eloq\u00fcent de la lluita i les dificultats que enfrontaven els treballadors en una era de creixent industrialitzaci\u00f3 i desigualtat.<\/p>\n<p>Erik Henningsen (1855-1930) va ser un destacat pintor dan\u00e8s conegut pel seu realisme social i per retratar les condicions de vida i treball de les classes treballadores a Dinamarca a la fi del segle XIX i principis del XX. Nascut a Copenhaguen, Henningsen es va formar en la Reial Acad\u00e8mia de Belles Arts de Dinamarca i va ser un dels artistes m\u00e9s importants de la seva \u00e8poca, influint notablement en la pintura danesa amb el seu comprom\u00eds amb les causes socials.<strong><br \/>\n<\/strong><\/p>\n<p>&nbsp;<\/p>\n<p><strong>Temes Principals de la seva Obra<\/strong><\/p>\n<p>Henningsen \u00e9s fam\u00f3s per la seva capacitat per a capturar escenes quotidianes de la vida dels sectors m\u00e9s desfavorits de la societat. A trav\u00e9s del seu art, buscava conscienciar sobre les dificultats, injust\u00edcies i condicions de vida dels treballadors urbans, pagesos i els pobres. A difer\u00e8ncia d&#8217;altres artistes que s&#8217;enfocaven en la burgesia o temes m\u00e9s tradicionals, Henningsen va posar la seva mirada en els aspectes menys privilegiats de la societat.<\/p>\n<p>Algunes caracter\u00edstiques notables de la seva obra inclouen:<\/p>\n<ol>\n<li><strong> Realisme Social:<\/strong> Henningsen s&#8217;emmarca dins del corrent del realisme, que s&#8217;apartava de les representacions idealitzades per a mostrar la vida tal com era, amb tots els seus desafiaments i dificultats. Els seus quadres sovint retraten moments de sofriment, pobresa, o lluita, com en l&#8217;obra que esmentes.<\/li>\n<li><strong> Escenes Quotidianes<\/strong>: Molts dels seus quadres representen escenes quotidianes dels carrers de Copenhaguen, com a treballadors, nens jugant, manifestacions pol\u00edtiques o l&#8217;impacte de la pobresa. Aix\u00f2 oferia a la societat un reflex de la vida real, alguna cosa que no sempre era c\u00f2mode per als sectors m\u00e9s privilegiats.<\/li>\n<li><strong> Den\u00fancia Social:<\/strong> A trav\u00e9s del seu art, Henningsen denunciava la desigualtat social, les dif\u00edcils condicions laborals i els riscos associats a treballs industrials o agr\u00edcoles. Moltes de les seves obres il\u00b7lustren els perills dels llocs de treball i les trag\u00e8dies personals de les fam\u00edlies treballadores.<\/li>\n<\/ol>\n<p><a href=\"https:\/\/www.risk21.com\/wp-content\/uploads\/2024\/09\/Foto-En_saret_arbejder_Henningsen-dETALL-GENT-TRISTA.jpg\"><img loading=\"lazy\" decoding=\"async\" class=\"alignnone size-medium_large wp-image-12202\" src=\"https:\/\/www.risk21.com\/wp-content\/uploads\/2024\/09\/Foto-En_saret_arbejder_Henningsen-dETALL-GENT-TRISTA-768x247.jpg\" alt=\"\" width=\"768\" height=\"247\" srcset=\"https:\/\/www.risk21.com\/wp-content\/uploads\/2024\/09\/Foto-En_saret_arbejder_Henningsen-dETALL-GENT-TRISTA-768x247.jpg 768w, https:\/\/www.risk21.com\/wp-content\/uploads\/2024\/09\/Foto-En_saret_arbejder_Henningsen-dETALL-GENT-TRISTA-300x97.jpg 300w, https:\/\/www.risk21.com\/wp-content\/uploads\/2024\/09\/Foto-En_saret_arbejder_Henningsen-dETALL-GENT-TRISTA-1024x330.jpg 1024w, https:\/\/www.risk21.com\/wp-content\/uploads\/2024\/09\/Foto-En_saret_arbejder_Henningsen-dETALL-GENT-TRISTA-24x8.jpg 24w, https:\/\/www.risk21.com\/wp-content\/uploads\/2024\/09\/Foto-En_saret_arbejder_Henningsen-dETALL-GENT-TRISTA-36x12.jpg 36w, https:\/\/www.risk21.com\/wp-content\/uploads\/2024\/09\/Foto-En_saret_arbejder_Henningsen-dETALL-GENT-TRISTA-48x15.jpg 48w, https:\/\/www.risk21.com\/wp-content\/uploads\/2024\/09\/Foto-En_saret_arbejder_Henningsen-dETALL-GENT-TRISTA.jpg 1187w\" sizes=\"auto, (max-width: 768px) 100vw, 768px\" \/><\/a><\/p>\n<p>&nbsp;<\/p>\n<p><strong>AN\u00c0LISI DE L&#8217;OBRA I ELS SEUS \u201cRISCOS LABORALS\u201d (criteris actuals):<\/strong><\/p>\n<p>Risc de caiguda a diferent nivell.<\/p>\n<p>Falta d&#8217;ordre i neteja en el centre de treball.<\/p>\n<p>Inadequada roba de treball<\/p>\n<p>Falta d&#8217;Equips de Protecci\u00f3 Individual \u2013 *EPI (Arn\u00e8s de seguretat, Roba de treball, guants, etc..)<\/p>\n<p>Altres riscos no evidents per\u00f2 que es poden deduir (Horaris de treball, falta de formaci\u00f3 en cas d&#8217;emerg\u00e8ncia,\u2026)<\/p>\n<p><a href=\"https:\/\/www.risk21.com\/wp-content\/uploads\/2024\/09\/Foto-En_saret_arbejder_Henningsen-dETALL-ESPAI-DE-TREBALL-2.jpg\"><img loading=\"lazy\" decoding=\"async\" class=\"alignnone size-medium_large wp-image-12200\" src=\"https:\/\/www.risk21.com\/wp-content\/uploads\/2024\/09\/Foto-En_saret_arbejder_Henningsen-dETALL-ESPAI-DE-TREBALL-2.jpg\" alt=\"\" width=\"664\" height=\"306\" srcset=\"https:\/\/www.risk21.com\/wp-content\/uploads\/2024\/09\/Foto-En_saret_arbejder_Henningsen-dETALL-ESPAI-DE-TREBALL-2.jpg 664w, https:\/\/www.risk21.com\/wp-content\/uploads\/2024\/09\/Foto-En_saret_arbejder_Henningsen-dETALL-ESPAI-DE-TREBALL-2-300x138.jpg 300w, https:\/\/www.risk21.com\/wp-content\/uploads\/2024\/09\/Foto-En_saret_arbejder_Henningsen-dETALL-ESPAI-DE-TREBALL-2-24x11.jpg 24w, https:\/\/www.risk21.com\/wp-content\/uploads\/2024\/09\/Foto-En_saret_arbejder_Henningsen-dETALL-ESPAI-DE-TREBALL-2-36x17.jpg 36w, https:\/\/www.risk21.com\/wp-content\/uploads\/2024\/09\/Foto-En_saret_arbejder_Henningsen-dETALL-ESPAI-DE-TREBALL-2-48x22.jpg 48w\" sizes=\"auto, (max-width: 664px) 100vw, 664px\" \/><\/a><\/p>\n<p>&nbsp;<\/p>\n<p><strong>Veure tot <a href=\"https:\/\/www.risk21.com\/ca\/category\/artprevention-ca\/\" target=\"_blank\" rel=\"noopener\">Art&amp;Prevention:<\/a><\/strong><\/p>\n<p>#Art&amp;Prevention #PRL #riskxxi #arteyprevencion #prevencionable #oriolbraconsclapes #metodoRHS #SmartSafety @riskxi #Untreballadorferit #Despresdelaccident #ErikHenningsen<\/p>\n<p>&nbsp;<\/p>\n","protected":false},"excerpt":{"rendered":"<p>Art&amp;Prevention #14: &#8220;UN TREBALLADOR FERIT&#8221; ART I RISCOS LABORALS (Divertimento by\u00a0Oriol Bracons) Any: 1.895 T\u00e8cnica: Oli sobre tela. Estil: Realisme social, S XIX Mesures: alt 131,5 cm; ample 187 cm Autor: \u00a0Erik Henningsen (Dinamarca), 1855\u20131930 Es conserva en la Staten Museum for Kunst de Copenhagen (Dinamarca) &#8211; https:\/\/www.smk.dk\/en\/\u00a0 &nbsp; El quadre, \u201cUn treballador ferit&#8221; (En<br \/><a href=\"https:\/\/www.risk21.com\/ca\/artprevention-14-un-obrero-herido\/\" class=\"more\">Llegir m\u00e9s<\/a><\/p>\n","protected":false},"author":3,"featured_media":12192,"comment_status":"closed","ping_status":"closed","sticky":false,"template":"","format":"standard","meta":{"footnotes":""},"categories":[278,91],"tags":[570,571,574,573],"class_list":["post-12206","post","type-post","status-publish","format-standard","has-post-thumbnail","hentry","category-artprevention-ca","category-noticies-ca","tag-art-prevention-ca-2","tag-erikhenningsen-ca","tag-riskxxi-prl-services-ca-2","tag-staten-museum-for-kunst-ca"],"yoast_head":"<!-- This site is optimized with the Yoast SEO plugin v25.3.1 - https:\/\/yoast.com\/wordpress\/plugins\/seo\/ -->\n<title>Art&amp;Prevention #14: &quot;Un treballador ferit&quot; - Risk XXI<\/title>\n<meta name=\"robots\" content=\"index, follow, max-snippet:-1, max-image-preview:large, max-video-preview:-1\" \/>\n<link rel=\"canonical\" href=\"https:\/\/www.risk21.com\/ca\/artprevention-14-un-obrero-herido\/\" \/>\n<meta property=\"og:locale\" content=\"ca_ES\" \/>\n<meta property=\"og:type\" content=\"article\" \/>\n<meta property=\"og:title\" content=\"Art&amp;Prevention #14: &quot;Un treballador ferit&quot; - Risk XXI\" \/>\n<meta property=\"og:description\" content=\"Art&amp;Prevention #14: &#8220;UN TREBALLADOR FERIT&#8221; ART I RISCOS LABORALS (Divertimento by\u00a0Oriol Bracons) Any: 1.895 T\u00e8cnica: Oli sobre tela. Estil: Realisme social, S XIX Mesures: alt 131,5 cm; ample 187 cm Autor: \u00a0Erik Henningsen (Dinamarca), 1855\u20131930 Es conserva en la Staten Museum for Kunst de Copenhagen (Dinamarca) &#8211; https:\/\/www.smk.dk\/en\/\u00a0 &nbsp; El quadre, \u201cUn treballador ferit&#8221; (EnLlegir m\u00e9s\" \/>\n<meta property=\"og:url\" content=\"https:\/\/www.risk21.com\/ca\/artprevention-14-un-obrero-herido\/\" \/>\n<meta property=\"og:site_name\" content=\"Risk XXI\" \/>\n<meta property=\"article:published_time\" content=\"2024-09-23T10:00:39+00:00\" \/>\n<meta property=\"article:modified_time\" content=\"2024-09-23T10:24:55+00:00\" \/>\n<meta property=\"og:image\" content=\"https:\/\/www.risk21.com\/wp-content\/uploads\/2024\/09\/Foto-En_saret_arbejder_Henningsen.jpg\" \/>\n\t<meta property=\"og:image:width\" content=\"1200\" \/>\n\t<meta property=\"og:image:height\" content=\"848\" \/>\n\t<meta property=\"og:image:type\" content=\"image\/jpeg\" \/>\n<meta name=\"author\" content=\"Risk XXI - Comunicacion\" \/>\n<meta name=\"twitter:card\" content=\"summary_large_image\" \/>\n<meta name=\"twitter:label1\" content=\"Escrit per\" \/>\n\t<meta name=\"twitter:data1\" content=\"Risk XXI - Comunicacion\" \/>\n\t<meta name=\"twitter:label2\" content=\"Temps estimat de lectura\" \/>\n\t<meta name=\"twitter:data2\" content=\"5 minuts\" \/>\n<script type=\"application\/ld+json\" class=\"yoast-schema-graph\">{\"@context\":\"https:\/\/schema.org\",\"@graph\":[{\"@type\":\"WebPage\",\"@id\":\"https:\/\/www.risk21.com\/ca\/artprevention-14-un-obrero-herido\/\",\"url\":\"https:\/\/www.risk21.com\/ca\/artprevention-14-un-obrero-herido\/\",\"name\":\"Art&Prevention #14: \\\"Un treballador ferit\\\" - Risk XXI\",\"isPartOf\":{\"@id\":\"https:\/\/www.risk21.com\/#website\"},\"primaryImageOfPage\":{\"@id\":\"https:\/\/www.risk21.com\/ca\/artprevention-14-un-obrero-herido\/#primaryimage\"},\"image\":{\"@id\":\"https:\/\/www.risk21.com\/ca\/artprevention-14-un-obrero-herido\/#primaryimage\"},\"thumbnailUrl\":\"https:\/\/www.risk21.com\/wp-content\/uploads\/2024\/09\/Foto-En_saret_arbejder_Henningsen.jpg\",\"datePublished\":\"2024-09-23T10:00:39+00:00\",\"dateModified\":\"2024-09-23T10:24:55+00:00\",\"author\":{\"@id\":\"https:\/\/www.risk21.com\/#\/schema\/person\/541ded27b075c85a124af6989fc72b1d\"},\"breadcrumb\":{\"@id\":\"https:\/\/www.risk21.com\/ca\/artprevention-14-un-obrero-herido\/#breadcrumb\"},\"inLanguage\":\"ca\",\"potentialAction\":[{\"@type\":\"ReadAction\",\"target\":[\"https:\/\/www.risk21.com\/ca\/artprevention-14-un-obrero-herido\/\"]}]},{\"@type\":\"ImageObject\",\"inLanguage\":\"ca\",\"@id\":\"https:\/\/www.risk21.com\/ca\/artprevention-14-un-obrero-herido\/#primaryimage\",\"url\":\"https:\/\/www.risk21.com\/wp-content\/uploads\/2024\/09\/Foto-En_saret_arbejder_Henningsen.jpg\",\"contentUrl\":\"https:\/\/www.risk21.com\/wp-content\/uploads\/2024\/09\/Foto-En_saret_arbejder_Henningsen.jpg\",\"width\":1200,\"height\":848},{\"@type\":\"BreadcrumbList\",\"@id\":\"https:\/\/www.risk21.com\/ca\/artprevention-14-un-obrero-herido\/#breadcrumb\",\"itemListElement\":[{\"@type\":\"ListItem\",\"position\":1,\"name\":\"Portada\",\"item\":\"https:\/\/www.risk21.com\/ca\/\"},{\"@type\":\"ListItem\",\"position\":2,\"name\":\"Art&#038;Prevention #14: \u00abUn treballador ferit\u00bb\"}]},{\"@type\":\"WebSite\",\"@id\":\"https:\/\/www.risk21.com\/#website\",\"url\":\"https:\/\/www.risk21.com\/\",\"name\":\"Risk XXI\",\"description\":\"Prl &amp; Services\",\"potentialAction\":[{\"@type\":\"SearchAction\",\"target\":{\"@type\":\"EntryPoint\",\"urlTemplate\":\"https:\/\/www.risk21.com\/?s={search_term_string}\"},\"query-input\":{\"@type\":\"PropertyValueSpecification\",\"valueRequired\":true,\"valueName\":\"search_term_string\"}}],\"inLanguage\":\"ca\"},{\"@type\":\"Person\",\"@id\":\"https:\/\/www.risk21.com\/#\/schema\/person\/541ded27b075c85a124af6989fc72b1d\",\"name\":\"Risk XXI - Comunicacion\",\"url\":\"https:\/\/www.risk21.com\/ca\/author\/comunicacion\/\"}]}<\/script>\n<!-- \/ Yoast SEO plugin. -->","yoast_head_json":{"title":"Art&Prevention #14: \"Un treballador ferit\" - Risk XXI","robots":{"index":"index","follow":"follow","max-snippet":"max-snippet:-1","max-image-preview":"max-image-preview:large","max-video-preview":"max-video-preview:-1"},"canonical":"https:\/\/www.risk21.com\/ca\/artprevention-14-un-obrero-herido\/","og_locale":"ca_ES","og_type":"article","og_title":"Art&Prevention #14: \"Un treballador ferit\" - Risk XXI","og_description":"Art&amp;Prevention #14: &#8220;UN TREBALLADOR FERIT&#8221; ART I RISCOS LABORALS (Divertimento by\u00a0Oriol Bracons) Any: 1.895 T\u00e8cnica: Oli sobre tela. Estil: Realisme social, S XIX Mesures: alt 131,5 cm; ample 187 cm Autor: \u00a0Erik Henningsen (Dinamarca), 1855\u20131930 Es conserva en la Staten Museum for Kunst de Copenhagen (Dinamarca) &#8211; https:\/\/www.smk.dk\/en\/\u00a0 &nbsp; El quadre, \u201cUn treballador ferit&#8221; (EnLlegir m\u00e9s","og_url":"https:\/\/www.risk21.com\/ca\/artprevention-14-un-obrero-herido\/","og_site_name":"Risk XXI","article_published_time":"2024-09-23T10:00:39+00:00","article_modified_time":"2024-09-23T10:24:55+00:00","og_image":[{"width":1200,"height":848,"url":"https:\/\/www.risk21.com\/wp-content\/uploads\/2024\/09\/Foto-En_saret_arbejder_Henningsen.jpg","type":"image\/jpeg"}],"author":"Risk XXI - Comunicacion","twitter_card":"summary_large_image","twitter_misc":{"Escrit per":"Risk XXI - Comunicacion","Temps estimat de lectura":"5 minuts"},"schema":{"@context":"https:\/\/schema.org","@graph":[{"@type":"WebPage","@id":"https:\/\/www.risk21.com\/ca\/artprevention-14-un-obrero-herido\/","url":"https:\/\/www.risk21.com\/ca\/artprevention-14-un-obrero-herido\/","name":"Art&Prevention #14: \"Un treballador ferit\" - Risk XXI","isPartOf":{"@id":"https:\/\/www.risk21.com\/#website"},"primaryImageOfPage":{"@id":"https:\/\/www.risk21.com\/ca\/artprevention-14-un-obrero-herido\/#primaryimage"},"image":{"@id":"https:\/\/www.risk21.com\/ca\/artprevention-14-un-obrero-herido\/#primaryimage"},"thumbnailUrl":"https:\/\/www.risk21.com\/wp-content\/uploads\/2024\/09\/Foto-En_saret_arbejder_Henningsen.jpg","datePublished":"2024-09-23T10:00:39+00:00","dateModified":"2024-09-23T10:24:55+00:00","author":{"@id":"https:\/\/www.risk21.com\/#\/schema\/person\/541ded27b075c85a124af6989fc72b1d"},"breadcrumb":{"@id":"https:\/\/www.risk21.com\/ca\/artprevention-14-un-obrero-herido\/#breadcrumb"},"inLanguage":"ca","potentialAction":[{"@type":"ReadAction","target":["https:\/\/www.risk21.com\/ca\/artprevention-14-un-obrero-herido\/"]}]},{"@type":"ImageObject","inLanguage":"ca","@id":"https:\/\/www.risk21.com\/ca\/artprevention-14-un-obrero-herido\/#primaryimage","url":"https:\/\/www.risk21.com\/wp-content\/uploads\/2024\/09\/Foto-En_saret_arbejder_Henningsen.jpg","contentUrl":"https:\/\/www.risk21.com\/wp-content\/uploads\/2024\/09\/Foto-En_saret_arbejder_Henningsen.jpg","width":1200,"height":848},{"@type":"BreadcrumbList","@id":"https:\/\/www.risk21.com\/ca\/artprevention-14-un-obrero-herido\/#breadcrumb","itemListElement":[{"@type":"ListItem","position":1,"name":"Portada","item":"https:\/\/www.risk21.com\/ca\/"},{"@type":"ListItem","position":2,"name":"Art&#038;Prevention #14: \u00abUn treballador ferit\u00bb"}]},{"@type":"WebSite","@id":"https:\/\/www.risk21.com\/#website","url":"https:\/\/www.risk21.com\/","name":"Risk XXI","description":"Prl &amp; Services","potentialAction":[{"@type":"SearchAction","target":{"@type":"EntryPoint","urlTemplate":"https:\/\/www.risk21.com\/?s={search_term_string}"},"query-input":{"@type":"PropertyValueSpecification","valueRequired":true,"valueName":"search_term_string"}}],"inLanguage":"ca"},{"@type":"Person","@id":"https:\/\/www.risk21.com\/#\/schema\/person\/541ded27b075c85a124af6989fc72b1d","name":"Risk XXI - Comunicacion","url":"https:\/\/www.risk21.com\/ca\/author\/comunicacion\/"}]}},"_links":{"self":[{"href":"https:\/\/www.risk21.com\/ca\/wp-json\/wp\/v2\/posts\/12206","targetHints":{"allow":["GET"]}}],"collection":[{"href":"https:\/\/www.risk21.com\/ca\/wp-json\/wp\/v2\/posts"}],"about":[{"href":"https:\/\/www.risk21.com\/ca\/wp-json\/wp\/v2\/types\/post"}],"author":[{"embeddable":true,"href":"https:\/\/www.risk21.com\/ca\/wp-json\/wp\/v2\/users\/3"}],"replies":[{"embeddable":true,"href":"https:\/\/www.risk21.com\/ca\/wp-json\/wp\/v2\/comments?post=12206"}],"version-history":[{"count":3,"href":"https:\/\/www.risk21.com\/ca\/wp-json\/wp\/v2\/posts\/12206\/revisions"}],"predecessor-version":[{"id":12210,"href":"https:\/\/www.risk21.com\/ca\/wp-json\/wp\/v2\/posts\/12206\/revisions\/12210"}],"wp:featuredmedia":[{"embeddable":true,"href":"https:\/\/www.risk21.com\/ca\/wp-json\/wp\/v2\/media\/12192"}],"wp:attachment":[{"href":"https:\/\/www.risk21.com\/ca\/wp-json\/wp\/v2\/media?parent=12206"}],"wp:term":[{"taxonomy":"category","embeddable":true,"href":"https:\/\/www.risk21.com\/ca\/wp-json\/wp\/v2\/categories?post=12206"},{"taxonomy":"post_tag","embeddable":true,"href":"https:\/\/www.risk21.com\/ca\/wp-json\/wp\/v2\/tags?post=12206"}],"curies":[{"name":"wp","href":"https:\/\/api.w.org\/{rel}","templated":true}]}}