{"id":12074,"date":"2023-03-15T00:00:32","date_gmt":"2023-03-15T00:00:32","guid":{"rendered":"https:\/\/www.risk21.com\/?p=12074"},"modified":"2023-03-15T14:10:18","modified_gmt":"2023-03-15T14:10:18","slug":"ernest-claramunt-experto-en-eficiencia-empresarial","status":"publish","type":"post","link":"https:\/\/www.risk21.com\/ca\/ernest-claramunt-experto-en-eficiencia-empresarial\/","title":{"rendered":"Ernest Claramunt. Enginyer, expert en efici\u00e8ncia empresarial."},"content":{"rendered":"<p><strong>Hola <\/strong><strong>Ernest, Podria presentar-se vost\u00e8 mateix? Quina \u00e9s la seva traject\u00f2ria professional? En quins sectors d&#8217;activitat ha treballat?<\/strong><\/p>\n<p>Hola, es clar que si, soc <a href=\"https:\/\/es.linkedin.com\/in\/ernestoclaramunt\" target=\"_blank\" rel=\"noopener\"><strong>Ernest Claramunt Freixanet<\/strong><\/a>, un jove de 64 anys.\u00a0Vaig n\u00e9ixer i resideixo a Barcelona, i pertanyo a la quarta generaci\u00f3 d&#8217;una fam\u00edlia vinculada a la ind\u00fastria t\u00e8xtil.<\/p>\n<p>Enginyer industrial per la <a href=\"https:\/\/www.upc.edu\/ca\/graus\/enginyeria-de-tecnologia-i-disseny-textil-terrassa-eseiaat\" target=\"_blank\" rel=\"noopener\"><strong>ETSIIT<\/strong><\/a>, vaig comen\u00e7ar la meva marxa professional en el grup industrial t\u00e8xtil familiar<\/p>\n<p>Durant la meva traject\u00f2ria professional he muntat diverses empreses, i tamb\u00e9 n\u2019he desmuntat algunes (de tot se n\u2019apr\u00e8n):<\/p>\n<p>1980 Filats Rusi\u00f1ol (filatura)<\/p>\n<p>1984 Filats Escol\u00e1 (filatura)<\/p>\n<p>1987 RO&amp;ER (disseny i venda de t\u00e8xtil llar)<\/p>\n<p>1988 Filats San Quirico (filatura)<\/p>\n<p>2003 Logic Energy (plantes gasificadoras de biomassa)<\/p>\n<p>2010 Itefor Plus (instal\u00b7lacions d&#8217;energies renovables)<\/p>\n<p>2011 Cau Faluga \u2013 Col\u00f2nia Rusi\u00f1ol (restauraci\u00f3 i esdeveniments)<\/p>\n<p><a href=\"https:\/\/www.risk21.com\/wp-content\/uploads\/2023\/03\/ECF-2-scaled.jpg\"><img loading=\"lazy\" decoding=\"async\" class=\"wp-image-12079 alignleft\" src=\"https:\/\/www.risk21.com\/wp-content\/uploads\/2023\/03\/ECF-2-768x373.jpg\" alt=\"\" width=\"377\" height=\"183\" srcset=\"https:\/\/www.risk21.com\/wp-content\/uploads\/2023\/03\/ECF-2-768x373.jpg 768w, https:\/\/www.risk21.com\/wp-content\/uploads\/2023\/03\/ECF-2-scaled-300x146.jpg 300w, https:\/\/www.risk21.com\/wp-content\/uploads\/2023\/03\/ECF-2-scaled-1024x498.jpg 1024w, https:\/\/www.risk21.com\/wp-content\/uploads\/2023\/03\/ECF-2-scaled-1536x746.jpg 1536w, https:\/\/www.risk21.com\/wp-content\/uploads\/2023\/03\/ECF-2-scaled-2048x995.jpg 2048w, https:\/\/www.risk21.com\/wp-content\/uploads\/2023\/03\/ECF-2-scaled-24x12.jpg 24w, https:\/\/www.risk21.com\/wp-content\/uploads\/2023\/03\/ECF-2-scaled-36x17.jpg 36w, https:\/\/www.risk21.com\/wp-content\/uploads\/2023\/03\/ECF-2-scaled-48x23.jpg 48w\" sizes=\"auto, (max-width: 377px) 100vw, 377px\" \/><\/a>Vaig dirigir el grup t\u00e8xtil familiar fins que l&#8217;any 2010 vaig decidir que tocava tancar. La fabricaci\u00f3 de filats a Espanya ja no era rendible.<\/p>\n<p>Des d\u2019aleshores aprofito tota l&#8217;experi\u00e8ncia acumulada, per a ajudar empreses productores a rebaixar els seus costos de fabricaci\u00f3, i per tant a millorar la seva rendibilitat.<\/p>\n<p>Per a aix\u00f2 utilitzo una metodologia pr\u00f2pia ja aplicada en empreses d&#8217;\u00e8xit, que consisteix a analitzar l&#8217;experi\u00e8ncia dels equips, per a dissenyar i aplicar les mesures necess\u00e0ries que ajudin a eliminar les fugues econ\u00f2miques dels processos productius.<\/p>\n<p>Imagineu-vos poder millorar els beneficis i motivar al personal de manera simult\u00e0nia, qu\u00e8 m\u00e9s es pot demanar?<\/p>\n<p>&nbsp;<\/p>\n<p><strong>Vost\u00e8 \u00e9s consultor i especialista en \u201cEfici\u00e8ncia empresarial\u201d Ens podria explicar que ent\u00e9n vost\u00e8 exactament per \u201cefici\u00e8ncia empresarial\u201d?<\/strong><\/p>\n<p>Una empresa eficient \u00e9s la que produeix m\u00e9s i millor, amb menys recursos. Gr\u00e0cies a l&#8217;efici\u00e8ncia, produir m\u00e9s no implica treballar m\u00e9s.<\/p>\n<p><strong><a href=\"https:\/\/www.risk21.com\/wp-content\/uploads\/2023\/03\/Publi-Ernest-Claramunt-catala-scaled.jpg\"><img loading=\"lazy\" decoding=\"async\" class=\"wp-image-12103 aligncenter\" src=\"https:\/\/www.risk21.com\/wp-content\/uploads\/2023\/03\/Publi-Ernest-Claramunt-catala-768x1086.jpg\" alt=\"\" width=\"521\" height=\"737\" srcset=\"https:\/\/www.risk21.com\/wp-content\/uploads\/2023\/03\/Publi-Ernest-Claramunt-catala-768x1086.jpg 768w, https:\/\/www.risk21.com\/wp-content\/uploads\/2023\/03\/Publi-Ernest-Claramunt-catala-scaled-212x300.jpg 212w, https:\/\/www.risk21.com\/wp-content\/uploads\/2023\/03\/Publi-Ernest-Claramunt-catala-scaled-724x1024.jpg 724w, https:\/\/www.risk21.com\/wp-content\/uploads\/2023\/03\/Publi-Ernest-Claramunt-catala-scaled-1086x1536.jpg 1086w, https:\/\/www.risk21.com\/wp-content\/uploads\/2023\/03\/Publi-Ernest-Claramunt-catala-scaled-1448x2048.jpg 1448w, https:\/\/www.risk21.com\/wp-content\/uploads\/2023\/03\/Publi-Ernest-Claramunt-catala-scaled-17x24.jpg 17w, https:\/\/www.risk21.com\/wp-content\/uploads\/2023\/03\/Publi-Ernest-Claramunt-catala-scaled-25x36.jpg 25w, https:\/\/www.risk21.com\/wp-content\/uploads\/2023\/03\/Publi-Ernest-Claramunt-catala-scaled-34x48.jpg 34w, https:\/\/www.risk21.com\/wp-content\/uploads\/2023\/03\/Publi-Ernest-Claramunt-catala-scaled.jpg 1810w\" sizes=\"auto, (max-width: 521px) 100vw, 521px\" \/><\/a>\u00a0<\/strong><\/p>\n<p><strong>Millorar l&#8217;organitzaci\u00f3 i l&#8217;efici\u00e8ncia \u00e9s una cosa que les empreses haurien de gestionar internament. Aleshores perqu\u00e8 recorren als seus serveis per a aconseguir-ho?<\/strong><\/p>\n<p>A nivell d&#8217;organitzaci\u00f3 i efici\u00e8ncia tots els processos productius s\u00f3n millorables. El gran problema de moltes empreses \u00e9s que no en s\u00f3n conscients.<\/p>\n<p>Les persones tenim la capacitat d&#8217;assimilar situacions i fets. Per exemple triguem unes hores a assimilar un soroll, entre dos dies i dues setmanes a assimilar l&#8217;\u00fas d&#8217;ulleres, o aproximadament un any a assimilar l&#8217;amputaci\u00f3 d&#8217;un membre.<\/p>\n<p>Aquesta capacitat per a assimilar, ens fa arribar a considerar normals situacions que no ho s\u00f3n, i per tant a perdre objectivitat.<\/p>\n<p>Per aix\u00f2 moltes empreses, des de la seva visi\u00f3 subjectiva, creuen comptar amb processos productius eficients quan en realitat no ho s\u00f3n.<\/p>\n<p>Jo els aporto l&#8217;objectivitat que ells han perdut, per a descobrir tot el que es pot millorar i aix\u00ed incrementar l&#8217;efici\u00e8ncia del proc\u00e9s productiu.<\/p>\n<p>&nbsp;<\/p>\n<p><strong>I entrant al detall, Com s&#8217;actua en un proc\u00e9s productiu per a maximitzar l&#8217;efici\u00e8ncia?<\/strong><\/p>\n<p>Com ja he comentat, la meva metodologia es basa a aprofitar un dels majors actius que tenen les empreses, que \u00e9s l&#8217;experi\u00e8ncia acumulada pels seus equips.<\/p>\n<p>Aquest tresor (que molt poques empreses aprofiten) complementat amb la meva experi\u00e8ncia, em permet aplicar al proc\u00e9s les mesures necess\u00e0ries per a millorar l&#8217;efici\u00e8ncia.<\/p>\n<p>Aquestes mesures inclouen solucions de tipus mec\u00e0nic, automatitzaci\u00f3, seguretat laboral, ergonomia, organitzaci\u00f3, etc., i permetran maximitzar l&#8217;efici\u00e8ncia del proc\u00e9s productiu, maximitzant la producci\u00f3, la productivitat i la qualitat, i minimitzant els mermes i els accidents laborals.<\/p>\n<p>Per\u00f2 tot aix\u00f2 nom\u00e9s \u00e9s possible si disposem d&#8217;aquest tresor, i per aix\u00f2 el primer que fa aquest m\u00e8tode \u00e9s motivar a les persones perqu\u00e8 aportin tota la seva experi\u00e8ncia.<\/p>\n<p>&nbsp;<\/p>\n<p><strong>Quina \u00e9s la seva visi\u00f3 i opini\u00f3 sobre la situaci\u00f3 actual de l&#8217;efici\u00e8ncia i organitzaci\u00f3 en la ind\u00fastria del nostre pa\u00eds. Hi ha molta difer\u00e8ncia entre tipus d&#8217;empresa i\/ entre sectors productius?<\/strong><\/p>\n<p>Segons les dades de l&#8217;Oficina d&#8217;Estad\u00edstica Europea Eurostat, la productivitat espanyola se situa en 93 punts respecte als 104,7 punts de la mitjana de l&#8217;eurozona.<\/p>\n<p>La nostra productivitat i conseq\u00fcentment la nostra efici\u00e8ncia, est\u00e0 molt per sota de pa\u00efsos com Fran\u00e7a, Alemanya, It\u00e0lia o Irlanda, i per tant ens falta molt per millorar.<\/p>\n<p>Entre sectors tamb\u00e9 hi ha grans difer\u00e8ncies. El m\u00e9s productiu i a gran dist\u00e0ncia dels altres \u00e9s el sector de l&#8217;automoci\u00f3.\u00a0I perqu\u00e8 \u00e9s el m\u00e9s eficient? \u2026 Per necessitat<\/p>\n<p>Per a construir un autom\u00f2bil, en primer lloc cal fabricar milers i milers de peces que despr\u00e9s caldr\u00e0 assemblar amb alt\u00edssima precisi\u00f3. Un proc\u00e9s productiu ineficient, generaria un cost tan alt que l&#8217;autom\u00f2bil nom\u00e9s estaria a l&#8217;abast d&#8217;uns quants milionaris.<\/p>\n<p>Gr\u00e0cies a l&#8217;alt\u00edssima efici\u00e8ncia dels processos productius d&#8217;aquest sector, l&#8217;autom\u00f2bil \u00e9s accessible a molt\u00edssimes persones.<\/p>\n<p>Quant a efici\u00e8ncia, com molt millorables podr\u00edem considerar als sectors t\u00e8xtil, farmac\u00e8utic i alimentaci\u00f3.<\/p>\n<p>I com extremadament millorable al sector de la construcci\u00f3.<\/p>\n<p><strong><a href=\"https:\/\/www.risk21.com\/wp-content\/uploads\/2023\/03\/RHS.png\"><img loading=\"lazy\" decoding=\"async\" class=\"wp-image-12087 aligncenter\" src=\"https:\/\/www.risk21.com\/wp-content\/uploads\/2023\/03\/RHS-768x432.png\" alt=\"\" width=\"590\" height=\"332\" srcset=\"https:\/\/www.risk21.com\/wp-content\/uploads\/2023\/03\/RHS-768x432.png 768w, https:\/\/www.risk21.com\/wp-content\/uploads\/2023\/03\/RHS-300x169.png 300w, https:\/\/www.risk21.com\/wp-content\/uploads\/2023\/03\/RHS-1024x576.png 1024w, https:\/\/www.risk21.com\/wp-content\/uploads\/2023\/03\/RHS-24x13.png 24w, https:\/\/www.risk21.com\/wp-content\/uploads\/2023\/03\/RHS-36x20.png 36w, https:\/\/www.risk21.com\/wp-content\/uploads\/2023\/03\/RHS-48x27.png 48w, https:\/\/www.risk21.com\/wp-content\/uploads\/2023\/03\/RHS.png 1366w\" sizes=\"auto, (max-width: 590px) 100vw, 590px\" \/><\/a><\/strong><\/p>\n<p>&nbsp;<\/p>\n<p><strong>Durant els \u00faltims anys, vost\u00e8 ha desenvolupat i aplicat el m\u00e8tode <a href=\"https:\/\/www.risk21.com\/ca\/metode-rhs\/\" target=\"_blank\" rel=\"noopener\">RHS (Risk &amp; Hazard Simulators)<\/a> per a la formaci\u00f3 en seguretat laboral. En qu\u00e8 es basa aquest m\u00e8tode?<\/strong><\/p>\n<p>Cada any les empreses inverteixen m\u00e9s recursos en seguretat laboral, i en canvi els accidents continuen augmentant.<\/p>\n<p>L&#8217;objectiu va ser clar, aconseguir que les empreses no tirin els diners sin\u00f3 que l&#8217;inverteixin en accions que realment redueixin la accidentabilitat.<\/p>\n<p>D&#8217;aquesta reflexi\u00f3 va n\u00e9ixer el <strong>m\u00e8tode RHS<\/strong>, que \u00e9s un sistema de formaci\u00f3 molt eficient basat en la pr\u00e0ctica en simuladors.<\/p>\n<p>El m\u00e8tode consta de:<\/p>\n<p>o Simulador dissenyat segons la problem\u00e0tica de cada empresa<\/p>\n<p>o Formaci\u00f3 te\u00f2rica sobre els perills i com evitar-los<\/p>\n<p>o Formaci\u00f3 pr\u00e0ctica en el simulador per a ensenyar a treballar de manera segura<\/p>\n<p>o Avaluaci\u00f3 mitjan\u00e7ant test dels coneixements adquirits<\/p>\n<p>o Certificaci\u00f3 oficial<\/p>\n<p>En el simulador les persones visualitzen els perills, i practiquen per a aprendre a treballar de manera segura i eficient.<\/p>\n<p>&nbsp;<\/p>\n<p><strong>Segons la seva experi\u00e8ncia, quines s\u00f3n les virtuts del m\u00e8tode de formaci\u00f3 RHS?<\/strong><\/p>\n<p>Les principals virtuts s\u00f3n:<\/p>\n<ul>\n<li>La <strong>formaci\u00f3 \u00e9s pr\u00e0ctica<\/strong> i per aix\u00f2 molt eficient. Recordem que una imatge val m\u00e9s que mil paraules i una pr\u00e0ctica m\u00e9s que mil imatges<\/li>\n<li>La formaci\u00f3 \u00e9s <strong>molt din\u00e0mica<\/strong>. Els participants no dormen, nom\u00e9s aprenen, i per tant s&#8217;optimitza el temps i la inversi\u00f3<\/li>\n<li>\u00c9s una formaci\u00f3 molt <strong>espec\u00edfica<\/strong> i per tant centrada en el que realment interessa<\/li>\n<li>Permet <strong>complir l&#8217;art. 19 de la Llei de PRL<\/strong> que obliga les empreses a formar de manera pr\u00e0ctica als seus empleats.<\/li>\n<li>La <strong>certificaci\u00f3 oficial<\/strong> salvaguarda a les empreses en cas d&#8217;accident laboral<\/li>\n<li>Genera un <strong>alt grau de satisfacci\u00f3<\/strong> en tots els participants<\/li>\n<\/ul>\n<p><strong><a href=\"https:\/\/www.risk21.com\/wp-content\/uploads\/2023\/03\/Grifols-simulador.jpg\"><img loading=\"lazy\" decoding=\"async\" class=\"alignnone size-medium_large wp-image-12090\" src=\"https:\/\/www.risk21.com\/wp-content\/uploads\/2023\/03\/Grifols-simulador-768x409.jpg\" alt=\"\" width=\"768\" height=\"409\" srcset=\"https:\/\/www.risk21.com\/wp-content\/uploads\/2023\/03\/Grifols-simulador-768x409.jpg 768w, https:\/\/www.risk21.com\/wp-content\/uploads\/2023\/03\/Grifols-simulador-300x160.jpg 300w, https:\/\/www.risk21.com\/wp-content\/uploads\/2023\/03\/Grifols-simulador-24x13.jpg 24w, https:\/\/www.risk21.com\/wp-content\/uploads\/2023\/03\/Grifols-simulador-36x19.jpg 36w, https:\/\/www.risk21.com\/wp-content\/uploads\/2023\/03\/Grifols-simulador-48x26.jpg 48w, https:\/\/www.risk21.com\/wp-content\/uploads\/2023\/03\/Grifols-simulador.jpg 1004w\" sizes=\"auto, (max-width: 768px) 100vw, 768px\" \/><\/a><\/strong><\/p>\n<p>&nbsp;<\/p>\n<p><strong>Ernest, ens podria explicar algun cas d&#8217;\u00e8xit en el qual hagi intervingut recentment, tant en millora de processos productius com en formaci\u00f3 mitjan\u00e7ant el m\u00e8tode RHS?<\/strong><\/p>\n<p>Quant a la millora de processos productius per a maximitzar l&#8217;efici\u00e8ncia, aqu\u00ed van alguns resultats aconseguits en empreses d&#8217;\u00e8xit:<\/p>\n<ul>\n<li>Increment de producci\u00f3 superior al 22%<\/li>\n<li>Augment de productivitat superior al 20%<\/li>\n<li>Reducci\u00f3 de defectes major al 42%<\/li>\n<li>Reducci\u00f3 d&#8217;accidents laborals superior al 40%<\/li>\n<\/ul>\n<p>Quant al <strong>m\u00e8tode RHS<\/strong> vull esmentar <a href=\"https:\/\/www.grifols.com\/es\/home\" target=\"_blank\" rel=\"noopener\"><strong>Grifols<\/strong><\/a>, una empresa d&#8217;\u00e8xit, l\u00edder mundial en medicaments derivats del plasma.<\/p>\n<p>Aquesta companyia va contactar amb nosaltres fa uns vuit anys, per a implementar el <strong>m\u00e8tode RHS<\/strong> des dels seus departaments de Seguretat i Salut, i Formaci\u00f3.<\/p>\n<p>Es va fabricar un simulador espec\u00edfic que representa una part de la seva instal\u00b7laci\u00f3, i des d\u2019aleshores ja s&#8217;han format a m\u00e9s de 2.000 persones, amb excel\u00b7lents resultats quant a capacitaci\u00f3 en seguretat laboral, i satisfacci\u00f3 dels participants. N\u2019estic molt satisfet.<\/p>\n<p>&nbsp;<\/p>\n<p><strong>Moltes gr\u00e0cies Ernest, i enhorabona per la feina feta.<\/strong><\/p>\n<p>&nbsp;<\/p>\n<p>&nbsp;<\/p>\n","protected":false},"excerpt":{"rendered":"<p>Hola Ernest, Podria presentar-se vost\u00e8 mateix? Quina \u00e9s la seva traject\u00f2ria professional? En quins sectors d&#8217;activitat ha treballat? Hola, es clar que si, soc Ernest Claramunt Freixanet, un jove de 64 anys.\u00a0Vaig n\u00e9ixer i resideixo a Barcelona, i pertanyo a la quarta generaci\u00f3 d&#8217;una fam\u00edlia vinculada a la ind\u00fastria t\u00e8xtil. Enginyer industrial per la ETSIIT,<br \/><a href=\"https:\/\/www.risk21.com\/ca\/ernest-claramunt-experto-en-eficiencia-empresarial\/\" class=\"more\">Llegir m\u00e9s<\/a><\/p>\n","protected":false},"author":3,"featured_media":12085,"comment_status":"closed","ping_status":"closed","sticky":false,"template":"","format":"standard","meta":{"footnotes":""},"categories":[324,270],"tags":[548,547,549,158],"class_list":["post-12074","post","type-post","status-publish","format-standard","has-post-thumbnail","hentry","category-entrevistas-ca","category-entrevistes","tag-eficiencia-empresarial","tag-ernest-claramunt","tag-metodo-rhs-ca","tag-risk-xxi-prl-services"],"yoast_head":"<!-- This site is optimized with the Yoast SEO plugin v25.3.1 - https:\/\/yoast.com\/wordpress\/plugins\/seo\/ -->\n<title>Ernest Claramunt. Enginyer, expert en efici\u00e8ncia empresarial. - Risk XXI<\/title>\n<meta name=\"robots\" content=\"index, follow, max-snippet:-1, max-image-preview:large, max-video-preview:-1\" \/>\n<link rel=\"canonical\" href=\"https:\/\/www.risk21.com\/ca\/ernest-claramunt-experto-en-eficiencia-empresarial\/\" \/>\n<meta property=\"og:locale\" content=\"ca_ES\" \/>\n<meta property=\"og:type\" content=\"article\" \/>\n<meta property=\"og:title\" content=\"Ernest Claramunt. Enginyer, expert en efici\u00e8ncia empresarial. - Risk XXI\" \/>\n<meta property=\"og:description\" content=\"Hola Ernest, Podria presentar-se vost\u00e8 mateix? Quina \u00e9s la seva traject\u00f2ria professional? En quins sectors d&#8217;activitat ha treballat? Hola, es clar que si, soc Ernest Claramunt Freixanet, un jove de 64 anys.\u00a0Vaig n\u00e9ixer i resideixo a Barcelona, i pertanyo a la quarta generaci\u00f3 d&#8217;una fam\u00edlia vinculada a la ind\u00fastria t\u00e8xtil. Enginyer industrial per la ETSIIT,Llegir m\u00e9s\" \/>\n<meta property=\"og:url\" content=\"https:\/\/www.risk21.com\/ca\/ernest-claramunt-experto-en-eficiencia-empresarial\/\" \/>\n<meta property=\"og:site_name\" content=\"Risk XXI\" \/>\n<meta property=\"article:published_time\" content=\"2023-03-15T00:00:32+00:00\" \/>\n<meta property=\"article:modified_time\" content=\"2023-03-15T14:10:18+00:00\" \/>\n<meta property=\"og:image\" content=\"https:\/\/www.risk21.com\/wp-content\/uploads\/2023\/03\/ECF-1-recortada-1.jpg\" \/>\n\t<meta property=\"og:image:width\" content=\"745\" \/>\n\t<meta property=\"og:image:height\" content=\"481\" \/>\n\t<meta property=\"og:image:type\" content=\"image\/jpeg\" \/>\n<meta name=\"author\" content=\"Risk XXI - Comunicacion\" \/>\n<meta name=\"twitter:card\" content=\"summary_large_image\" \/>\n<meta name=\"twitter:label1\" content=\"Escrit per\" \/>\n\t<meta name=\"twitter:data1\" content=\"Risk XXI - Comunicacion\" \/>\n\t<meta name=\"twitter:label2\" content=\"Temps estimat de lectura\" \/>\n\t<meta name=\"twitter:data2\" content=\"6 minuts\" \/>\n<script type=\"application\/ld+json\" class=\"yoast-schema-graph\">{\"@context\":\"https:\/\/schema.org\",\"@graph\":[{\"@type\":\"WebPage\",\"@id\":\"https:\/\/www.risk21.com\/ca\/ernest-claramunt-experto-en-eficiencia-empresarial\/\",\"url\":\"https:\/\/www.risk21.com\/ca\/ernest-claramunt-experto-en-eficiencia-empresarial\/\",\"name\":\"Ernest Claramunt. Enginyer, expert en efici\u00e8ncia empresarial. - Risk XXI\",\"isPartOf\":{\"@id\":\"https:\/\/www.risk21.com\/#website\"},\"primaryImageOfPage\":{\"@id\":\"https:\/\/www.risk21.com\/ca\/ernest-claramunt-experto-en-eficiencia-empresarial\/#primaryimage\"},\"image\":{\"@id\":\"https:\/\/www.risk21.com\/ca\/ernest-claramunt-experto-en-eficiencia-empresarial\/#primaryimage\"},\"thumbnailUrl\":\"https:\/\/www.risk21.com\/wp-content\/uploads\/2023\/03\/ECF-1-recortada-1.jpg\",\"datePublished\":\"2023-03-15T00:00:32+00:00\",\"dateModified\":\"2023-03-15T14:10:18+00:00\",\"author\":{\"@id\":\"https:\/\/www.risk21.com\/#\/schema\/person\/541ded27b075c85a124af6989fc72b1d\"},\"breadcrumb\":{\"@id\":\"https:\/\/www.risk21.com\/ca\/ernest-claramunt-experto-en-eficiencia-empresarial\/#breadcrumb\"},\"inLanguage\":\"ca\",\"potentialAction\":[{\"@type\":\"ReadAction\",\"target\":[\"https:\/\/www.risk21.com\/ca\/ernest-claramunt-experto-en-eficiencia-empresarial\/\"]}]},{\"@type\":\"ImageObject\",\"inLanguage\":\"ca\",\"@id\":\"https:\/\/www.risk21.com\/ca\/ernest-claramunt-experto-en-eficiencia-empresarial\/#primaryimage\",\"url\":\"https:\/\/www.risk21.com\/wp-content\/uploads\/2023\/03\/ECF-1-recortada-1.jpg\",\"contentUrl\":\"https:\/\/www.risk21.com\/wp-content\/uploads\/2023\/03\/ECF-1-recortada-1.jpg\",\"width\":745,\"height\":481},{\"@type\":\"BreadcrumbList\",\"@id\":\"https:\/\/www.risk21.com\/ca\/ernest-claramunt-experto-en-eficiencia-empresarial\/#breadcrumb\",\"itemListElement\":[{\"@type\":\"ListItem\",\"position\":1,\"name\":\"Portada\",\"item\":\"https:\/\/www.risk21.com\/ca\/\"},{\"@type\":\"ListItem\",\"position\":2,\"name\":\"Ernest Claramunt. Enginyer, expert en efici\u00e8ncia empresarial.\"}]},{\"@type\":\"WebSite\",\"@id\":\"https:\/\/www.risk21.com\/#website\",\"url\":\"https:\/\/www.risk21.com\/\",\"name\":\"Risk XXI\",\"description\":\"Prl &amp; Services\",\"potentialAction\":[{\"@type\":\"SearchAction\",\"target\":{\"@type\":\"EntryPoint\",\"urlTemplate\":\"https:\/\/www.risk21.com\/?s={search_term_string}\"},\"query-input\":{\"@type\":\"PropertyValueSpecification\",\"valueRequired\":true,\"valueName\":\"search_term_string\"}}],\"inLanguage\":\"ca\"},{\"@type\":\"Person\",\"@id\":\"https:\/\/www.risk21.com\/#\/schema\/person\/541ded27b075c85a124af6989fc72b1d\",\"name\":\"Risk XXI - Comunicacion\",\"url\":\"https:\/\/www.risk21.com\/ca\/author\/comunicacion\/\"}]}<\/script>\n<!-- \/ Yoast SEO plugin. -->","yoast_head_json":{"title":"Ernest Claramunt. Enginyer, expert en efici\u00e8ncia empresarial. - Risk XXI","robots":{"index":"index","follow":"follow","max-snippet":"max-snippet:-1","max-image-preview":"max-image-preview:large","max-video-preview":"max-video-preview:-1"},"canonical":"https:\/\/www.risk21.com\/ca\/ernest-claramunt-experto-en-eficiencia-empresarial\/","og_locale":"ca_ES","og_type":"article","og_title":"Ernest Claramunt. Enginyer, expert en efici\u00e8ncia empresarial. - Risk XXI","og_description":"Hola Ernest, Podria presentar-se vost\u00e8 mateix? Quina \u00e9s la seva traject\u00f2ria professional? En quins sectors d&#8217;activitat ha treballat? Hola, es clar que si, soc Ernest Claramunt Freixanet, un jove de 64 anys.\u00a0Vaig n\u00e9ixer i resideixo a Barcelona, i pertanyo a la quarta generaci\u00f3 d&#8217;una fam\u00edlia vinculada a la ind\u00fastria t\u00e8xtil. Enginyer industrial per la ETSIIT,Llegir m\u00e9s","og_url":"https:\/\/www.risk21.com\/ca\/ernest-claramunt-experto-en-eficiencia-empresarial\/","og_site_name":"Risk XXI","article_published_time":"2023-03-15T00:00:32+00:00","article_modified_time":"2023-03-15T14:10:18+00:00","og_image":[{"width":745,"height":481,"url":"https:\/\/www.risk21.com\/wp-content\/uploads\/2023\/03\/ECF-1-recortada-1.jpg","type":"image\/jpeg"}],"author":"Risk XXI - Comunicacion","twitter_card":"summary_large_image","twitter_misc":{"Escrit per":"Risk XXI - Comunicacion","Temps estimat de lectura":"6 minuts"},"schema":{"@context":"https:\/\/schema.org","@graph":[{"@type":"WebPage","@id":"https:\/\/www.risk21.com\/ca\/ernest-claramunt-experto-en-eficiencia-empresarial\/","url":"https:\/\/www.risk21.com\/ca\/ernest-claramunt-experto-en-eficiencia-empresarial\/","name":"Ernest Claramunt. Enginyer, expert en efici\u00e8ncia empresarial. - Risk XXI","isPartOf":{"@id":"https:\/\/www.risk21.com\/#website"},"primaryImageOfPage":{"@id":"https:\/\/www.risk21.com\/ca\/ernest-claramunt-experto-en-eficiencia-empresarial\/#primaryimage"},"image":{"@id":"https:\/\/www.risk21.com\/ca\/ernest-claramunt-experto-en-eficiencia-empresarial\/#primaryimage"},"thumbnailUrl":"https:\/\/www.risk21.com\/wp-content\/uploads\/2023\/03\/ECF-1-recortada-1.jpg","datePublished":"2023-03-15T00:00:32+00:00","dateModified":"2023-03-15T14:10:18+00:00","author":{"@id":"https:\/\/www.risk21.com\/#\/schema\/person\/541ded27b075c85a124af6989fc72b1d"},"breadcrumb":{"@id":"https:\/\/www.risk21.com\/ca\/ernest-claramunt-experto-en-eficiencia-empresarial\/#breadcrumb"},"inLanguage":"ca","potentialAction":[{"@type":"ReadAction","target":["https:\/\/www.risk21.com\/ca\/ernest-claramunt-experto-en-eficiencia-empresarial\/"]}]},{"@type":"ImageObject","inLanguage":"ca","@id":"https:\/\/www.risk21.com\/ca\/ernest-claramunt-experto-en-eficiencia-empresarial\/#primaryimage","url":"https:\/\/www.risk21.com\/wp-content\/uploads\/2023\/03\/ECF-1-recortada-1.jpg","contentUrl":"https:\/\/www.risk21.com\/wp-content\/uploads\/2023\/03\/ECF-1-recortada-1.jpg","width":745,"height":481},{"@type":"BreadcrumbList","@id":"https:\/\/www.risk21.com\/ca\/ernest-claramunt-experto-en-eficiencia-empresarial\/#breadcrumb","itemListElement":[{"@type":"ListItem","position":1,"name":"Portada","item":"https:\/\/www.risk21.com\/ca\/"},{"@type":"ListItem","position":2,"name":"Ernest Claramunt. Enginyer, expert en efici\u00e8ncia empresarial."}]},{"@type":"WebSite","@id":"https:\/\/www.risk21.com\/#website","url":"https:\/\/www.risk21.com\/","name":"Risk XXI","description":"Prl &amp; Services","potentialAction":[{"@type":"SearchAction","target":{"@type":"EntryPoint","urlTemplate":"https:\/\/www.risk21.com\/?s={search_term_string}"},"query-input":{"@type":"PropertyValueSpecification","valueRequired":true,"valueName":"search_term_string"}}],"inLanguage":"ca"},{"@type":"Person","@id":"https:\/\/www.risk21.com\/#\/schema\/person\/541ded27b075c85a124af6989fc72b1d","name":"Risk XXI - Comunicacion","url":"https:\/\/www.risk21.com\/ca\/author\/comunicacion\/"}]}},"_links":{"self":[{"href":"https:\/\/www.risk21.com\/ca\/wp-json\/wp\/v2\/posts\/12074","targetHints":{"allow":["GET"]}}],"collection":[{"href":"https:\/\/www.risk21.com\/ca\/wp-json\/wp\/v2\/posts"}],"about":[{"href":"https:\/\/www.risk21.com\/ca\/wp-json\/wp\/v2\/types\/post"}],"author":[{"embeddable":true,"href":"https:\/\/www.risk21.com\/ca\/wp-json\/wp\/v2\/users\/3"}],"replies":[{"embeddable":true,"href":"https:\/\/www.risk21.com\/ca\/wp-json\/wp\/v2\/comments?post=12074"}],"version-history":[{"count":7,"href":"https:\/\/www.risk21.com\/ca\/wp-json\/wp\/v2\/posts\/12074\/revisions"}],"predecessor-version":[{"id":12105,"href":"https:\/\/www.risk21.com\/ca\/wp-json\/wp\/v2\/posts\/12074\/revisions\/12105"}],"wp:featuredmedia":[{"embeddable":true,"href":"https:\/\/www.risk21.com\/ca\/wp-json\/wp\/v2\/media\/12085"}],"wp:attachment":[{"href":"https:\/\/www.risk21.com\/ca\/wp-json\/wp\/v2\/media?parent=12074"}],"wp:term":[{"taxonomy":"category","embeddable":true,"href":"https:\/\/www.risk21.com\/ca\/wp-json\/wp\/v2\/categories?post=12074"},{"taxonomy":"post_tag","embeddable":true,"href":"https:\/\/www.risk21.com\/ca\/wp-json\/wp\/v2\/tags?post=12074"}],"curies":[{"name":"wp","href":"https:\/\/api.w.org\/{rel}","templated":true}]}}