{"id":12018,"date":"2023-01-23T08:00:18","date_gmt":"2023-01-23T08:00:18","guid":{"rendered":"https:\/\/www.risk21.com\/?p=12018"},"modified":"2023-01-23T10:37:26","modified_gmt":"2023-01-23T10:37:26","slug":"12009","status":"publish","type":"post","link":"https:\/\/www.risk21.com\/ca\/12009\/","title":{"rendered":"Art&#038;Prevention #12 \u00ab\u00a1Y a\u00fan dicen que el pescado es caro!&#8221;\u00bb"},"content":{"rendered":"<p><strong>ART I RISCOS LABORALS (Divertimento by <a href=\"http:\/\/www.linkedin.com\/in\/oriolbraconsclapes\" target=\"_blank\" rel=\"noopener\">Oriol Bracons<\/a>)<\/strong><\/p>\n<p><strong>\u201c\u00a1Y A\u00daN DICEN QUE EL PESCADO ES CARO!\u201d (<em>\u201cI ENCARA DIUEN QUE EL PEIX \u00c9S CAR!\u201d)<\/em> \u00e9s una obra del pintor FRANCISCO DE <a href=\"https:\/\/historia-arte.com\/artistas\/joaquin-sorolla\" target=\"_blank\" rel=\"noopener\">FRANCISCO DE JOAQUIN SOROLLA y BASTIDA.\u00a0<\/a><\/strong><\/p>\n<p><strong>Any: 1.894<\/strong><\/p>\n<p><strong>T\u00e8cnica: Oli sobre tela<\/strong><\/p>\n<p><strong>Estil: Impressionisme. Den\u00fancia social.<\/strong><\/p>\n<p><strong>Mesures: Alt: 151,5 cm; Ample: 204 cm<\/strong><\/p>\n<p><strong>Es conserva en: <a href=\"https:\/\/www.museodelprado.es\/\" target=\"_blank\" rel=\"noopener\">Museu Nacional del Prado<\/a>, Madrid (Espanya) des de l&#8217;any 1971 <\/strong>(Adquirit inicialment a l&#8217;autor, 1895 pel Museu d&#8217;Art Modern 1895-1971; Museu Espanyol d&#8217;Art Contemporani, fins a 1971; Museu del Prado, des de 1971)<\/p>\n<p>&nbsp;<\/p>\n<p>Res millor per a commemorar el centenari de la mort del gran pintor <strong>Joaqu\u00edn Sorolla i Bastida<\/strong> (1863\u20131923) que dedicar-li des de <strong>\u201cArt &amp; Prevention\u201d<\/strong> una entrada, la que repr\u00e8n l&#8217;activitat al cap d&#8217;un any d&#8217;aturada obligada per la pand\u00e8mia de Covid19.<\/p>\n<p>\u00c9s a dir que he volgut reprendre l&#8217;activitat d&#8217;aquest divertimento amb un de les obres m\u00e9s emblem\u00e0tiques de den\u00fancia social a partir de l&#8217;art. Molt coneguda, molt admirada per\u00f2 segurament mai valorada com ho fem des d&#8217;aquest blog. Analitzant amb una mirada actual els riscos laborals que es detecten\/intueixen en cada obra.<\/p>\n<p>El t\u00edtol del quadre ja \u00e9s tota una declaraci\u00f3 d&#8217;intencions, <a href=\"https:\/\/www.museodelprado.es\/coleccion\/obra-de-arte\/aun-dicen-que-el-pescado-es-caro\/a4fcf4c7-4d54-4e50-9255-25b44f0e0416\" target=\"_blank\" rel=\"noopener\"><strong>\u201cI ENCARA DIUEN QUE EL PEIX \u00c9S CAR!\u201d<\/strong><\/a> ens indica clarament que el tema va en relaci\u00f3 amb les condicions laborals, els riscos i la manera de treballar d&#8217;aquests personatges, pescadors, el fruit del seu treball hauria de ser molt m\u00e9s valorat i pagat.<\/p>\n<p><a href=\"https:\/\/www.risk21.com\/wp-content\/uploads\/2023\/01\/\u00a1Aun-dicen-que-el-pescado-es-caro-detall-medalla.jpg\"><img loading=\"lazy\" decoding=\"async\" class=\"wp-image-12022 alignleft\" src=\"https:\/\/www.risk21.com\/wp-content\/uploads\/2023\/01\/\u00a1Aun-dicen-que-el-pescado-es-caro-detall-medalla.jpg\" alt=\"\" width=\"275\" height=\"240\" srcset=\"https:\/\/www.risk21.com\/wp-content\/uploads\/2023\/01\/\u00a1Aun-dicen-que-el-pescado-es-caro-detall-medalla.jpg 628w, https:\/\/www.risk21.com\/wp-content\/uploads\/2023\/01\/\u00a1Aun-dicen-que-el-pescado-es-caro-detall-medalla-300x262.jpg 300w, https:\/\/www.risk21.com\/wp-content\/uploads\/2023\/01\/\u00a1Aun-dicen-que-el-pescado-es-caro-detall-medalla-24x21.jpg 24w, https:\/\/www.risk21.com\/wp-content\/uploads\/2023\/01\/\u00a1Aun-dicen-que-el-pescado-es-caro-detall-medalla-36x31.jpg 36w, https:\/\/www.risk21.com\/wp-content\/uploads\/2023\/01\/\u00a1Aun-dicen-que-el-pescado-es-caro-detall-medalla-48x42.jpg 48w\" sizes=\"auto, (max-width: 275px) 100vw, 275px\" \/><\/a>Com b\u00e9 descriu Manuel Jes\u00fas Torres en el seu blog <a href=\"https:\/\/artetorre.blogspot.com\/2016\/06\/analisis-y-aun-dicen-que-el-pescado-es.html\" target=\"_blank\" rel=\"noopener\"><strong>ArteTorre<\/strong><\/a>, al celler d&#8217;un vaixell s&#8217;est\u00e0 desenvolupant una tr\u00e0gica escena mar\u00edtima: un jove pescador est\u00e0 greument ferit i est\u00e0 sent socorregut per dos experts companys de treball. A la dreta, un d&#8217;ells sost\u00e9 el cos imm\u00f2bil del noi, mentre que l&#8217;home de camisa groga aplica draps mullats amb aigua sobre el tors nu, pr\u00e8viament mullats en el bol del primer pla. Curiosament l&#8217;adolorit personatge porta sobre el seu pit una notable medalla: amulet de devoci\u00f3 per antonom\u00e0sia. (Possiblement dedicada a la Verge del Carme, patrona dels homes de la mar i de pescadors). Aix\u00f2 ho podr\u00edem interpretar des d\u2019un punt de vista pr\u00e0ctic en el sentit que per a una efectiva protecci\u00f3 dels pescadors mentre treballen cal mantenir mesures de seguretat i prevenci\u00f3 m\u00e9s enll\u00e0 de la fe i\/o confian\u00e7a que cadasc\u00fa tingui.<\/p>\n<p>Per a realitzar aquesta obra, molt probablement Sorolla es va inspirar en la novel\u00b7la del seu amic Blasco Ib\u00e1\u00f1ez titulada &#8220;Flor de Maig&#8221;. Fins i tot en aquesta obra liter\u00e0ria es troba recollit el t\u00edtol del llen\u00e7, concretament en el cap\u00edtol final, quan la tia de Pascualet plora la mort del seu net en les labors de pesca. Deia aix\u00ed: &#8220;Que vinguessin all\u00ed totes les guineus que regatejaven en comprar en la peixateria! Encara els semblava car el peix? A duro havia de costar la lliura&#8230;!&#8221;. Tal vegada aquest quadre no s&#8217;ent\u00e9n sense abans llegir la novel\u00b7la, per\u00f2 la novel\u00b7la no s&#8217;entendria igual sense analitzar aquest quadre.<\/p>\n<p><a href=\"https:\/\/www.risk21.com\/wp-content\/uploads\/2023\/01\/\u00a1Aun-dicen-que-el-pescado-es-caro-detall-caps-1.jpg\"><img loading=\"lazy\" decoding=\"async\" class=\"wp-image-12027 aligncenter\" src=\"https:\/\/www.risk21.com\/wp-content\/uploads\/2023\/01\/\u00a1Aun-dicen-que-el-pescado-es-caro-detall-caps-1-768x373.jpg\" alt=\"\" width=\"519\" height=\"252\" srcset=\"https:\/\/www.risk21.com\/wp-content\/uploads\/2023\/01\/\u00a1Aun-dicen-que-el-pescado-es-caro-detall-caps-1-768x373.jpg 768w, https:\/\/www.risk21.com\/wp-content\/uploads\/2023\/01\/\u00a1Aun-dicen-que-el-pescado-es-caro-detall-caps-1-300x146.jpg 300w, https:\/\/www.risk21.com\/wp-content\/uploads\/2023\/01\/\u00a1Aun-dicen-que-el-pescado-es-caro-detall-caps-1-1024x497.jpg 1024w, https:\/\/www.risk21.com\/wp-content\/uploads\/2023\/01\/\u00a1Aun-dicen-que-el-pescado-es-caro-detall-caps-1-24x12.jpg 24w, https:\/\/www.risk21.com\/wp-content\/uploads\/2023\/01\/\u00a1Aun-dicen-que-el-pescado-es-caro-detall-caps-1-36x17.jpg 36w, https:\/\/www.risk21.com\/wp-content\/uploads\/2023\/01\/\u00a1Aun-dicen-que-el-pescado-es-caro-detall-caps-1-48x23.jpg 48w, https:\/\/www.risk21.com\/wp-content\/uploads\/2023\/01\/\u00a1Aun-dicen-que-el-pescado-es-caro-detall-caps-1.jpg 1163w\" sizes=\"auto, (max-width: 519px) 100vw, 519px\" \/><\/a><\/p>\n<p>M\u00e9s enll\u00e0 del tractament est\u00e8tic i de la llum que magistralment fa Sorolla, una mirada detinguda a l\u2019obra ens impacta pel seu realisme dram\u00e0tic i ens porta a pensar en moltes coses que ens afecten a la nostra vida di\u00e0ria.<\/p>\n<p>Personalment penso que tot i existir una clara millora en les condicions laborals del treballadors de la pesca, el tema \u00e9s actual (amb matisos), i el peix potser no es ven tampoc avui dia (en ple S XXI) al preu que s\u2019hauria de vendre. Tinguem-ho en compte per exemple quan anem a la peixateria.<\/p>\n<p>&nbsp;<\/p>\n<p><strong>M\u00e9s informaci\u00f3 i fonts:<\/strong><\/p>\n<p>MUSEU NACIONAL DEL PRADO. <a href=\"https:\/\/www.museodelprado.es\/coleccion\/obra-de-arte\/aun-dicen-que-el-pescado-es-caro\/a4fcf4c7-4d54-4e50-9255-25b44f0e0416\">https:\/\/www.museodelprado.es\/coleccion\/obra-de-arte\/aun-dicen-que-el-pescado-es-caro\/a4fcf4c7-4d54-4e50-9255-25b44f0e0416<\/a><\/p>\n<p>MUSEU SOROLLA: <a href=\"https:\/\/www.culturaydeporte.gob.es\/msorolla\/inicio.html\">https:\/\/www.culturaydeporte.gob.es\/msorolla\/inicio.html<\/a><\/p>\n<p>PALAU MARTORELL\/EXPO SOROLLA: https:\/\/www.palaumartorell.com\/general-8<\/p>\n<p>ARTETORRE: <a href=\"https:\/\/artetorre.blogspot.com\/2016\/06\/analisis-y-aun-dicen-que-el-pescado-es.html\">https:\/\/artetorre.blogspot.com\/2016\/06\/analisis-y-aun-dicen-que-el-pescado-es.html<\/a><\/p>\n<p>SOROLLA 223: <a href=\"https:\/\/www.sorolla2023.es\/\">https:\/\/www.sorolla2023.es\/<\/a><\/p>\n<p>H\/A! HIST\u00d2RIA DE L&#8217;ART: <a href=\"https:\/\/historia-arte.com\/obras\/aun-dicen-que-el-pescado-es-caro\">https:\/\/historia-arte.com\/obras\/aun-dicen-que-el-pescado-es-caro<\/a><\/p>\n<p>&nbsp;<\/p>\n<p><strong>AN\u00c0LISI DE L&#8217;OBRA I ELS SEUS \u201cRISCOS LABORALS\u201d (criteris actuals):<\/strong><\/p>\n<p>Talls i cops.<\/p>\n<p>Treball a la intemp\u00e8rie<\/p>\n<p>Falta d&#8217;ordre i neteja en l&#8217;espai de treball.<\/p>\n<p>Ensopegades i caigudes.<\/p>\n<p>Moviments repetitius<\/p>\n<p>Postures for\u00e7ades<\/p>\n<p>Inadequada roba de treball.<\/p>\n<p>Falta d&#8217;Equips de Protecci\u00f3 Individual \u2013 EPI (Roba de treball, guants, cal\u00e7at de seguretat, protecci\u00f3 del cap, etc.)<\/p>\n<p>Altres riscos no evidents per\u00f2 dedu\u00efbles: Horaris de treball, treball a la intemp\u00e8rie, deficient formaci\u00f3 per a actual en casos d&#8217;emerg\u00e8ncia,\u2026<\/p>\n<p>&nbsp;<\/p>\n<p><strong>Veure tot <a href=\"https:\/\/www.risk21.com\/ca\/category\/artprevention-ca\/\" target=\"_blank\" rel=\"noopener\">Art&amp;Prevention<\/a><\/strong><\/p>\n<p>#Art&amp;Prevention #PRL #riskxxi #arteyprevencion #prevencionable #oriolbraconsclapes #metodoRHS #SmartSafety @riskxi #sorolla #aundicenqueelpescadoescaro<\/p>\n<p>&nbsp;<\/p>\n","protected":false},"excerpt":{"rendered":"<p>ART I RISCOS LABORALS (Divertimento by Oriol Bracons) \u201c\u00a1Y A\u00daN DICEN QUE EL PESCADO ES CARO!\u201d (\u201cI ENCARA DIUEN QUE EL PEIX \u00c9S CAR!\u201d) \u00e9s una obra del pintor FRANCISCO DE FRANCISCO DE JOAQUIN SOROLLA y BASTIDA.\u00a0 Any: 1.894 T\u00e8cnica: Oli sobre tela Estil: Impressionisme. Den\u00fancia social. Mesures: Alt: 151,5 cm; Ample: 204 cm Es<br \/><a href=\"https:\/\/www.risk21.com\/ca\/12009\/\" class=\"more\">Llegir m\u00e9s<\/a><\/p>\n","protected":false},"author":3,"featured_media":12012,"comment_status":"closed","ping_status":"closed","sticky":false,"template":"","format":"standard","meta":{"footnotes":""},"categories":[278],"tags":[344,535,536,96,534],"class_list":["post-12018","post","type-post","status-publish","format-standard","has-post-thumbnail","hentry","category-artprevention-ca","tag-artprevention-ca","tag-aun-dicen-que-el-pescado-es-caro","tag-museo-del-prado","tag-prl-ca","tag-sorolla"],"yoast_head":"<!-- This site is optimized with the Yoast SEO plugin v25.3.1 - https:\/\/yoast.com\/wordpress\/plugins\/seo\/ -->\n<title>Art&amp;Prevention #12 \u00ab\u00a1Y a\u00fan dicen que el pescado es caro!&quot;\u00bb - Risk XXI<\/title>\n<meta name=\"robots\" content=\"index, follow, max-snippet:-1, max-image-preview:large, max-video-preview:-1\" \/>\n<link rel=\"canonical\" href=\"https:\/\/www.risk21.com\/ca\/12009\/\" \/>\n<meta property=\"og:locale\" content=\"ca_ES\" \/>\n<meta property=\"og:type\" content=\"article\" \/>\n<meta property=\"og:title\" content=\"Art&amp;Prevention #12 \u00ab\u00a1Y a\u00fan dicen que el pescado es caro!&quot;\u00bb - Risk XXI\" \/>\n<meta property=\"og:description\" content=\"ART I RISCOS LABORALS (Divertimento by Oriol Bracons) \u201c\u00a1Y A\u00daN DICEN QUE EL PESCADO ES CARO!\u201d (\u201cI ENCARA DIUEN QUE EL PEIX \u00c9S CAR!\u201d) \u00e9s una obra del pintor FRANCISCO DE FRANCISCO DE JOAQUIN SOROLLA y BASTIDA.\u00a0 Any: 1.894 T\u00e8cnica: Oli sobre tela Estil: Impressionisme. Den\u00fancia social. Mesures: Alt: 151,5 cm; Ample: 204 cm EsLlegir m\u00e9s\" \/>\n<meta property=\"og:url\" content=\"https:\/\/www.risk21.com\/ca\/12009\/\" \/>\n<meta property=\"og:site_name\" content=\"Risk XXI\" \/>\n<meta property=\"article:published_time\" content=\"2023-01-23T08:00:18+00:00\" \/>\n<meta property=\"article:modified_time\" content=\"2023-01-23T10:37:26+00:00\" \/>\n<meta property=\"og:image\" content=\"https:\/\/www.risk21.com\/wp-content\/uploads\/2023\/01\/\u00a1Aun-dicen-que-el-pescado-es-caro.jpg\" \/>\n\t<meta property=\"og:image:width\" content=\"1920\" \/>\n\t<meta property=\"og:image:height\" content=\"1442\" \/>\n\t<meta property=\"og:image:type\" content=\"image\/jpeg\" \/>\n<meta name=\"author\" content=\"Risk XXI - Comunicacion\" \/>\n<meta name=\"twitter:card\" content=\"summary_large_image\" \/>\n<meta name=\"twitter:label1\" content=\"Escrit per\" \/>\n\t<meta name=\"twitter:data1\" content=\"Risk XXI - Comunicacion\" \/>\n\t<meta name=\"twitter:label2\" content=\"Temps estimat de lectura\" \/>\n\t<meta name=\"twitter:data2\" content=\"4 minuts\" \/>\n<script type=\"application\/ld+json\" class=\"yoast-schema-graph\">{\"@context\":\"https:\/\/schema.org\",\"@graph\":[{\"@type\":\"WebPage\",\"@id\":\"https:\/\/www.risk21.com\/ca\/12009\/\",\"url\":\"https:\/\/www.risk21.com\/ca\/12009\/\",\"name\":\"Art&Prevention #12 \u00ab\u00a1Y a\u00fan dicen que el pescado es caro!\\\"\u00bb - Risk XXI\",\"isPartOf\":{\"@id\":\"https:\/\/www.risk21.com\/#website\"},\"primaryImageOfPage\":{\"@id\":\"https:\/\/www.risk21.com\/ca\/12009\/#primaryimage\"},\"image\":{\"@id\":\"https:\/\/www.risk21.com\/ca\/12009\/#primaryimage\"},\"thumbnailUrl\":\"https:\/\/www.risk21.com\/wp-content\/uploads\/2023\/01\/\u00a1Aun-dicen-que-el-pescado-es-caro.jpg\",\"datePublished\":\"2023-01-23T08:00:18+00:00\",\"dateModified\":\"2023-01-23T10:37:26+00:00\",\"author\":{\"@id\":\"https:\/\/www.risk21.com\/#\/schema\/person\/541ded27b075c85a124af6989fc72b1d\"},\"breadcrumb\":{\"@id\":\"https:\/\/www.risk21.com\/ca\/12009\/#breadcrumb\"},\"inLanguage\":\"ca\",\"potentialAction\":[{\"@type\":\"ReadAction\",\"target\":[\"https:\/\/www.risk21.com\/ca\/12009\/\"]}]},{\"@type\":\"ImageObject\",\"inLanguage\":\"ca\",\"@id\":\"https:\/\/www.risk21.com\/ca\/12009\/#primaryimage\",\"url\":\"https:\/\/www.risk21.com\/wp-content\/uploads\/2023\/01\/\u00a1Aun-dicen-que-el-pescado-es-caro.jpg\",\"contentUrl\":\"https:\/\/www.risk21.com\/wp-content\/uploads\/2023\/01\/\u00a1Aun-dicen-que-el-pescado-es-caro.jpg\",\"width\":1920,\"height\":1442},{\"@type\":\"BreadcrumbList\",\"@id\":\"https:\/\/www.risk21.com\/ca\/12009\/#breadcrumb\",\"itemListElement\":[{\"@type\":\"ListItem\",\"position\":1,\"name\":\"Portada\",\"item\":\"https:\/\/www.risk21.com\/ca\/\"},{\"@type\":\"ListItem\",\"position\":2,\"name\":\"Art&#038;Prevention #12 \u00ab\u00a1Y a\u00fan dicen que el pescado es caro!\u00bb\u00bb\"}]},{\"@type\":\"WebSite\",\"@id\":\"https:\/\/www.risk21.com\/#website\",\"url\":\"https:\/\/www.risk21.com\/\",\"name\":\"Risk XXI\",\"description\":\"Prl &amp; Services\",\"potentialAction\":[{\"@type\":\"SearchAction\",\"target\":{\"@type\":\"EntryPoint\",\"urlTemplate\":\"https:\/\/www.risk21.com\/?s={search_term_string}\"},\"query-input\":{\"@type\":\"PropertyValueSpecification\",\"valueRequired\":true,\"valueName\":\"search_term_string\"}}],\"inLanguage\":\"ca\"},{\"@type\":\"Person\",\"@id\":\"https:\/\/www.risk21.com\/#\/schema\/person\/541ded27b075c85a124af6989fc72b1d\",\"name\":\"Risk XXI - Comunicacion\",\"url\":\"https:\/\/www.risk21.com\/ca\/author\/comunicacion\/\"}]}<\/script>\n<!-- \/ Yoast SEO plugin. -->","yoast_head_json":{"title":"Art&Prevention #12 \u00ab\u00a1Y a\u00fan dicen que el pescado es caro!\"\u00bb - Risk XXI","robots":{"index":"index","follow":"follow","max-snippet":"max-snippet:-1","max-image-preview":"max-image-preview:large","max-video-preview":"max-video-preview:-1"},"canonical":"https:\/\/www.risk21.com\/ca\/12009\/","og_locale":"ca_ES","og_type":"article","og_title":"Art&Prevention #12 \u00ab\u00a1Y a\u00fan dicen que el pescado es caro!\"\u00bb - Risk XXI","og_description":"ART I RISCOS LABORALS (Divertimento by Oriol Bracons) \u201c\u00a1Y A\u00daN DICEN QUE EL PESCADO ES CARO!\u201d (\u201cI ENCARA DIUEN QUE EL PEIX \u00c9S CAR!\u201d) \u00e9s una obra del pintor FRANCISCO DE FRANCISCO DE JOAQUIN SOROLLA y BASTIDA.\u00a0 Any: 1.894 T\u00e8cnica: Oli sobre tela Estil: Impressionisme. Den\u00fancia social. Mesures: Alt: 151,5 cm; Ample: 204 cm EsLlegir m\u00e9s","og_url":"https:\/\/www.risk21.com\/ca\/12009\/","og_site_name":"Risk XXI","article_published_time":"2023-01-23T08:00:18+00:00","article_modified_time":"2023-01-23T10:37:26+00:00","og_image":[{"width":1920,"height":1442,"url":"https:\/\/www.risk21.com\/wp-content\/uploads\/2023\/01\/\u00a1Aun-dicen-que-el-pescado-es-caro.jpg","type":"image\/jpeg"}],"author":"Risk XXI - Comunicacion","twitter_card":"summary_large_image","twitter_misc":{"Escrit per":"Risk XXI - Comunicacion","Temps estimat de lectura":"4 minuts"},"schema":{"@context":"https:\/\/schema.org","@graph":[{"@type":"WebPage","@id":"https:\/\/www.risk21.com\/ca\/12009\/","url":"https:\/\/www.risk21.com\/ca\/12009\/","name":"Art&Prevention #12 \u00ab\u00a1Y a\u00fan dicen que el pescado es caro!\"\u00bb - Risk XXI","isPartOf":{"@id":"https:\/\/www.risk21.com\/#website"},"primaryImageOfPage":{"@id":"https:\/\/www.risk21.com\/ca\/12009\/#primaryimage"},"image":{"@id":"https:\/\/www.risk21.com\/ca\/12009\/#primaryimage"},"thumbnailUrl":"https:\/\/www.risk21.com\/wp-content\/uploads\/2023\/01\/\u00a1Aun-dicen-que-el-pescado-es-caro.jpg","datePublished":"2023-01-23T08:00:18+00:00","dateModified":"2023-01-23T10:37:26+00:00","author":{"@id":"https:\/\/www.risk21.com\/#\/schema\/person\/541ded27b075c85a124af6989fc72b1d"},"breadcrumb":{"@id":"https:\/\/www.risk21.com\/ca\/12009\/#breadcrumb"},"inLanguage":"ca","potentialAction":[{"@type":"ReadAction","target":["https:\/\/www.risk21.com\/ca\/12009\/"]}]},{"@type":"ImageObject","inLanguage":"ca","@id":"https:\/\/www.risk21.com\/ca\/12009\/#primaryimage","url":"https:\/\/www.risk21.com\/wp-content\/uploads\/2023\/01\/\u00a1Aun-dicen-que-el-pescado-es-caro.jpg","contentUrl":"https:\/\/www.risk21.com\/wp-content\/uploads\/2023\/01\/\u00a1Aun-dicen-que-el-pescado-es-caro.jpg","width":1920,"height":1442},{"@type":"BreadcrumbList","@id":"https:\/\/www.risk21.com\/ca\/12009\/#breadcrumb","itemListElement":[{"@type":"ListItem","position":1,"name":"Portada","item":"https:\/\/www.risk21.com\/ca\/"},{"@type":"ListItem","position":2,"name":"Art&#038;Prevention #12 \u00ab\u00a1Y a\u00fan dicen que el pescado es caro!\u00bb\u00bb"}]},{"@type":"WebSite","@id":"https:\/\/www.risk21.com\/#website","url":"https:\/\/www.risk21.com\/","name":"Risk XXI","description":"Prl &amp; Services","potentialAction":[{"@type":"SearchAction","target":{"@type":"EntryPoint","urlTemplate":"https:\/\/www.risk21.com\/?s={search_term_string}"},"query-input":{"@type":"PropertyValueSpecification","valueRequired":true,"valueName":"search_term_string"}}],"inLanguage":"ca"},{"@type":"Person","@id":"https:\/\/www.risk21.com\/#\/schema\/person\/541ded27b075c85a124af6989fc72b1d","name":"Risk XXI - Comunicacion","url":"https:\/\/www.risk21.com\/ca\/author\/comunicacion\/"}]}},"_links":{"self":[{"href":"https:\/\/www.risk21.com\/ca\/wp-json\/wp\/v2\/posts\/12018","targetHints":{"allow":["GET"]}}],"collection":[{"href":"https:\/\/www.risk21.com\/ca\/wp-json\/wp\/v2\/posts"}],"about":[{"href":"https:\/\/www.risk21.com\/ca\/wp-json\/wp\/v2\/types\/post"}],"author":[{"embeddable":true,"href":"https:\/\/www.risk21.com\/ca\/wp-json\/wp\/v2\/users\/3"}],"replies":[{"embeddable":true,"href":"https:\/\/www.risk21.com\/ca\/wp-json\/wp\/v2\/comments?post=12018"}],"version-history":[{"count":6,"href":"https:\/\/www.risk21.com\/ca\/wp-json\/wp\/v2\/posts\/12018\/revisions"}],"predecessor-version":[{"id":12032,"href":"https:\/\/www.risk21.com\/ca\/wp-json\/wp\/v2\/posts\/12018\/revisions\/12032"}],"wp:featuredmedia":[{"embeddable":true,"href":"https:\/\/www.risk21.com\/ca\/wp-json\/wp\/v2\/media\/12012"}],"wp:attachment":[{"href":"https:\/\/www.risk21.com\/ca\/wp-json\/wp\/v2\/media?parent=12018"}],"wp:term":[{"taxonomy":"category","embeddable":true,"href":"https:\/\/www.risk21.com\/ca\/wp-json\/wp\/v2\/categories?post=12018"},{"taxonomy":"post_tag","embeddable":true,"href":"https:\/\/www.risk21.com\/ca\/wp-json\/wp\/v2\/tags?post=12018"}],"curies":[{"name":"wp","href":"https:\/\/api.w.org\/{rel}","templated":true}]}}