{"id":12006,"date":"2023-01-18T17:00:43","date_gmt":"2023-01-18T17:00:43","guid":{"rendered":"https:\/\/www.risk21.com\/?p=12006"},"modified":"2023-01-18T12:03:41","modified_gmt":"2023-01-18T12:03:41","slug":"cambios-importantes-bonificacion-de-la-formacion-en-materia-de-prl","status":"publish","type":"post","link":"https:\/\/www.risk21.com\/ca\/cambios-importantes-bonificacion-de-la-formacion-en-materia-de-prl\/","title":{"rendered":"Canvis importants: Bonificaci\u00f3 de la formaci\u00f3 en mat\u00e8ria de PRL."},"content":{"rendered":"<p><em>Font: <a href=\"https:\/\/www.pimec.org\/ca\/institucio\/actualitat\/noticies\/bonificacio-formacio-materia-prevencio-riscos-laborals\" target=\"_blank\" rel=\"noopener\"><strong>Pimec<\/strong><\/a><\/em><\/p>\n<p>L&#8217;Audi\u00e8ncia Nacional ha dictat recentment una sent\u00e8ncia, derivada d&#8217;una inspecci\u00f3 de Treball, sobre la bonificaci\u00f3 d&#8217;accions formatives de prevenci\u00f3 de riscos laborals. Segons aquesta sent\u00e8ncia, que avala els arguments de la Inspecci\u00f3 de Treball, <strong>la formaci\u00f3 de car\u00e0cter obligatori de PRL no pot ser bonificable.<\/strong><\/p>\n<p>&nbsp;<\/p>\n<p><a href=\"https:\/\/www.risk21.com\/wp-content\/uploads\/2023\/01\/Tribunals.jpg\"><img loading=\"lazy\" decoding=\"async\" class=\"wp-image-12002 alignleft\" src=\"https:\/\/www.risk21.com\/wp-content\/uploads\/2023\/01\/Tribunals.jpg\" alt=\"\" width=\"164\" height=\"164\" srcset=\"https:\/\/www.risk21.com\/wp-content\/uploads\/2023\/01\/Tribunals.jpg 120w, https:\/\/www.risk21.com\/wp-content\/uploads\/2023\/01\/Tribunals-150x150.jpg 150w, https:\/\/www.risk21.com\/wp-content\/uploads\/2023\/01\/Tribunals-768x768.jpg 768w, https:\/\/www.risk21.com\/wp-content\/uploads\/2023\/01\/Tribunals-570x570.jpg 570w, https:\/\/www.risk21.com\/wp-content\/uploads\/2023\/01\/Tribunals-24x24.jpg 24w, https:\/\/www.risk21.com\/wp-content\/uploads\/2023\/01\/Tribunals-36x36.jpg 36w, https:\/\/www.risk21.com\/wp-content\/uploads\/2023\/01\/Tribunals-48x48.jpg 48w\" sizes=\"auto, (max-width: 164px) 100vw, 164px\" \/><\/a>De forma resumida, la sent\u00e8ncia estableix la difer\u00e8ncia entre la formaci\u00f3 definida segons art. 8.2 de la Llei 30\/2015, de 9 de setembre, per la qual es regula el Sistema de Formaci\u00f3 Professional per a l&#8217;Ocupaci\u00f3, i la formaci\u00f3 dirigida al compliment de les obligacions legals en mat\u00e8ria de PRL. Aquesta formaci\u00f3, que s&#8217;emmarca dins de l&#8217;article 19 de l&#8217;Estatut dels Treballadors, t\u00e9 un car\u00e0cter obligatori i, per tant, segons la sent\u00e8ncia, no pot considerar-se dins del marc regulador de la Formaci\u00f3 Professional per a l&#8217;Ocupaci\u00f3. Segons la sent\u00e8ncia, nom\u00e9s les accions que puguin qualificar-se com a formaci\u00f3 per l&#8217;ocupaci\u00f3 podrien beneficiar-se del r\u00e8gim de bonificacions previst en l&#8217;article 7.3 a) del Reial decret llei 4\/2015 de 22 de mar\u00e7. Aix\u00ed mateix, la sent\u00e8ncia tamb\u00e9 estableix que la formaci\u00f3 de PRL de car\u00e0cter transversal considerada priorit\u00e0ria, \u00e9s a dir, no espec\u00edfica d&#8217;una \u00e0rea o categoria concreta i de car\u00e0cter no obligatori, no podr\u00e0 superar les 6 hores de durada, segons l&#8217;article 7 de l&#8217;Ordre TAS\/2307\/2007.<\/p>\n<p>Si b\u00e9 la pr\u00f2pia<strong>\u00a0<a href=\"https:\/\/www.fundae.es\/\" target=\"_blank\" rel=\"noopener\">FUNDAE<\/a> <\/strong>avalava la bonificaci\u00f3 d&#8217;aquesta mena de formaci\u00f3 segons un informe em\u00e8s l&#8217;any 2018 i, fins ara, no posa cap impediment o condicionant a l&#8217;aplicaci\u00f3 de la bonificaci\u00f3 per aquesta formaci\u00f3, la sent\u00e8ncia del &#8216;Audi\u00e8ncia Nacional estableix un marc regulador diferent i contrari a la pr\u00e0ctica aplicada per <strong>FUNDAE.<\/strong><\/p>\n<blockquote><p><strong>El nostre consell expert als clients \u00e9s no bonificar aquest tipus de formaci\u00f3 fins que la interpretaci\u00f3 de la normativa sigui uniforme a tots els nivells.<\/strong><\/p><\/blockquote>\n<p>No obstant aix\u00f2, segons l&#8217;exposici\u00f3 de motius de la sent\u00e8ncia, aquests podrien ser interpretats en altres \u00e0mbits diferents als de prevenci\u00f3 de riscos i posar en dubte la bonificaci\u00f3 de formaci\u00f3 obligat\u00f2ria en altres sectors.<\/p>\n<p>Davant la situaci\u00f3 d&#8217;incertesa legal generada, i fins que <strong>FUNDAE <\/strong>(Fundaci\u00f3n Estatal para la Formaci\u00f3n en el Empleo) y\u00a0 \u00a0<a href=\"https:\/\/www.sepe.es\/HomeSepe\" target=\"_blank\" rel=\"noopener\"><strong>SEPE<\/strong><\/a> (Servicio Publico de Empleo Estatal) no defineixin un posicionament clar sobre aquest tema, la pol\u00edtica de <strong>RISK XXI \u2013 Prl &amp; Services \/ Formaci\u00f3<\/strong> \u00e9s no gestionar les bonificacions derivades del tipus de formaci\u00f3 definit en aquesta sent\u00e8ncia. I el nostre consell expert als clients \u00e9s no bonificar aquest tipus de formaci\u00f3 fins que la interpretaci\u00f3 de la normativa sigui uniforme a tots els nivells.<\/p>\n<p>Des de <strong>RISK XXI \u2013 Prl &amp; Services \/ Formaci\u00f3<\/strong> us mantindrem informats de qualsevol novetat que es produeixi sobre aquest tema, quedant a la disposici\u00f3 dels nostres clients per a qualsevol dubte o aclariment.<\/p>\n<p>M\u00e9s informaci\u00f3: <a href=\"mailto:formacio@risk21.com\">formacio@risk21.com<\/a><\/p>\n<p>&nbsp;<\/p>\n<p>&nbsp;<\/p>\n","protected":false},"excerpt":{"rendered":"<p>Font: Pimec L&#8217;Audi\u00e8ncia Nacional ha dictat recentment una sent\u00e8ncia, derivada d&#8217;una inspecci\u00f3 de Treball, sobre la bonificaci\u00f3 d&#8217;accions formatives de prevenci\u00f3 de riscos laborals. Segons aquesta sent\u00e8ncia, que avala els arguments de la Inspecci\u00f3 de Treball, la formaci\u00f3 de car\u00e0cter obligatori de PRL no pot ser bonificable. &nbsp; De forma resumida, la sent\u00e8ncia estableix la<br \/><a href=\"https:\/\/www.risk21.com\/ca\/cambios-importantes-bonificacion-de-la-formacion-en-materia-de-prl\/\" class=\"more\">Llegir m\u00e9s<\/a><\/p>\n","protected":false},"author":3,"featured_media":12000,"comment_status":"closed","ping_status":"closed","sticky":false,"template":"","format":"standard","meta":{"footnotes":""},"categories":[91],"tags":[533,530,531,96,532],"class_list":["post-12006","post","type-post","status-publish","format-standard","has-post-thumbnail","hentry","category-noticies-ca","tag-bonificacio","tag-bonificacion-ca","tag-fundae-ca","tag-prl-ca","tag-sentencia-ca"],"yoast_head":"<!-- This site is optimized with the Yoast SEO plugin v25.3.1 - https:\/\/yoast.com\/wordpress\/plugins\/seo\/ -->\n<title>Canvis importants: Bonificaci\u00f3 de la formaci\u00f3 en mat\u00e8ria de PRL. - Risk XXI<\/title>\n<meta name=\"robots\" content=\"index, follow, max-snippet:-1, max-image-preview:large, max-video-preview:-1\" \/>\n<link rel=\"canonical\" href=\"https:\/\/www.risk21.com\/cambios-importantes-bonificacion-de-la-formacion-en-materia-de-prl\/\" \/>\n<meta property=\"og:locale\" content=\"ca_ES\" \/>\n<meta property=\"og:type\" content=\"article\" \/>\n<meta property=\"og:title\" content=\"Canvis importants: Bonificaci\u00f3 de la formaci\u00f3 en mat\u00e8ria de PRL. - Risk XXI\" \/>\n<meta property=\"og:description\" content=\"Font: Pimec L&#8217;Audi\u00e8ncia Nacional ha dictat recentment una sent\u00e8ncia, derivada d&#8217;una inspecci\u00f3 de Treball, sobre la bonificaci\u00f3 d&#8217;accions formatives de prevenci\u00f3 de riscos laborals. Segons aquesta sent\u00e8ncia, que avala els arguments de la Inspecci\u00f3 de Treball, la formaci\u00f3 de car\u00e0cter obligatori de PRL no pot ser bonificable. &nbsp; De forma resumida, la sent\u00e8ncia estableix laLlegir m\u00e9s\" \/>\n<meta property=\"og:url\" content=\"https:\/\/www.risk21.com\/cambios-importantes-bonificacion-de-la-formacion-en-materia-de-prl\/\" \/>\n<meta property=\"og:site_name\" content=\"Risk XXI\" \/>\n<meta property=\"article:published_time\" content=\"2023-01-18T17:00:43+00:00\" \/>\n<meta property=\"og:image\" content=\"https:\/\/www.risk21.com\/wp-content\/uploads\/2023\/01\/aula.jpg\" \/>\n\t<meta property=\"og:image:width\" content=\"2159\" \/>\n\t<meta property=\"og:image:height\" content=\"1714\" \/>\n\t<meta property=\"og:image:type\" content=\"image\/jpeg\" \/>\n<meta name=\"author\" content=\"Risk XXI - Comunicacion\" \/>\n<meta name=\"twitter:card\" content=\"summary_large_image\" \/>\n<meta name=\"twitter:label1\" content=\"Escrit per\" \/>\n\t<meta name=\"twitter:data1\" content=\"Risk XXI - Comunicacion\" \/>\n\t<meta name=\"twitter:label2\" content=\"Temps estimat de lectura\" \/>\n\t<meta name=\"twitter:data2\" content=\"2 minuts\" \/>\n<script type=\"application\/ld+json\" class=\"yoast-schema-graph\">{\"@context\":\"https:\/\/schema.org\",\"@graph\":[{\"@type\":\"WebPage\",\"@id\":\"https:\/\/www.risk21.com\/cambios-importantes-bonificacion-de-la-formacion-en-materia-de-prl\/\",\"url\":\"https:\/\/www.risk21.com\/cambios-importantes-bonificacion-de-la-formacion-en-materia-de-prl\/\",\"name\":\"Canvis importants: Bonificaci\u00f3 de la formaci\u00f3 en mat\u00e8ria de PRL. - Risk XXI\",\"isPartOf\":{\"@id\":\"https:\/\/www.risk21.com\/#website\"},\"primaryImageOfPage\":{\"@id\":\"https:\/\/www.risk21.com\/cambios-importantes-bonificacion-de-la-formacion-en-materia-de-prl\/#primaryimage\"},\"image\":{\"@id\":\"https:\/\/www.risk21.com\/cambios-importantes-bonificacion-de-la-formacion-en-materia-de-prl\/#primaryimage\"},\"thumbnailUrl\":\"https:\/\/www.risk21.com\/wp-content\/uploads\/2023\/01\/aula.jpg\",\"datePublished\":\"2023-01-18T17:00:43+00:00\",\"author\":{\"@id\":\"https:\/\/www.risk21.com\/#\/schema\/person\/541ded27b075c85a124af6989fc72b1d\"},\"breadcrumb\":{\"@id\":\"https:\/\/www.risk21.com\/cambios-importantes-bonificacion-de-la-formacion-en-materia-de-prl\/#breadcrumb\"},\"inLanguage\":\"ca\",\"potentialAction\":[{\"@type\":\"ReadAction\",\"target\":[\"https:\/\/www.risk21.com\/cambios-importantes-bonificacion-de-la-formacion-en-materia-de-prl\/\"]}]},{\"@type\":\"ImageObject\",\"inLanguage\":\"ca\",\"@id\":\"https:\/\/www.risk21.com\/cambios-importantes-bonificacion-de-la-formacion-en-materia-de-prl\/#primaryimage\",\"url\":\"https:\/\/www.risk21.com\/wp-content\/uploads\/2023\/01\/aula.jpg\",\"contentUrl\":\"https:\/\/www.risk21.com\/wp-content\/uploads\/2023\/01\/aula.jpg\",\"width\":2159,\"height\":1714},{\"@type\":\"BreadcrumbList\",\"@id\":\"https:\/\/www.risk21.com\/cambios-importantes-bonificacion-de-la-formacion-en-materia-de-prl\/#breadcrumb\",\"itemListElement\":[{\"@type\":\"ListItem\",\"position\":1,\"name\":\"Portada\",\"item\":\"https:\/\/www.risk21.com\/ca\/\"},{\"@type\":\"ListItem\",\"position\":2,\"name\":\"Canvis importants: Bonificaci\u00f3 de la formaci\u00f3 en mat\u00e8ria de PRL.\"}]},{\"@type\":\"WebSite\",\"@id\":\"https:\/\/www.risk21.com\/#website\",\"url\":\"https:\/\/www.risk21.com\/\",\"name\":\"Risk XXI\",\"description\":\"Prl &amp; Services\",\"potentialAction\":[{\"@type\":\"SearchAction\",\"target\":{\"@type\":\"EntryPoint\",\"urlTemplate\":\"https:\/\/www.risk21.com\/?s={search_term_string}\"},\"query-input\":{\"@type\":\"PropertyValueSpecification\",\"valueRequired\":true,\"valueName\":\"search_term_string\"}}],\"inLanguage\":\"ca\"},{\"@type\":\"Person\",\"@id\":\"https:\/\/www.risk21.com\/#\/schema\/person\/541ded27b075c85a124af6989fc72b1d\",\"name\":\"Risk XXI - Comunicacion\",\"url\":\"https:\/\/www.risk21.com\/ca\/author\/comunicacion\/\"}]}<\/script>\n<!-- \/ Yoast SEO plugin. -->","yoast_head_json":{"title":"Canvis importants: Bonificaci\u00f3 de la formaci\u00f3 en mat\u00e8ria de PRL. - Risk XXI","robots":{"index":"index","follow":"follow","max-snippet":"max-snippet:-1","max-image-preview":"max-image-preview:large","max-video-preview":"max-video-preview:-1"},"canonical":"https:\/\/www.risk21.com\/cambios-importantes-bonificacion-de-la-formacion-en-materia-de-prl\/","og_locale":"ca_ES","og_type":"article","og_title":"Canvis importants: Bonificaci\u00f3 de la formaci\u00f3 en mat\u00e8ria de PRL. - Risk XXI","og_description":"Font: Pimec L&#8217;Audi\u00e8ncia Nacional ha dictat recentment una sent\u00e8ncia, derivada d&#8217;una inspecci\u00f3 de Treball, sobre la bonificaci\u00f3 d&#8217;accions formatives de prevenci\u00f3 de riscos laborals. Segons aquesta sent\u00e8ncia, que avala els arguments de la Inspecci\u00f3 de Treball, la formaci\u00f3 de car\u00e0cter obligatori de PRL no pot ser bonificable. &nbsp; De forma resumida, la sent\u00e8ncia estableix laLlegir m\u00e9s","og_url":"https:\/\/www.risk21.com\/cambios-importantes-bonificacion-de-la-formacion-en-materia-de-prl\/","og_site_name":"Risk XXI","article_published_time":"2023-01-18T17:00:43+00:00","og_image":[{"width":2159,"height":1714,"url":"https:\/\/www.risk21.com\/wp-content\/uploads\/2023\/01\/aula.jpg","type":"image\/jpeg"}],"author":"Risk XXI - Comunicacion","twitter_card":"summary_large_image","twitter_misc":{"Escrit per":"Risk XXI - Comunicacion","Temps estimat de lectura":"2 minuts"},"schema":{"@context":"https:\/\/schema.org","@graph":[{"@type":"WebPage","@id":"https:\/\/www.risk21.com\/cambios-importantes-bonificacion-de-la-formacion-en-materia-de-prl\/","url":"https:\/\/www.risk21.com\/cambios-importantes-bonificacion-de-la-formacion-en-materia-de-prl\/","name":"Canvis importants: Bonificaci\u00f3 de la formaci\u00f3 en mat\u00e8ria de PRL. - Risk XXI","isPartOf":{"@id":"https:\/\/www.risk21.com\/#website"},"primaryImageOfPage":{"@id":"https:\/\/www.risk21.com\/cambios-importantes-bonificacion-de-la-formacion-en-materia-de-prl\/#primaryimage"},"image":{"@id":"https:\/\/www.risk21.com\/cambios-importantes-bonificacion-de-la-formacion-en-materia-de-prl\/#primaryimage"},"thumbnailUrl":"https:\/\/www.risk21.com\/wp-content\/uploads\/2023\/01\/aula.jpg","datePublished":"2023-01-18T17:00:43+00:00","author":{"@id":"https:\/\/www.risk21.com\/#\/schema\/person\/541ded27b075c85a124af6989fc72b1d"},"breadcrumb":{"@id":"https:\/\/www.risk21.com\/cambios-importantes-bonificacion-de-la-formacion-en-materia-de-prl\/#breadcrumb"},"inLanguage":"ca","potentialAction":[{"@type":"ReadAction","target":["https:\/\/www.risk21.com\/cambios-importantes-bonificacion-de-la-formacion-en-materia-de-prl\/"]}]},{"@type":"ImageObject","inLanguage":"ca","@id":"https:\/\/www.risk21.com\/cambios-importantes-bonificacion-de-la-formacion-en-materia-de-prl\/#primaryimage","url":"https:\/\/www.risk21.com\/wp-content\/uploads\/2023\/01\/aula.jpg","contentUrl":"https:\/\/www.risk21.com\/wp-content\/uploads\/2023\/01\/aula.jpg","width":2159,"height":1714},{"@type":"BreadcrumbList","@id":"https:\/\/www.risk21.com\/cambios-importantes-bonificacion-de-la-formacion-en-materia-de-prl\/#breadcrumb","itemListElement":[{"@type":"ListItem","position":1,"name":"Portada","item":"https:\/\/www.risk21.com\/ca\/"},{"@type":"ListItem","position":2,"name":"Canvis importants: Bonificaci\u00f3 de la formaci\u00f3 en mat\u00e8ria de PRL."}]},{"@type":"WebSite","@id":"https:\/\/www.risk21.com\/#website","url":"https:\/\/www.risk21.com\/","name":"Risk XXI","description":"Prl &amp; Services","potentialAction":[{"@type":"SearchAction","target":{"@type":"EntryPoint","urlTemplate":"https:\/\/www.risk21.com\/?s={search_term_string}"},"query-input":{"@type":"PropertyValueSpecification","valueRequired":true,"valueName":"search_term_string"}}],"inLanguage":"ca"},{"@type":"Person","@id":"https:\/\/www.risk21.com\/#\/schema\/person\/541ded27b075c85a124af6989fc72b1d","name":"Risk XXI - Comunicacion","url":"https:\/\/www.risk21.com\/ca\/author\/comunicacion\/"}]}},"_links":{"self":[{"href":"https:\/\/www.risk21.com\/ca\/wp-json\/wp\/v2\/posts\/12006","targetHints":{"allow":["GET"]}}],"collection":[{"href":"https:\/\/www.risk21.com\/ca\/wp-json\/wp\/v2\/posts"}],"about":[{"href":"https:\/\/www.risk21.com\/ca\/wp-json\/wp\/v2\/types\/post"}],"author":[{"embeddable":true,"href":"https:\/\/www.risk21.com\/ca\/wp-json\/wp\/v2\/users\/3"}],"replies":[{"embeddable":true,"href":"https:\/\/www.risk21.com\/ca\/wp-json\/wp\/v2\/comments?post=12006"}],"version-history":[{"count":2,"href":"https:\/\/www.risk21.com\/ca\/wp-json\/wp\/v2\/posts\/12006\/revisions"}],"predecessor-version":[{"id":12008,"href":"https:\/\/www.risk21.com\/ca\/wp-json\/wp\/v2\/posts\/12006\/revisions\/12008"}],"wp:featuredmedia":[{"embeddable":true,"href":"https:\/\/www.risk21.com\/ca\/wp-json\/wp\/v2\/media\/12000"}],"wp:attachment":[{"href":"https:\/\/www.risk21.com\/ca\/wp-json\/wp\/v2\/media?parent=12006"}],"wp:term":[{"taxonomy":"category","embeddable":true,"href":"https:\/\/www.risk21.com\/ca\/wp-json\/wp\/v2\/categories?post=12006"},{"taxonomy":"post_tag","embeddable":true,"href":"https:\/\/www.risk21.com\/ca\/wp-json\/wp\/v2\/tags?post=12006"}],"curies":[{"name":"wp","href":"https:\/\/api.w.org\/{rel}","templated":true}]}}