{"id":11914,"date":"2022-09-27T00:01:14","date_gmt":"2022-09-27T00:01:14","guid":{"rendered":"https:\/\/www.risk21.com\/?p=11914"},"modified":"2022-09-21T11:56:48","modified_gmt":"2022-09-21T11:56:48","slug":"eduard-rodes-director-de-la-escola-europea-intermodal-de-transport","status":"publish","type":"post","link":"https:\/\/www.risk21.com\/ca\/eduard-rodes-director-de-la-escola-europea-intermodal-de-transport\/","title":{"rendered":"EDUARD ROD\u00c9S \u2013 Director de la \u201cEscola Europea \u2013 Intermodal de transport\u201d"},"content":{"rendered":"<p><strong>Hola Eduard, pot presentar-se vost\u00e8 mateix Qui \u00e9s <a href=\"https:\/\/es.linkedin.com\/in\/eduardrodes\" target=\"_blank\" rel=\"noopener\">Eduard Rod\u00e9s<\/a>? Quina \u00e9s la seva traject\u00f2ria professional?<\/strong><\/p>\n<p>La primera pregunta no hauria de ser dif\u00edcil de contestar, per\u00f2 plantejada en singular, demanant una \u00fanica definici\u00f3, \u00e9s de resposta complexa. Per sort tinc diversos perfils que tenen poc a veure els uns amb els altres. Si responc des d&#8217;una perspectiva emocional diria que soc compositor, que la m\u00fasica m&#8217;ha acompanyat tota la vida i que pel que se&#8217;m recordar\u00e0, suposant que se&#8217;m recordi per alguna cosa, ser\u00e0 principalment per les meves obres. Per\u00f2 els lectors de <strong>RISK XXI \u2013 Prl &amp; Services<\/strong> possiblement esperen que l&#8217;entrevistat els presenti un perfil professional, i en aquesta l\u00ednia em defineix ser economista per la <strong>Universitat de Barcelona<\/strong> i MBA pel <strong>IESE<\/strong> de la Universitat de Navarra. Tinc la sufici\u00e8ncia investigadora per la <strong>UPC<\/strong> i diversos m\u00e0sters sobre temes portuaris.<\/p>\n<p>El meu tret principal \u00e9s l&#8217;emprenedoria i he dedicat la meva vida professional a desenvolupar projectes nous en diferents camps, per\u00f2 especialment en el de les tecnologies de la informaci\u00f3, les cadenes de subministrament internacionals i els ports. En l&#8217;actualitat soc el director de la <a href=\"https:\/\/escolaeuropea.eu\/\" target=\"_blank\" rel=\"noopener\"><strong>Escola Europea &#8211; Intermodal Transport,<\/strong><\/a> un centre de formaci\u00f3 i coneixement que vaig iniciar fa 17 anys al Port de Barcelona. Presideixo el grup de treball de formaci\u00f3 i ocupaci\u00f3 del Consell Rector de la Comunitat Portu\u00e0ria de Barcelona. He dedicat els \u00faltims anys de la meva carrera professional a la doc\u00e8ncia.<\/p>\n<p><strong>\u00a0<\/strong><\/p>\n<p><strong><a href=\"https:\/\/escolaeuropea.eu\/\" target=\"_blank\" rel=\"noopener\"><img loading=\"lazy\" decoding=\"async\" class=\" wp-image-11907 alignleft\" src=\"https:\/\/www.risk21.com\/wp-content\/uploads\/2022\/09\/Logo-Escola-europea-intermodal.png\" alt=\"\" width=\"375\" height=\"197\" \/><\/a>Escola Europea \u2013 Intermodal Transport?&#8230; Ens podria explicar el que \u00e9s i els objectius de l&#8217;Escola que vost\u00e8 dirigeix?<\/strong><\/p>\n<p>L\u2019Escola neix amb l&#8217;objectiu de promocionar un programa de la Comissi\u00f3 Europea focalitzat en el desenvolupament de la dimensi\u00f3 mar\u00edtima de la <a href=\"https:\/\/es.wikipedia.org\/wiki\/Red_transeuropea_de_transporte\" target=\"_blank\" rel=\"noopener\"><strong>Xarxa Transeuropea de Transports (TINGUES-T)<\/strong><\/a>, i en concret de les denominades autopistes de la mar. En un primer moment amb operacions entre pa\u00efsos membres de la Uni\u00f3 Europea, i en el cas de Barcelona entre Espanya i It\u00e0lia. Amb el desenvolupament del programa s&#8217;ha aconseguit traspassar molta c\u00e0rrega des de la carretera al transport mar\u00edtim, que \u00e9s el m\u00e9s sostenible des del punt de vista mediambiental. I en l&#8217;actualitat es promocionen les denominades autopistes ferrovi\u00e0ries en les quals es transporten semiremolcs de cami\u00f3 cap al centre d&#8217;Europa. En breu veure aquests trens de camions ser\u00e0 una cosa habitual tamb\u00e9 a Espanya. Els ports en l&#8217;actualitat miren a la mar, per\u00f2 miren molt a la part de terra i especialment al ferrocarril.<\/p>\n<p><strong>\u00a0<\/strong><\/p>\n<p><strong>Tracten en els seus programes formatius els aspectes de seguretat i salut laboral? Sota quin enfocament?<\/strong><\/p>\n<p>Els temes de seguretat i salut laboral, en el que nosaltres fem, es toquen en tres \u00e0mbits molt diferents. El que m\u00e9s ens ocupa \u00e9s el relatiu als conductors de cami\u00f3 i les seves condicions de treball. En la configuraci\u00f3 dels serveis de transport aquest \u00e9s un tema principal que determina la forma i el cost dels serveis. I en molts casos, i aix\u00f2 \u00e9s molt important, la disposici\u00f3 dels conductors a implicar-se en l&#8217;\u00e8xit dels serveis. El factor hum\u00e0 es considera fonamental en l&#8217;an\u00e0lisi de les operacions. Aix\u00f2 requereix un canvi de mentalitat per part de les persones que configuren els serveis, que tendeixen a centrar-se en els costos sense tenir en compte a les persones que els han de realitzar. Treballem per a anar canviant aquestes mentalitats, i de moment tenim bons resultats. No \u00e9s menys cert que algunes conquestes s&#8217;han obtingut per la via de la lluita sindical, i les recents vagues del transport de mercaderies s\u00f3n un bon exemple.<\/p>\n<p>El segon \u00e0mbit es refereix a la prevenci\u00f3 de riscos en els vaixells, que tenen una normativa espec\u00edfica que regula la <strong><a href=\"https:\/\/www.imo.org\/es\" target=\"_blank\" rel=\"noopener\">IMO (International Maritime Organization)<\/a>.<\/strong>\u00a0\u00a0En els nostres cursos donem informaci\u00f3 sobre la forma en la qual s&#8217;han de fer els treballs de trinca de manera correcta per a garantir la integritat de les persones i de les mercaderies.<\/p>\n<p>El tercer \u00e0mbit \u00e9s el de la coordinaci\u00f3 entre operadors. Els ports es caracteritzen per agregar un nombre important d&#8217;empreses diferents en un mateix lloc de treball. Els camions entren en les terminals per a recollir o lliurar mercaderies, els estibadors s\u00f3n d&#8217;empreses diferents de les empreses d&#8217;estiba, i un llarg etc\u00e8tera. Per a fer una correcta coordinaci\u00f3 es dona formaci\u00f3 espec\u00edfica i es porta un control molt estricte dels riscos laborals. Hi ha organitzacions que tenen com a missi\u00f3 vetllar pel compliment de les normatives i que analitzen fins a l&#8217;\u00faltim detall quan es produeix algun sinistre o incid\u00e8ncia per a prevenir que es repeteixi.<\/p>\n<p>&nbsp;<\/p>\n<blockquote><p><em><strong>Els accidents que he viscut m\u00e9s pr\u00f2xims, i en aix\u00f2 em refereixo al port, es relacionen amb la maquin\u00e0ria en moviment, ja siguin m\u00e0quines d&#8217;operativa portu\u00e0ria o camions. I haig de dir que gaireb\u00e9 sempre han estat per error hum\u00e0: un operari on no havia d&#8217;estar, velocitat inadequada, etc.<\/strong><\/em><\/p><\/blockquote>\n<p>&nbsp;<\/p>\n<p><strong>Sobre la base de la seva experi\u00e8ncia i capacitat d&#8217;an\u00e0lisi quins s\u00f3n els riscos principals de les persones que treballen en el sector de la log\u00edstica i transport?<\/strong><\/p>\n<p>Els accidents que he viscut m\u00e9s pr\u00f2xims, i en aix\u00f2 em refereixo al port, es relacionen amb la maquin\u00e0ria en moviment, ja siguin m\u00e0quines d&#8217;operativa portu\u00e0ria o camions. I haig de dir que gaireb\u00e9 sempre han estat per error hum\u00e0: un operari on no havia d&#8217;estar, velocitat inadequada, etc.<\/p>\n<p>&nbsp;<\/p>\n<p><strong>Es podria parlar d&#8217;uns riscos laborals espec\u00edfics per al transport intermodal?<\/strong><\/p>\n<p>No sabria identificar uns riscos espec\u00edfics vinculats a la intermodalitat.<\/p>\n<p>&nbsp;<\/p>\n<p><strong>Quina \u00e9s la seva percepci\u00f3 de l&#8217;evoluci\u00f3 de la seguretat en els ports del nostre pa\u00eds? Com ha evolucionat en els \u00faltims anys?, i com pensa que ha d&#8217;evolucionar l&#8217;en futur?<\/strong><\/p>\n<p>L&#8217;evoluci\u00f3 dels treballs portuaris tendeix de forma accelerada a l&#8217;automatitzaci\u00f3, la qual cosa far\u00e0 que el nombre d&#8217;accidents es redueixi de manera dr\u00e0stica. Les terminals d&#8217;\u00faltima generaci\u00f3 es gestionen amb molt poc personal, i el que hi ha fa treballs d&#8217;especialistes en temes relacionats amb l&#8217;automatitzaci\u00f3. La robotitzaci\u00f3 \u00e9s un proc\u00e9s imparable i en les noves cadenes de subministrament, una realitat. S&#8217;est\u00e0 desenvolupant el que s\u2019anomena la internet f\u00edsica basada en el desenvolupament de xarxes automatitzades per a moure les mercaderies que en gran part responen a una mena d&#8217;expedici\u00f3 molt dependent del comer\u00e7 electr\u00f2nic: expedicions molt m\u00e9s petites d&#8217;or\u00edgens molt diversos i amb destinacions molt diverses. I que necessita un sistema efica\u00e7 i sostenible de distribuci\u00f3 urbana. Tot un repte per als pr\u00f2xims anys i generacions que planteja nous perfils de treballadors i riscos com els denominats \u201criders\u201d.<\/p>\n<p>&nbsp;<\/p>\n<blockquote><p><em><strong>El pla estrat\u00e8gic del <a href=\"https:\/\/www.portdebarcelona.cat\/home_apb\" target=\"_blank\" rel=\"noopener\">Port de Barcelona<\/a> es desenvolupa sobre tres eixos: la sostenibilitat econ\u00f2mica, la mediambiental i la social. <\/strong><\/em><\/p><\/blockquote>\n<p>&nbsp;<\/p>\n<p><strong>Des del punt de vista de seguretat laboral qui sol responsabilitzar-se es responsabilitza de la implantaci\u00f3 de pol\u00edtica preventiva en les empreses del sector? Considera que es tracta (en general) de persones ben preparades i prou formades en aquest \u00e0mbit?<\/strong><\/p>\n<p>L&#8217;estiba t\u00e9 el seu propi sistema i les entitats de control i supervisi\u00f3 de les quals s&#8217;ha dotat, que responen als processos de negociaci\u00f3 de molts anys entre les parts implicades. En la resta del sector cada empresa pren les seves pr\u00f2pies decisions.. Pel que fa a la Comunitat Portu\u00e0ria es coordinen algunes accions, com les ambul\u00e0ncies, i es facilita informaci\u00f3 general per a les empreses m\u00e9s vinculades a l&#8217;operativa portu\u00e0ria.<\/p>\n<p>El pla estrat\u00e8gic del <a href=\"https:\/\/www.portdebarcelona.cat\/home_apb\" target=\"_blank\" rel=\"noopener\"><strong>Port de Barcelona<\/strong><\/a> es desenvolupa sobre tres eixos: la sostenibilitat econ\u00f2mica, la mediambiental i la social. En l&#8217;apartat de sostenibilitat social s&#8217;estableixen quatre objectius:<\/p>\n<ul>\n<li>Promoure la formaci\u00f3, l&#8217;ocupaci\u00f3, l&#8217;emprenedoria i l&#8217;atracci\u00f3 de talent.<\/li>\n<li>Promoure la igualtat d&#8217;oportunitats<\/li>\n<li>Integraci\u00f3 del port amb les zones urbanes<\/li>\n<li><strong>Assegurar la salut i la seguretat en el treball a les persones<\/strong><\/li>\n<\/ul>\n<p>El comprom\u00eds del port s&#8217;orienta clarament a les persones i l&#8217;explicita en el seu propi pla estrat\u00e8gic. \u00c9s per aix\u00f2 que s&#8217;assignen recursos i esfor\u00e7os en la seva consecuci\u00f3, tot aix\u00f2 en el marc d&#8217;una aposta decidida per la consecuci\u00f3 dels Objectius de Desenvolupament Sostenible de Nacions Unides, que no deixa de formar part de la mateixa realitat: treballar junts per a construir un m\u00f3n millor per a tots.<\/p>\n<p>&nbsp;<\/p>\n<p>Moltes gr\u00e0cies Eduard. Ha estat una entrevista molt interessant.<\/p>\n<p>&nbsp;<\/p>\n","protected":false},"excerpt":{"rendered":"<p>Hola Eduard, pot presentar-se vost\u00e8 mateix Qui \u00e9s Eduard Rod\u00e9s? Quina \u00e9s la seva traject\u00f2ria professional? La primera pregunta no hauria de ser dif\u00edcil de contestar, per\u00f2 plantejada en singular, demanant una \u00fanica definici\u00f3, \u00e9s de resposta complexa. Per sort tinc diversos perfils que tenen poc a veure els uns amb els altres. Si responc<br \/><a href=\"https:\/\/www.risk21.com\/ca\/eduard-rodes-director-de-la-escola-europea-intermodal-de-transport\/\" class=\"more\">Llegir m\u00e9s<\/a><\/p>\n","protected":false},"author":3,"featured_media":11906,"comment_status":"closed","ping_status":"closed","sticky":false,"template":"","format":"standard","meta":{"footnotes":""},"categories":[324,270],"tags":[515,517,516,96,327,514],"class_list":["post-11914","post","type-post","status-publish","format-standard","has-post-thumbnail","hentry","category-entrevistas-ca","category-entrevistes","tag-eduard-rodes-ca","tag-escola-europea-ca","tag-intermodal-ca","tag-prl-ca","tag-risk-xxi-prlservices-ca","tag-transport"],"yoast_head":"<!-- This site is optimized with the Yoast SEO plugin v25.3.1 - https:\/\/yoast.com\/wordpress\/plugins\/seo\/ -->\n<title>EDUARD ROD\u00c9S \u2013 Director de la \u201cEscola Europea \u2013 Intermodal de transport\u201d - Risk XXI<\/title>\n<meta name=\"robots\" content=\"index, follow, max-snippet:-1, max-image-preview:large, max-video-preview:-1\" \/>\n<link rel=\"canonical\" href=\"https:\/\/www.risk21.com\/eduard-rodes-director-de-la-escola-europea-intermodal-de-transport\/\" \/>\n<meta property=\"og:locale\" content=\"ca_ES\" \/>\n<meta property=\"og:type\" content=\"article\" \/>\n<meta property=\"og:title\" content=\"EDUARD ROD\u00c9S \u2013 Director de la \u201cEscola Europea \u2013 Intermodal de transport\u201d - Risk XXI\" \/>\n<meta property=\"og:description\" content=\"Hola Eduard, pot presentar-se vost\u00e8 mateix Qui \u00e9s Eduard Rod\u00e9s? Quina \u00e9s la seva traject\u00f2ria professional? La primera pregunta no hauria de ser dif\u00edcil de contestar, per\u00f2 plantejada en singular, demanant una \u00fanica definici\u00f3, \u00e9s de resposta complexa. Per sort tinc diversos perfils que tenen poc a veure els uns amb els altres. Si responcLlegir m\u00e9s\" \/>\n<meta property=\"og:url\" content=\"https:\/\/www.risk21.com\/eduard-rodes-director-de-la-escola-europea-intermodal-de-transport\/\" \/>\n<meta property=\"og:site_name\" content=\"Risk XXI\" \/>\n<meta property=\"article:published_time\" content=\"2022-09-27T00:01:14+00:00\" \/>\n<meta property=\"og:image\" content=\"https:\/\/www.risk21.com\/wp-content\/uploads\/2022\/09\/Foto-Eduard-Rodes-2022-Large-e1663761556434.jpg\" \/>\n\t<meta property=\"og:image:width\" content=\"2028\" \/>\n\t<meta property=\"og:image:height\" content=\"1046\" \/>\n\t<meta property=\"og:image:type\" content=\"image\/jpeg\" \/>\n<meta name=\"author\" content=\"Risk XXI - Comunicacion\" \/>\n<meta name=\"twitter:card\" content=\"summary_large_image\" \/>\n<meta name=\"twitter:label1\" content=\"Escrit per\" \/>\n\t<meta name=\"twitter:data1\" content=\"Risk XXI - Comunicacion\" \/>\n\t<meta name=\"twitter:label2\" content=\"Temps estimat de lectura\" \/>\n\t<meta name=\"twitter:data2\" content=\"7 minuts\" \/>\n<script type=\"application\/ld+json\" class=\"yoast-schema-graph\">{\"@context\":\"https:\/\/schema.org\",\"@graph\":[{\"@type\":\"WebPage\",\"@id\":\"https:\/\/www.risk21.com\/eduard-rodes-director-de-la-escola-europea-intermodal-de-transport\/\",\"url\":\"https:\/\/www.risk21.com\/eduard-rodes-director-de-la-escola-europea-intermodal-de-transport\/\",\"name\":\"EDUARD ROD\u00c9S \u2013 Director de la \u201cEscola Europea \u2013 Intermodal de transport\u201d - Risk XXI\",\"isPartOf\":{\"@id\":\"https:\/\/www.risk21.com\/#website\"},\"primaryImageOfPage\":{\"@id\":\"https:\/\/www.risk21.com\/eduard-rodes-director-de-la-escola-europea-intermodal-de-transport\/#primaryimage\"},\"image\":{\"@id\":\"https:\/\/www.risk21.com\/eduard-rodes-director-de-la-escola-europea-intermodal-de-transport\/#primaryimage\"},\"thumbnailUrl\":\"https:\/\/www.risk21.com\/wp-content\/uploads\/2022\/09\/Foto-Eduard-Rodes-2022-Large-e1663761556434.jpg\",\"datePublished\":\"2022-09-27T00:01:14+00:00\",\"author\":{\"@id\":\"https:\/\/www.risk21.com\/#\/schema\/person\/541ded27b075c85a124af6989fc72b1d\"},\"breadcrumb\":{\"@id\":\"https:\/\/www.risk21.com\/eduard-rodes-director-de-la-escola-europea-intermodal-de-transport\/#breadcrumb\"},\"inLanguage\":\"ca\",\"potentialAction\":[{\"@type\":\"ReadAction\",\"target\":[\"https:\/\/www.risk21.com\/eduard-rodes-director-de-la-escola-europea-intermodal-de-transport\/\"]}]},{\"@type\":\"ImageObject\",\"inLanguage\":\"ca\",\"@id\":\"https:\/\/www.risk21.com\/eduard-rodes-director-de-la-escola-europea-intermodal-de-transport\/#primaryimage\",\"url\":\"https:\/\/www.risk21.com\/wp-content\/uploads\/2022\/09\/Foto-Eduard-Rodes-2022-Large-e1663761556434.jpg\",\"contentUrl\":\"https:\/\/www.risk21.com\/wp-content\/uploads\/2022\/09\/Foto-Eduard-Rodes-2022-Large-e1663761556434.jpg\",\"width\":2028,\"height\":1046},{\"@type\":\"BreadcrumbList\",\"@id\":\"https:\/\/www.risk21.com\/eduard-rodes-director-de-la-escola-europea-intermodal-de-transport\/#breadcrumb\",\"itemListElement\":[{\"@type\":\"ListItem\",\"position\":1,\"name\":\"Portada\",\"item\":\"https:\/\/www.risk21.com\/ca\/\"},{\"@type\":\"ListItem\",\"position\":2,\"name\":\"EDUARD ROD\u00c9S \u2013 Director de la \u201cEscola Europea \u2013 Intermodal de transport\u201d\"}]},{\"@type\":\"WebSite\",\"@id\":\"https:\/\/www.risk21.com\/#website\",\"url\":\"https:\/\/www.risk21.com\/\",\"name\":\"Risk XXI\",\"description\":\"Prl &amp; Services\",\"potentialAction\":[{\"@type\":\"SearchAction\",\"target\":{\"@type\":\"EntryPoint\",\"urlTemplate\":\"https:\/\/www.risk21.com\/?s={search_term_string}\"},\"query-input\":{\"@type\":\"PropertyValueSpecification\",\"valueRequired\":true,\"valueName\":\"search_term_string\"}}],\"inLanguage\":\"ca\"},{\"@type\":\"Person\",\"@id\":\"https:\/\/www.risk21.com\/#\/schema\/person\/541ded27b075c85a124af6989fc72b1d\",\"name\":\"Risk XXI - Comunicacion\",\"url\":\"https:\/\/www.risk21.com\/ca\/author\/comunicacion\/\"}]}<\/script>\n<!-- \/ Yoast SEO plugin. -->","yoast_head_json":{"title":"EDUARD ROD\u00c9S \u2013 Director de la \u201cEscola Europea \u2013 Intermodal de transport\u201d - Risk XXI","robots":{"index":"index","follow":"follow","max-snippet":"max-snippet:-1","max-image-preview":"max-image-preview:large","max-video-preview":"max-video-preview:-1"},"canonical":"https:\/\/www.risk21.com\/eduard-rodes-director-de-la-escola-europea-intermodal-de-transport\/","og_locale":"ca_ES","og_type":"article","og_title":"EDUARD ROD\u00c9S \u2013 Director de la \u201cEscola Europea \u2013 Intermodal de transport\u201d - Risk XXI","og_description":"Hola Eduard, pot presentar-se vost\u00e8 mateix Qui \u00e9s Eduard Rod\u00e9s? Quina \u00e9s la seva traject\u00f2ria professional? La primera pregunta no hauria de ser dif\u00edcil de contestar, per\u00f2 plantejada en singular, demanant una \u00fanica definici\u00f3, \u00e9s de resposta complexa. Per sort tinc diversos perfils que tenen poc a veure els uns amb els altres. Si responcLlegir m\u00e9s","og_url":"https:\/\/www.risk21.com\/eduard-rodes-director-de-la-escola-europea-intermodal-de-transport\/","og_site_name":"Risk XXI","article_published_time":"2022-09-27T00:01:14+00:00","og_image":[{"width":2028,"height":1046,"url":"https:\/\/www.risk21.com\/wp-content\/uploads\/2022\/09\/Foto-Eduard-Rodes-2022-Large-e1663761556434.jpg","type":"image\/jpeg"}],"author":"Risk XXI - Comunicacion","twitter_card":"summary_large_image","twitter_misc":{"Escrit per":"Risk XXI - Comunicacion","Temps estimat de lectura":"7 minuts"},"schema":{"@context":"https:\/\/schema.org","@graph":[{"@type":"WebPage","@id":"https:\/\/www.risk21.com\/eduard-rodes-director-de-la-escola-europea-intermodal-de-transport\/","url":"https:\/\/www.risk21.com\/eduard-rodes-director-de-la-escola-europea-intermodal-de-transport\/","name":"EDUARD ROD\u00c9S \u2013 Director de la \u201cEscola Europea \u2013 Intermodal de transport\u201d - Risk XXI","isPartOf":{"@id":"https:\/\/www.risk21.com\/#website"},"primaryImageOfPage":{"@id":"https:\/\/www.risk21.com\/eduard-rodes-director-de-la-escola-europea-intermodal-de-transport\/#primaryimage"},"image":{"@id":"https:\/\/www.risk21.com\/eduard-rodes-director-de-la-escola-europea-intermodal-de-transport\/#primaryimage"},"thumbnailUrl":"https:\/\/www.risk21.com\/wp-content\/uploads\/2022\/09\/Foto-Eduard-Rodes-2022-Large-e1663761556434.jpg","datePublished":"2022-09-27T00:01:14+00:00","author":{"@id":"https:\/\/www.risk21.com\/#\/schema\/person\/541ded27b075c85a124af6989fc72b1d"},"breadcrumb":{"@id":"https:\/\/www.risk21.com\/eduard-rodes-director-de-la-escola-europea-intermodal-de-transport\/#breadcrumb"},"inLanguage":"ca","potentialAction":[{"@type":"ReadAction","target":["https:\/\/www.risk21.com\/eduard-rodes-director-de-la-escola-europea-intermodal-de-transport\/"]}]},{"@type":"ImageObject","inLanguage":"ca","@id":"https:\/\/www.risk21.com\/eduard-rodes-director-de-la-escola-europea-intermodal-de-transport\/#primaryimage","url":"https:\/\/www.risk21.com\/wp-content\/uploads\/2022\/09\/Foto-Eduard-Rodes-2022-Large-e1663761556434.jpg","contentUrl":"https:\/\/www.risk21.com\/wp-content\/uploads\/2022\/09\/Foto-Eduard-Rodes-2022-Large-e1663761556434.jpg","width":2028,"height":1046},{"@type":"BreadcrumbList","@id":"https:\/\/www.risk21.com\/eduard-rodes-director-de-la-escola-europea-intermodal-de-transport\/#breadcrumb","itemListElement":[{"@type":"ListItem","position":1,"name":"Portada","item":"https:\/\/www.risk21.com\/ca\/"},{"@type":"ListItem","position":2,"name":"EDUARD ROD\u00c9S \u2013 Director de la \u201cEscola Europea \u2013 Intermodal de transport\u201d"}]},{"@type":"WebSite","@id":"https:\/\/www.risk21.com\/#website","url":"https:\/\/www.risk21.com\/","name":"Risk XXI","description":"Prl &amp; Services","potentialAction":[{"@type":"SearchAction","target":{"@type":"EntryPoint","urlTemplate":"https:\/\/www.risk21.com\/?s={search_term_string}"},"query-input":{"@type":"PropertyValueSpecification","valueRequired":true,"valueName":"search_term_string"}}],"inLanguage":"ca"},{"@type":"Person","@id":"https:\/\/www.risk21.com\/#\/schema\/person\/541ded27b075c85a124af6989fc72b1d","name":"Risk XXI - Comunicacion","url":"https:\/\/www.risk21.com\/ca\/author\/comunicacion\/"}]}},"_links":{"self":[{"href":"https:\/\/www.risk21.com\/ca\/wp-json\/wp\/v2\/posts\/11914","targetHints":{"allow":["GET"]}}],"collection":[{"href":"https:\/\/www.risk21.com\/ca\/wp-json\/wp\/v2\/posts"}],"about":[{"href":"https:\/\/www.risk21.com\/ca\/wp-json\/wp\/v2\/types\/post"}],"author":[{"embeddable":true,"href":"https:\/\/www.risk21.com\/ca\/wp-json\/wp\/v2\/users\/3"}],"replies":[{"embeddable":true,"href":"https:\/\/www.risk21.com\/ca\/wp-json\/wp\/v2\/comments?post=11914"}],"version-history":[{"count":1,"href":"https:\/\/www.risk21.com\/ca\/wp-json\/wp\/v2\/posts\/11914\/revisions"}],"predecessor-version":[{"id":11915,"href":"https:\/\/www.risk21.com\/ca\/wp-json\/wp\/v2\/posts\/11914\/revisions\/11915"}],"wp:featuredmedia":[{"embeddable":true,"href":"https:\/\/www.risk21.com\/ca\/wp-json\/wp\/v2\/media\/11906"}],"wp:attachment":[{"href":"https:\/\/www.risk21.com\/ca\/wp-json\/wp\/v2\/media?parent=11914"}],"wp:term":[{"taxonomy":"category","embeddable":true,"href":"https:\/\/www.risk21.com\/ca\/wp-json\/wp\/v2\/categories?post=11914"},{"taxonomy":"post_tag","embeddable":true,"href":"https:\/\/www.risk21.com\/ca\/wp-json\/wp\/v2\/tags?post=11914"}],"curies":[{"name":"wp","href":"https:\/\/api.w.org\/{rel}","templated":true}]}}