{"id":10296,"date":"2020-03-14T00:30:05","date_gmt":"2020-03-14T00:30:05","guid":{"rendered":"https:\/\/www.risk21.com\/ca\/?p=10296"},"modified":"2020-04-07T15:39:59","modified_gmt":"2020-04-07T15:39:59","slug":"coronavirus-covid-19-recomendaciones-actuacion-empleados","status":"publish","type":"post","link":"https:\/\/www.risk21.com\/ca\/coronavirus-covid-19-recomendaciones-actuacion-empleados\/","title":{"rendered":"CORONAVIRUS \/ COVID-19: RECOMANACIONS D&#8217;ACTUACI\u00d3 PER A EMPLEATS."},"content":{"rendered":"<h2 style=\"text-align: right;\"><span style=\"color: #ff0000;\">Actualitzat 7 abril 2020<\/span><\/h2>\n<p><strong>CORONAVIRUS \/ COVID-19: RECOMANACIONS D&#8217;ACTUACI\u00d3 PER A EMPLEATS.<\/strong><\/p>\n<p><img loading=\"lazy\" decoding=\"async\" class=\" wp-image-10199 alignleft\" src=\"https:\/\/www.risk21.com\/wp-content\/uploads\/2020\/02\/cORONAVIRUS-IMATGE-300x169.png\" alt=\"\" width=\"248\" height=\"140\" srcset=\"https:\/\/www.risk21.com\/wp-content\/uploads\/2020\/02\/cORONAVIRUS-IMATGE-300x169.png 300w, https:\/\/www.risk21.com\/wp-content\/uploads\/2020\/02\/cORONAVIRUS-IMATGE-24x14.png 24w, https:\/\/www.risk21.com\/wp-content\/uploads\/2020\/02\/cORONAVIRUS-IMATGE-36x20.png 36w, https:\/\/www.risk21.com\/wp-content\/uploads\/2020\/02\/cORONAVIRUS-IMATGE-48x27.png 48w, https:\/\/www.risk21.com\/wp-content\/uploads\/2020\/02\/cORONAVIRUS-IMATGE.png 640w\" sizes=\"auto, (max-width: 248px) 100vw, 248px\" \/><\/p>\n<p>Actuar con serenidad y sin alarmismos innecesarios, pero con aplicaci\u00f3n del\u00a0<strong>PRINCIPIO DE PRUDENCIA<\/strong>.<\/p>\n<p>COVID-19 es la enfermedad que genera coronavirus. Por ello\u00a0<strong>es m\u00e1s indicado hablar de COVID-19 en vez de \u201ccoronavirus\u201d<\/strong>.<\/p>\n<p><a href=\"https:\/\/www.risk21.com\/wp-content\/uploads\/2020\/03\/RECOMENDACIONES-PARA-EMPLEADOS-CORONAVIRUS-V13032020.pdf\" target=\"_blank\" rel=\"noopener noreferrer\"><img loading=\"lazy\" decoding=\"async\" class=\"wp-image-10277 aligncenter\" src=\"https:\/\/www.risk21.com\/wp-content\/uploads\/2020\/03\/pdf-Descargar-PDF.png\" alt=\"\" width=\"100\" height=\"99\" srcset=\"https:\/\/www.risk21.com\/wp-content\/uploads\/2020\/03\/pdf-Descargar-PDF.png 240w, https:\/\/www.risk21.com\/wp-content\/uploads\/2020\/03\/pdf-Descargar-PDF-150x150.png 150w, https:\/\/www.risk21.com\/wp-content\/uploads\/2020\/03\/pdf-Descargar-PDF-768x768.png 768w, https:\/\/www.risk21.com\/wp-content\/uploads\/2020\/03\/pdf-Descargar-PDF-570x570.png 570w, https:\/\/www.risk21.com\/wp-content\/uploads\/2020\/03\/pdf-Descargar-PDF-24x24.png 24w, https:\/\/www.risk21.com\/wp-content\/uploads\/2020\/03\/pdf-Descargar-PDF-36x36.png 36w, https:\/\/www.risk21.com\/wp-content\/uploads\/2020\/03\/pdf-Descargar-PDF-48x48.png 48w\" sizes=\"auto, (max-width: 100px) 100vw, 100px\" \/><\/a><\/p>\n<p><strong>\u00bfComo empleado, qu\u00e9 puedo hacer para prevenir?<\/strong><\/p>\n<ul>\n<li><strong>Coronavirus \/ COVID-19. Conocerlo para protegerse.\u00a0<a href=\"https:\/\/www.risk21.com\/coronavirus-covid-19-conocerlo-protegerse\/\" target=\"_blank\" rel=\"noopener noreferrer\">+ INFO AQU\u00cd<\/a><\/strong><\/li>\n<li><strong>Mantenerme informado acerca de las medidas preventivas efectivas<\/strong>. Hay mucha informaci\u00f3n disponible. Seguir las indicaciones de fuentes oficiales y\/o de confianza. Es especialmente importante saber que debo hacer para:\n<ul>\n<li>Higiene de manos<\/li>\n<li>Higiene general<\/li>\n<li><a href=\"https:\/\/www.risk21.com\/monografico-tele-trabajo\/\" target=\"_blank\" rel=\"noopener noreferrer\">Tele- Trabajo<\/a><\/li>\n<li>Uso de Equipos de Protecci\u00f3n Individual (EPI?s)<\/li>\n<li>Actuaci\u00f3n en caso de presentar s\u00edntomas<\/li>\n<li>Pol\u00edtica de viajes y reuniones<\/li>\n<li>Incidir en la higiene (limpieza) de mi puesto de trabajo, instalaciones profesionales (superficies y objetos)<\/li>\n<\/ul>\n<\/li>\n<li>Mantenerme\u00a0<strong>actualizado en la informaci\u00f3n<\/strong>, cada d\u00eda hay m\u00e1s datos y recomendaciones nuevas. Estar\u00a0<strong>atento a las indicaciones que reciba de la direcci\u00f3n de mi empresa<\/strong>.<\/li>\n<li>Estar\u00a0<strong>pendientes diariamente de las recomendaciones oficiales<\/strong>\u00a0que lleguen de las autoridades sanitarias nacionales e internacionales. Se trata de un asunto muy din\u00e1mico y\u00a0<strong>lo que vale hoy puede ser modificado ma\u00f1ana<\/strong>. Los consejos a seguir se actualizan peri\u00f3dicamente.<\/li>\n<li><strong>Seguir y respetar las consignas recibidas de las autoridades sanitarias y gubernativas.<\/strong><\/li>\n<li>Si mi trabajo lo permite propondr\u00e9 a mi empresa hacer\u00a0<strong>Tele-Trabajo.<\/strong>\u00a0<span style=\"color: #ff0000;\"><a style=\"color: #ff0000;\" href=\"https:\/\/www.risk21.com\/monografico-tele-trabajo\/\" target=\"_blank\" rel=\"noopener noreferrer\"><strong>+ Info AQU\u00cd.<\/strong><\/a><\/span><\/li>\n<li><strong>Evitar viajes innecesarios<\/strong>.<\/li>\n<li><strong>Reducir al m\u00ednimo las reuniones<\/strong>\u00a0con personal externo llegado de otras empresas o centros de trabajo, si no son imprescindibles. Alternativa: tele conferencia.<\/li>\n<li>Anular o posponer la\u00a0<strong>asistencia a ferias, congresos, eventos p\u00fablicos o similares que no sean imprescindibles<\/strong>.<\/li>\n<li><strong>Valorar conjuntamente con la empresa la posibilidad de hacer tele trabajo<\/strong>\u00a0en la medida que la situaci\u00f3n lo justifique y mi actividad lo permita. La empresa debe facilitarme los medios para ello.<\/li>\n<li><strong>Colaborar en la limpieza y desinfecci\u00f3n de mi puesto de trabajo e instalaciones generales,\u00a0<\/strong>especialmente en lo referido a superficies planas (escritorios, mesas, mostradores, etc.), tel\u00e9fonos, teclados compartidos, pomos, pasamanos, espacios comunes, vestuarios, office. Avisar si detecta espacios no limpios y colaborar ensuciando lo m\u00ednimo.<\/li>\n<\/ul>\n<blockquote><p><em><strong>Sobretodo: estar atento, seguir y respetar las consignas recibidas de las autoridades sanitarias y gubernativas.<\/strong><\/em><\/p><\/blockquote>\n<p><strong>\u00bfCu\u00e1les son las principales normas de higiene a tener en cuenta?<\/strong><\/p>\n<ul>\n<li><strong>Limpieza de manos.<\/strong>\u00a0Hacerlo frecuentemente con agua y jab\u00f3n<\/li>\n<\/ul>\n<p><strong>\u00a0 \u00a0 \u00a0 \u00a0 \u00a0 \u00a0<a href=\"https:\/\/www.risk21.com\/wp-content\/uploads\/2020\/03\/coronavirus-lavando-manos.png\"><img loading=\"lazy\" decoding=\"async\" class=\"alignnone size-full wp-image-10269\" src=\"https:\/\/www.risk21.com\/wp-content\/uploads\/2020\/03\/coronavirus-lavando-manos.png\" alt=\"\" width=\"244\" height=\"163\" srcset=\"https:\/\/www.risk21.com\/wp-content\/uploads\/2020\/03\/coronavirus-lavando-manos.png 244w, https:\/\/www.risk21.com\/wp-content\/uploads\/2020\/03\/coronavirus-lavando-manos-24x16.png 24w, https:\/\/www.risk21.com\/wp-content\/uploads\/2020\/03\/coronavirus-lavando-manos-36x24.png 36w, https:\/\/www.risk21.com\/wp-content\/uploads\/2020\/03\/coronavirus-lavando-manos-48x32.png 48w\" sizes=\"auto, (max-width: 244px) 100vw, 244px\" \/><\/a><\/strong><\/p>\n<ul>\n<li><strong>T\u00e1pate la boca y la nariz.\u00a0<\/strong>C\u00fabrete boca y nariz con el antebrazo (no uses las manos).<\/li>\n<\/ul>\n<p><strong>\u00a0 \u00a0 \u00a0 \u00a0 \u00a0\u00a0<a href=\"https:\/\/www.risk21.com\/wp-content\/uploads\/2020\/03\/coronavirus-estornudo.png\"><img loading=\"lazy\" decoding=\"async\" class=\"alignnone wp-image-10271\" src=\"https:\/\/www.risk21.com\/wp-content\/uploads\/2020\/03\/coronavirus-estornudo.png\" alt=\"\" width=\"141\" height=\"203\" srcset=\"https:\/\/www.risk21.com\/wp-content\/uploads\/2020\/03\/coronavirus-estornudo.png 123w, https:\/\/www.risk21.com\/wp-content\/uploads\/2020\/03\/coronavirus-estornudo-17x24.png 17w, https:\/\/www.risk21.com\/wp-content\/uploads\/2020\/03\/coronavirus-estornudo-25x36.png 25w, https:\/\/www.risk21.com\/wp-content\/uploads\/2020\/03\/coronavirus-estornudo-33x48.png 33w\" sizes=\"auto, (max-width: 141px) 100vw, 141px\" \/><\/a><\/strong><\/p>\n<ul>\n<li><strong>Evita tocarte la boca, la nariz, y los ojos<\/strong>\u00a0con las manos.<\/li>\n<li>Usa\u00a0<strong>pa\u00f1uelos de un solo uso<\/strong>, desechables.<\/li>\n<\/ul>\n<p><a href=\"https:\/\/www.risk21.com\/wp-content\/uploads\/2020\/03\/coronavirus-pa\u00f1uelos-desechables.png\"><img loading=\"lazy\" decoding=\"async\" class=\"alignnone size-full wp-image-10273\" src=\"https:\/\/www.risk21.com\/wp-content\/uploads\/2020\/03\/coronavirus-pa\u00f1uelos-desechables.png\" alt=\"\" width=\"164\" height=\"164\" srcset=\"https:\/\/www.risk21.com\/wp-content\/uploads\/2020\/03\/coronavirus-pa\u00f1uelos-desechables.png 164w, https:\/\/www.risk21.com\/wp-content\/uploads\/2020\/03\/coronavirus-pa\u00f1uelos-desechables-150x150.png 150w, https:\/\/www.risk21.com\/wp-content\/uploads\/2020\/03\/coronavirus-pa\u00f1uelos-desechables-768x768.png 768w, https:\/\/www.risk21.com\/wp-content\/uploads\/2020\/03\/coronavirus-pa\u00f1uelos-desechables-570x570.png 570w, https:\/\/www.risk21.com\/wp-content\/uploads\/2020\/03\/coronavirus-pa\u00f1uelos-desechables-24x24.png 24w, https:\/\/www.risk21.com\/wp-content\/uploads\/2020\/03\/coronavirus-pa\u00f1uelos-desechables-36x36.png 36w, https:\/\/www.risk21.com\/wp-content\/uploads\/2020\/03\/coronavirus-pa\u00f1uelos-desechables-48x48.png 48w\" sizes=\"auto, (max-width: 164px) 100vw, 164px\" \/><\/a><\/p>\n<ul>\n<li>Mantener\u00a0<strong>distancia de seguridad. Al menos 1,5 metros<\/strong>\u00a0de distancia con personas que puedan estar infectadas de este virus.<\/li>\n<li>Uso de Equipos de Protecci\u00f3n Individual EPI adecuados para mi puesto de trabajo. Especialmente:\n<ul>\n<li>Protecci\u00f3n respiratoria. Mascarillas.<\/li>\n<li>Protecci\u00f3n de manos. Guantes.<\/li>\n<li>Protecci\u00f3n de ojos.<\/li>\n<li>Ropa de trabajo.<\/li>\n<\/ul>\n<\/li>\n<li><strong>\u00a1Quieres saber m\u00e1s sobre los EPI?\u00a0<span style=\"color: #ff0000;\"><a style=\"color: #ff0000;\" href=\"https:\/\/www.risk21.com\/equipos-proteccion-individual-epi-frente-coronavirus\/\" target=\"_blank\" rel=\"noopener noreferrer\">+ Info AQU\u00cd.<\/a><\/span><\/strong><\/li>\n<\/ul>\n<p><strong><a href=\"https:\/\/www.risk21.com\/wp-content\/uploads\/2020\/03\/coronavirus-sintomas.png\"><img loading=\"lazy\" decoding=\"async\" class=\"size-medium wp-image-10267 alignleft\" src=\"https:\/\/www.risk21.com\/wp-content\/uploads\/2020\/03\/coronavirus-sintomas-300x300.png\" alt=\"\" width=\"300\" height=\"300\" srcset=\"https:\/\/www.risk21.com\/wp-content\/uploads\/2020\/03\/coronavirus-sintomas-300x300.png 300w, https:\/\/www.risk21.com\/wp-content\/uploads\/2020\/03\/coronavirus-sintomas-150x150.png 150w, https:\/\/www.risk21.com\/wp-content\/uploads\/2020\/03\/coronavirus-sintomas-768x768.png 768w, https:\/\/www.risk21.com\/wp-content\/uploads\/2020\/03\/coronavirus-sintomas-570x570.png 570w, https:\/\/www.risk21.com\/wp-content\/uploads\/2020\/03\/coronavirus-sintomas-24x24.png 24w, https:\/\/www.risk21.com\/wp-content\/uploads\/2020\/03\/coronavirus-sintomas-36x36.png 36w, https:\/\/www.risk21.com\/wp-content\/uploads\/2020\/03\/coronavirus-sintomas-48x48.png 48w, https:\/\/www.risk21.com\/wp-content\/uploads\/2020\/03\/coronavirus-sintomas.png 391w\" sizes=\"auto, (max-width: 300px) 100vw, 300px\" \/><\/a>\u00bfCu\u00e1les son los s\u00edntomas del COVID-19?<\/strong><\/p>\n<p>Fiebre (37,3\u00ba o m\u00e1s)<\/p>\n<p>Tos<\/p>\n<p>Sensaci\u00f3n de falta de aire<\/p>\n<p><strong>\u00bfQu\u00e9 hago si presento s\u00edntomas del COVID-19?<\/strong><\/p>\n<p><strong>Consideraciones importantes para tener en cuenta.<\/strong><\/p>\n<ul>\n<li>Sentido com\u00fan y prudencia. Sin alarmismos innecesarios.<\/li>\n<li>El di\u00e1logo con la empresa siempre es la mejor v\u00eda para afrontar situaciones complicadas. Comente con su empresa cualquier inquietud que tenga acerca del Coronavirus \/ COVID-19<\/li>\n<li>En caso de presentar s\u00edntomas de la enfermedad comentelo con su empresa. Especialmente si ha viajado recientemente\u00a0o si ha estado en contacto \u00faltimamente con personas infectadas. En los \u00faltimos 15 d\u00edas.<\/li>\n<\/ul>\n<p><strong>\u00bfQu\u00e9 tengo que hacer si he regresado de una zona de riesgo?<\/strong><\/p>\n<ul>\n<li>Si usted regresa de una zona de riesgo(\u00a0<a href=\"https:\/\/www.mscbs.gob.es\/profesionales\/saludPublica\/ccayes\/alertasActual\/nCov-China\/areas.htm\" target=\"_blank\" rel=\"noopener noreferrer\"><strong>Ver listado AQU\u00cd<\/strong><\/a>\u00a0)y tiene buen estado de salud puede llevar una vida normal, en familia, con amigos y, en general, en el \u00e1mbito escolar y laboral.<\/li>\n<li>Vigile su estado de salud durante los 14 d\u00edas posteriores al regreso del viaje y si durante este periodo desarrollase s\u00edntomas compatibles con una infecci\u00f3n respiratoria aguda (fiebre, tos y\/o sensaci\u00f3n de falta de aire):\n<ul>\n<li>Deber\u00e1 quedarse en su domicilio o alojamiento y contactar con los servicios de salud telef\u00f3nicamente llamando al tel\u00e9fono de informaci\u00f3n asignado (*). Los servicios sanitarios valorar\u00e1n su estado de salud y el antecedente de viaje y el posible contacto con casos de coronavirus.<\/li>\n<li>Evitar el contacto con otras personas y colocarse una mascarilla si no puede evitar ese contacto.<\/li>\n<li>Mantener una buena higiene de manos e higiene respiratoria (mirar medidas preventivas)<\/li>\n<\/ul>\n<\/li>\n<\/ul>\n<p><strong><a href=\"https:\/\/www.risk21.com\/wp-content\/uploads\/2020\/03\/pasajeros-en-avion.jpg\"><img loading=\"lazy\" decoding=\"async\" class=\"wp-image-10265 alignleft\" src=\"https:\/\/www.risk21.com\/wp-content\/uploads\/2020\/03\/pasajeros-en-avion-300x148.jpg\" alt=\"\" width=\"362\" height=\"179\" srcset=\"https:\/\/www.risk21.com\/wp-content\/uploads\/2020\/03\/pasajeros-en-avion-300x148.jpg 300w, https:\/\/www.risk21.com\/wp-content\/uploads\/2020\/03\/pasajeros-en-avion-24x12.jpg 24w, https:\/\/www.risk21.com\/wp-content\/uploads\/2020\/03\/pasajeros-en-avion-36x18.jpg 36w, https:\/\/www.risk21.com\/wp-content\/uploads\/2020\/03\/pasajeros-en-avion-48x24.jpg 48w, https:\/\/www.risk21.com\/wp-content\/uploads\/2020\/03\/pasajeros-en-avion.jpg 589w\" sizes=\"auto, (max-width: 362px) 100vw, 362px\" \/><\/a><\/strong><\/p>\n<p><strong>Lo mismo se aplica a los contactos estrechos con un caso probable o confirmado. \u00bfQu\u00e9 es un contacto estrecho?<\/strong><\/p>\n<ul>\n<li>Cualquier persona con la que se hayan tenido relaciones \u00edntimas presentando s\u00edntomas.<\/li>\n<li>Cualquier persona que haya proporcionado curas a un caso probable o confirmado mientras presentaba s\u00edntomas: trabajadores sanitarios que no hayan utilizado medidas de protecci\u00f3n adecuadas, miembros familiares o personas que hayan tenido otro tipo de contacto similar.<\/li>\n<li>Cualquier persona que haya estado en el mismo sitio que un caso probable o confirmado mientras presentaba s\u00edntomas a una distancia inferior a 2 metros (convivientes, visitas).<\/li>\n<li>Los pasajeros de un avi\u00f3n situados durante el vuelo en un radio de dos asientos alrededor de un caso probable o confirmado mientras este presentaba s\u00edntomas y la tripulaci\u00f3n que haya tenido contacto con estos casos.<\/li>\n<\/ul>\n<h3 style=\"text-align: center;\"><span style=\"color: #ff0000;\"><a style=\"color: #ff0000;\" href=\"https:\/\/www.risk21.com\/covid-19-protocolo-caso-empleados-contagiados-contactos-estrechos-contactos-casuales\/\" target=\"_blank\" rel=\"noopener noreferrer\">PROCEDIMIENTO PARA CONTAGIADOS Y\/O CONTACTOS ESTRECHOS. <\/a><\/span><\/h3>\n<h3 style=\"text-align: center;\"><span style=\"color: #ff0000;\"><a style=\"color: #ff0000;\" href=\"https:\/\/www.risk21.com\/covid-19-protocolo-caso-empleados-contagiados-contactos-estrechos-contactos-casuales\/\" target=\"_blank\" rel=\"noopener noreferrer\">+ Info AQU\u00cd.<\/a><\/span><\/h3>\n<h3 style=\"text-align: center;\"><\/h3>\n<h3 style=\"text-align: center;\"><span style=\"color: #ff0000;\"><a style=\"color: #ff0000;\" href=\"https:\/\/www.risk21.com\/covid-19-protocolo-trabajadores-especialmente-sensibles\/\" target=\"_blank\" rel=\"noopener noreferrer\">PROCEDIMIENTO PARA TRABAJADORES ESPECIALMENTE SENSIBLES<\/a><\/span><\/h3>\n<h3 style=\"text-align: center;\"><span style=\"color: #ff0000;\"><a style=\"color: #ff0000;\" href=\"https:\/\/www.risk21.com\/covid-19-protocolo-trabajadores-especialmente-sensibles\/\" target=\"_blank\" rel=\"noopener noreferrer\">(TES). + Info AQU\u00cd.<\/a><\/span><\/h3>\n<p>&nbsp;<\/p>\n<p><strong>\u00a0<\/strong><strong>ENLACES PARA MANTENERSE ACTUALIZADO EN LA INFORMACI\u00d3N:<\/strong><\/p>\n<ul>\n<li><a href=\"https:\/\/www.risk21.com\/coronavirus-covid-19-conocerlo-protegerse\/\" target=\"_blank\" rel=\"noopener noreferrer\"><strong>Coronavirus \u2013 COVID 19. Conocerlo para protegerse.<\/strong><\/a><\/li>\n<li><a href=\"https:\/\/www.mscbs.gob.es\/profesionales\/saludPublica\/ccayes\/alertasActual\/nCov-China\/situacionActual.htm\" target=\"_blank\" rel=\"noopener noreferrer\"><strong>Ministerio de Sanidad. Gobierno de Espa\u00f1a.<\/strong><\/a><\/li>\n<li><a href=\"http:\/\/canalsalut.gencat.cat\/ca\/salut-a-z\/c\/coronavirus-2019-ncov\/\" target=\"_blank\" rel=\"noopener noreferrer\"><strong>Generalitat de Catalunya. Departament de sanitat.<\/strong><\/a><\/li>\n<li><a href=\"https:\/\/www.who.int\/es\/emergencies\/diseases\/novel-coronavirus-2019\/advice-for-public\/q-a-coronaviruses\" target=\"_blank\" rel=\"noopener noreferrer\"><strong>Organizaci\u00f3n Mundial de la salud. OMS.<\/strong><\/a><\/li>\n<li><a href=\"https:\/\/www.who.int\/emergencies\/diseases\/novel-coronavirus-2019\/travel-advice\" target=\"_blank\" rel=\"noopener noreferrer\"><strong>Antes de viajar.<\/strong><\/a><\/li>\n<\/ul>\n<p><em>\u00a0<\/em><\/p>\n<p><strong><img loading=\"lazy\" decoding=\"async\" class=\" wp-image-10263 alignleft\" src=\"https:\/\/www.risk21.com\/wp-content\/uploads\/2020\/03\/telefono-296x300.png\" alt=\"\" width=\"149\" height=\"151\" srcset=\"https:\/\/www.risk21.com\/wp-content\/uploads\/2020\/03\/telefono-296x300.png 296w, https:\/\/www.risk21.com\/wp-content\/uploads\/2020\/03\/telefono-768x778.png 768w, https:\/\/www.risk21.com\/wp-content\/uploads\/2020\/03\/telefono-24x24.png 24w, https:\/\/www.risk21.com\/wp-content\/uploads\/2020\/03\/telefono-36x36.png 36w, https:\/\/www.risk21.com\/wp-content\/uploads\/2020\/03\/telefono-48x48.png 48w, https:\/\/www.risk21.com\/wp-content\/uploads\/2020\/03\/telefono.png 790w\" sizes=\"auto, (max-width: 149px) 100vw, 149px\" \/>TEL\u00c9FONOS DE INFORMACI\u00d3N CORONAVIRUS X CC.AA.<\/strong><\/p>\n<ul>\n<li>Andaluc\u00eda 955545060<\/li>\n<li>Arag\u00f3n 061<\/li>\n<li>Asturias 112<\/li>\n<li>Baleares 061<\/li>\n<li>Canarias 900 112 061<\/li>\n<li>Cantabria 112 y 061<\/li>\n<li>Castilla y Le\u00f3n 900 222 000<\/li>\n<li>Castilla-La Mancha 900 122 112<\/li>\n<li>Catalunya 061\u00a0 \/\u00a0 900 400 061<\/li>\n<li>Comunidad Valenciana 900 300 555<\/li>\n<li>Extremadura 112<\/li>\n<li>Galicia 900 400 116<\/li>\n<li>Madrid 900 102 112<\/li>\n<li>Murcia 900 121 212<\/li>\n<li>Navarra 948 290 290<\/li>\n<li>Pa\u00eds Vasco 900 203 050<\/li>\n<li>La Rioja 941 2983 33<\/li>\n<li>Melilla 112<\/li>\n<li>Ceuta 900 720 692<\/li>\n<\/ul>\n","protected":false},"excerpt":{"rendered":"<p>Actualitzat 7 abril 2020 CORONAVIRUS \/ COVID-19: RECOMANACIONS D&#8217;ACTUACI\u00d3 PER A EMPLEATS. Actuar con serenidad y sin alarmismos innecesarios, pero con aplicaci\u00f3n del\u00a0PRINCIPIO DE PRUDENCIA. COVID-19 es la enfermedad que genera coronavirus. Por ello\u00a0es m\u00e1s indicado hablar de COVID-19 en vez de \u201ccoronavirus\u201d. \u00bfComo empleado, qu\u00e9 puedo hacer para prevenir? Coronavirus \/ COVID-19. Conocerlo para<br \/><a href=\"https:\/\/www.risk21.com\/ca\/coronavirus-covid-19-recomendaciones-actuacion-empleados\/\" class=\"more\">Llegir m\u00e9s<\/a><\/p>\n","protected":false},"author":3,"featured_media":10283,"comment_status":"closed","ping_status":"closed","sticky":false,"template":"","format":"standard","meta":{"footnotes":""},"categories":[91],"tags":[],"class_list":["post-10296","post","type-post","status-publish","format-standard","has-post-thumbnail","hentry","category-noticies-ca"],"yoast_head":"<!-- This site is optimized with the Yoast SEO plugin v25.3.1 - https:\/\/yoast.com\/wordpress\/plugins\/seo\/ -->\n<title>CORONAVIRUS \/ COVID-19: RECOMANACIONS D&#039;ACTUACI\u00d3 PER A EMPLEATS. - Risk XXI<\/title>\n<meta name=\"robots\" content=\"index, follow, max-snippet:-1, max-image-preview:large, max-video-preview:-1\" \/>\n<link rel=\"canonical\" href=\"https:\/\/www.risk21.com\/ca\/coronavirus-covid-19-recomendaciones-actuacion-empleados\/\" \/>\n<meta property=\"og:locale\" content=\"ca_ES\" \/>\n<meta property=\"og:type\" content=\"article\" \/>\n<meta property=\"og:title\" content=\"CORONAVIRUS \/ COVID-19: RECOMANACIONS D&#039;ACTUACI\u00d3 PER A EMPLEATS. - Risk XXI\" \/>\n<meta property=\"og:description\" content=\"Actualitzat 7 abril 2020 CORONAVIRUS \/ COVID-19: RECOMANACIONS D&#8217;ACTUACI\u00d3 PER A EMPLEATS. Actuar con serenidad y sin alarmismos innecesarios, pero con aplicaci\u00f3n del\u00a0PRINCIPIO DE PRUDENCIA. COVID-19 es la enfermedad que genera coronavirus. Por ello\u00a0es m\u00e1s indicado hablar de COVID-19 en vez de \u201ccoronavirus\u201d. \u00bfComo empleado, qu\u00e9 puedo hacer para prevenir? Coronavirus \/ COVID-19. Conocerlo paraLlegir m\u00e9s\" \/>\n<meta property=\"og:url\" content=\"https:\/\/www.risk21.com\/ca\/coronavirus-covid-19-recomendaciones-actuacion-empleados\/\" \/>\n<meta property=\"og:site_name\" content=\"Risk XXI\" \/>\n<meta property=\"article:published_time\" content=\"2020-03-14T00:30:05+00:00\" \/>\n<meta property=\"article:modified_time\" content=\"2020-04-07T15:39:59+00:00\" \/>\n<meta property=\"og:image\" content=\"https:\/\/www.risk21.com\/wp-content\/uploads\/2020\/03\/coronavirus_oficinistas-con-mascarilla.jpg\" \/>\n\t<meta property=\"og:image:width\" content=\"644\" \/>\n\t<meta property=\"og:image:height\" content=\"303\" \/>\n\t<meta property=\"og:image:type\" content=\"image\/jpeg\" \/>\n<meta name=\"author\" content=\"Risk XXI - Comunicacion\" \/>\n<meta name=\"twitter:card\" content=\"summary_large_image\" \/>\n<meta name=\"twitter:label1\" content=\"Escrit per\" \/>\n\t<meta name=\"twitter:data1\" content=\"Risk XXI - Comunicacion\" \/>\n\t<meta name=\"twitter:label2\" content=\"Temps estimat de lectura\" \/>\n\t<meta name=\"twitter:data2\" content=\"5 minuts\" \/>\n<script type=\"application\/ld+json\" class=\"yoast-schema-graph\">{\"@context\":\"https:\/\/schema.org\",\"@graph\":[{\"@type\":\"WebPage\",\"@id\":\"https:\/\/www.risk21.com\/ca\/coronavirus-covid-19-recomendaciones-actuacion-empleados\/\",\"url\":\"https:\/\/www.risk21.com\/ca\/coronavirus-covid-19-recomendaciones-actuacion-empleados\/\",\"name\":\"CORONAVIRUS \/ COVID-19: RECOMANACIONS D'ACTUACI\u00d3 PER A EMPLEATS. - Risk XXI\",\"isPartOf\":{\"@id\":\"https:\/\/www.risk21.com\/#website\"},\"primaryImageOfPage\":{\"@id\":\"https:\/\/www.risk21.com\/ca\/coronavirus-covid-19-recomendaciones-actuacion-empleados\/#primaryimage\"},\"image\":{\"@id\":\"https:\/\/www.risk21.com\/ca\/coronavirus-covid-19-recomendaciones-actuacion-empleados\/#primaryimage\"},\"thumbnailUrl\":\"https:\/\/www.risk21.com\/wp-content\/uploads\/2020\/03\/coronavirus_oficinistas-con-mascarilla.jpg\",\"datePublished\":\"2020-03-14T00:30:05+00:00\",\"dateModified\":\"2020-04-07T15:39:59+00:00\",\"author\":{\"@id\":\"https:\/\/www.risk21.com\/#\/schema\/person\/541ded27b075c85a124af6989fc72b1d\"},\"breadcrumb\":{\"@id\":\"https:\/\/www.risk21.com\/ca\/coronavirus-covid-19-recomendaciones-actuacion-empleados\/#breadcrumb\"},\"inLanguage\":\"ca\",\"potentialAction\":[{\"@type\":\"ReadAction\",\"target\":[\"https:\/\/www.risk21.com\/ca\/coronavirus-covid-19-recomendaciones-actuacion-empleados\/\"]}]},{\"@type\":\"ImageObject\",\"inLanguage\":\"ca\",\"@id\":\"https:\/\/www.risk21.com\/ca\/coronavirus-covid-19-recomendaciones-actuacion-empleados\/#primaryimage\",\"url\":\"https:\/\/www.risk21.com\/wp-content\/uploads\/2020\/03\/coronavirus_oficinistas-con-mascarilla.jpg\",\"contentUrl\":\"https:\/\/www.risk21.com\/wp-content\/uploads\/2020\/03\/coronavirus_oficinistas-con-mascarilla.jpg\",\"width\":644,\"height\":303},{\"@type\":\"BreadcrumbList\",\"@id\":\"https:\/\/www.risk21.com\/ca\/coronavirus-covid-19-recomendaciones-actuacion-empleados\/#breadcrumb\",\"itemListElement\":[{\"@type\":\"ListItem\",\"position\":1,\"name\":\"Portada\",\"item\":\"https:\/\/www.risk21.com\/ca\/\"},{\"@type\":\"ListItem\",\"position\":2,\"name\":\"CORONAVIRUS \/ COVID-19: RECOMANACIONS D&#8217;ACTUACI\u00d3 PER A EMPLEATS.\"}]},{\"@type\":\"WebSite\",\"@id\":\"https:\/\/www.risk21.com\/#website\",\"url\":\"https:\/\/www.risk21.com\/\",\"name\":\"Risk XXI\",\"description\":\"Prl &amp; Services\",\"potentialAction\":[{\"@type\":\"SearchAction\",\"target\":{\"@type\":\"EntryPoint\",\"urlTemplate\":\"https:\/\/www.risk21.com\/?s={search_term_string}\"},\"query-input\":{\"@type\":\"PropertyValueSpecification\",\"valueRequired\":true,\"valueName\":\"search_term_string\"}}],\"inLanguage\":\"ca\"},{\"@type\":\"Person\",\"@id\":\"https:\/\/www.risk21.com\/#\/schema\/person\/541ded27b075c85a124af6989fc72b1d\",\"name\":\"Risk XXI - Comunicacion\",\"url\":\"https:\/\/www.risk21.com\/ca\/author\/comunicacion\/\"}]}<\/script>\n<!-- \/ Yoast SEO plugin. -->","yoast_head_json":{"title":"CORONAVIRUS \/ COVID-19: RECOMANACIONS D'ACTUACI\u00d3 PER A EMPLEATS. - Risk XXI","robots":{"index":"index","follow":"follow","max-snippet":"max-snippet:-1","max-image-preview":"max-image-preview:large","max-video-preview":"max-video-preview:-1"},"canonical":"https:\/\/www.risk21.com\/ca\/coronavirus-covid-19-recomendaciones-actuacion-empleados\/","og_locale":"ca_ES","og_type":"article","og_title":"CORONAVIRUS \/ COVID-19: RECOMANACIONS D'ACTUACI\u00d3 PER A EMPLEATS. - Risk XXI","og_description":"Actualitzat 7 abril 2020 CORONAVIRUS \/ COVID-19: RECOMANACIONS D&#8217;ACTUACI\u00d3 PER A EMPLEATS. Actuar con serenidad y sin alarmismos innecesarios, pero con aplicaci\u00f3n del\u00a0PRINCIPIO DE PRUDENCIA. COVID-19 es la enfermedad que genera coronavirus. Por ello\u00a0es m\u00e1s indicado hablar de COVID-19 en vez de \u201ccoronavirus\u201d. \u00bfComo empleado, qu\u00e9 puedo hacer para prevenir? Coronavirus \/ COVID-19. Conocerlo paraLlegir m\u00e9s","og_url":"https:\/\/www.risk21.com\/ca\/coronavirus-covid-19-recomendaciones-actuacion-empleados\/","og_site_name":"Risk XXI","article_published_time":"2020-03-14T00:30:05+00:00","article_modified_time":"2020-04-07T15:39:59+00:00","og_image":[{"width":644,"height":303,"url":"https:\/\/www.risk21.com\/wp-content\/uploads\/2020\/03\/coronavirus_oficinistas-con-mascarilla.jpg","type":"image\/jpeg"}],"author":"Risk XXI - Comunicacion","twitter_card":"summary_large_image","twitter_misc":{"Escrit per":"Risk XXI - Comunicacion","Temps estimat de lectura":"5 minuts"},"schema":{"@context":"https:\/\/schema.org","@graph":[{"@type":"WebPage","@id":"https:\/\/www.risk21.com\/ca\/coronavirus-covid-19-recomendaciones-actuacion-empleados\/","url":"https:\/\/www.risk21.com\/ca\/coronavirus-covid-19-recomendaciones-actuacion-empleados\/","name":"CORONAVIRUS \/ COVID-19: RECOMANACIONS D'ACTUACI\u00d3 PER A EMPLEATS. - Risk XXI","isPartOf":{"@id":"https:\/\/www.risk21.com\/#website"},"primaryImageOfPage":{"@id":"https:\/\/www.risk21.com\/ca\/coronavirus-covid-19-recomendaciones-actuacion-empleados\/#primaryimage"},"image":{"@id":"https:\/\/www.risk21.com\/ca\/coronavirus-covid-19-recomendaciones-actuacion-empleados\/#primaryimage"},"thumbnailUrl":"https:\/\/www.risk21.com\/wp-content\/uploads\/2020\/03\/coronavirus_oficinistas-con-mascarilla.jpg","datePublished":"2020-03-14T00:30:05+00:00","dateModified":"2020-04-07T15:39:59+00:00","author":{"@id":"https:\/\/www.risk21.com\/#\/schema\/person\/541ded27b075c85a124af6989fc72b1d"},"breadcrumb":{"@id":"https:\/\/www.risk21.com\/ca\/coronavirus-covid-19-recomendaciones-actuacion-empleados\/#breadcrumb"},"inLanguage":"ca","potentialAction":[{"@type":"ReadAction","target":["https:\/\/www.risk21.com\/ca\/coronavirus-covid-19-recomendaciones-actuacion-empleados\/"]}]},{"@type":"ImageObject","inLanguage":"ca","@id":"https:\/\/www.risk21.com\/ca\/coronavirus-covid-19-recomendaciones-actuacion-empleados\/#primaryimage","url":"https:\/\/www.risk21.com\/wp-content\/uploads\/2020\/03\/coronavirus_oficinistas-con-mascarilla.jpg","contentUrl":"https:\/\/www.risk21.com\/wp-content\/uploads\/2020\/03\/coronavirus_oficinistas-con-mascarilla.jpg","width":644,"height":303},{"@type":"BreadcrumbList","@id":"https:\/\/www.risk21.com\/ca\/coronavirus-covid-19-recomendaciones-actuacion-empleados\/#breadcrumb","itemListElement":[{"@type":"ListItem","position":1,"name":"Portada","item":"https:\/\/www.risk21.com\/ca\/"},{"@type":"ListItem","position":2,"name":"CORONAVIRUS \/ COVID-19: RECOMANACIONS D&#8217;ACTUACI\u00d3 PER A EMPLEATS."}]},{"@type":"WebSite","@id":"https:\/\/www.risk21.com\/#website","url":"https:\/\/www.risk21.com\/","name":"Risk XXI","description":"Prl &amp; Services","potentialAction":[{"@type":"SearchAction","target":{"@type":"EntryPoint","urlTemplate":"https:\/\/www.risk21.com\/?s={search_term_string}"},"query-input":{"@type":"PropertyValueSpecification","valueRequired":true,"valueName":"search_term_string"}}],"inLanguage":"ca"},{"@type":"Person","@id":"https:\/\/www.risk21.com\/#\/schema\/person\/541ded27b075c85a124af6989fc72b1d","name":"Risk XXI - Comunicacion","url":"https:\/\/www.risk21.com\/ca\/author\/comunicacion\/"}]}},"_links":{"self":[{"href":"https:\/\/www.risk21.com\/ca\/wp-json\/wp\/v2\/posts\/10296","targetHints":{"allow":["GET"]}}],"collection":[{"href":"https:\/\/www.risk21.com\/ca\/wp-json\/wp\/v2\/posts"}],"about":[{"href":"https:\/\/www.risk21.com\/ca\/wp-json\/wp\/v2\/types\/post"}],"author":[{"embeddable":true,"href":"https:\/\/www.risk21.com\/ca\/wp-json\/wp\/v2\/users\/3"}],"replies":[{"embeddable":true,"href":"https:\/\/www.risk21.com\/ca\/wp-json\/wp\/v2\/comments?post=10296"}],"version-history":[{"count":5,"href":"https:\/\/www.risk21.com\/ca\/wp-json\/wp\/v2\/posts\/10296\/revisions"}],"predecessor-version":[{"id":10602,"href":"https:\/\/www.risk21.com\/ca\/wp-json\/wp\/v2\/posts\/10296\/revisions\/10602"}],"wp:featuredmedia":[{"embeddable":true,"href":"https:\/\/www.risk21.com\/ca\/wp-json\/wp\/v2\/media\/10283"}],"wp:attachment":[{"href":"https:\/\/www.risk21.com\/ca\/wp-json\/wp\/v2\/media?parent=10296"}],"wp:term":[{"taxonomy":"category","embeddable":true,"href":"https:\/\/www.risk21.com\/ca\/wp-json\/wp\/v2\/categories?post=10296"},{"taxonomy":"post_tag","embeddable":true,"href":"https:\/\/www.risk21.com\/ca\/wp-json\/wp\/v2\/tags?post=10296"}],"curies":[{"name":"wp","href":"https:\/\/api.w.org\/{rel}","templated":true}]}}